{"id":96915,"date":"2020-01-31T05:03:45","date_gmt":"2020-01-31T08:03:45","guid":{"rendered":"http:\/\/www.eltrabajo.cl\/portal\/?p=96915"},"modified":"2020-01-30T23:06:06","modified_gmt":"2020-01-31T02:06:06","slug":"parroco-de-la-catedral-sacerdote-ricardo-cortes-piffaut-renuncia-al-sacerdocio","status":"publish","type":"post","link":"https:\/\/eltrabajo.cl\/portal\/parroco-de-la-catedral-sacerdote-ricardo-cortes-piffaut-renuncia-al-sacerdocio\/","title":{"rendered":"P\u00e1rroco de la Catedral, sacerdote Ricardo Cort\u00e9s Piffaut, renuncia al sacerdocio"},"content":{"rendered":"<p>Fue a trav\u00e9s de una misiva que el Obispado de San Felipe dio a conocer la que calificaron como una <em>\u201ctriste noticia\u201d,<\/em> y que tiene relaci\u00f3n con que despu\u00e9s de un proceso de discernimiento de m\u00e1s o menos dos a\u00f1os, el sacerdote y p\u00e1rroco de la Catedral de San Felipe, <strong>Ricardo Cort\u00e9s Piffaut<\/strong>, decidi\u00f3 dejar el ministerio sacerdotal. Su \u00faltima misa la celebr\u00f3 el domingo reci\u00e9n pasado.<\/p>\n<p>En la misiva dicen estar muy agradecidos de todos los servicios prestados a la iglesia durante los 29 a\u00f1os como vicario de la Catedral, p\u00e1rroco de San Esteban, rector del Seminario Mayor de la Sant\u00edsima Trinidad, Vicario de Pastoral y p\u00e1rroco de la Catedral de San Felipe.<\/p>\n<p>A continuaci\u00f3n le dejamos la misiva escrita por la di\u00f3cesis de San Felipe y firmada por P. Roberto Gilbo, C.S.C. Vicario General:<\/p>\n<p><em>\u201cEstimados hermanos y hermanas: <\/em><\/p>\n<p><em>Lamentablemente es una triste noticia la que les tengo que comunicar. Despu\u00e9s de un largo proceso de discernimiento \u2013m\u00e1s de dos a\u00f1os\u2013 Ricardo Cort\u00e9s Piffaut, que ha sido el p\u00e1rroco de la Catedral de San Felipe durante los \u00faltimos siete a\u00f1os, ha decidido dejar el ministerio sacerdotal. Celebr\u00f3 su \u00faltima misa en la Catedral el domingo reci\u00e9n pasado. <\/em><\/p>\n<p><em>En la Di\u00f3cesis de San Felipe estamos sumamente agradecidos a Ricardo por todos los servicios que ha prestado a esta iglesia particular durante los casi 29 a\u00f1os que ejerci\u00f3 el ministerio entre nosotros: vicario de la Catedral, p\u00e1rroco de San Esteban, rector del Seminario Mayor de la Sant\u00edsima Trinidad, Vicario de Pastoral y p\u00e1rroco de la Catedral de San Felipe. <\/em><\/p>\n<p><em>Sin duda, echaremos de menos su presencia y sus acertadas reflexiones en nuestros encuentros del presbiterio y en las reuniones del Consejo de Gobierno de la di\u00f3cesis. <\/em><\/p>\n<p><em>No nos queda sino desearle paz y tranquilidad en esta nueva etapa de su vida que emprende y asegurarle que nuestras oraciones le acompa\u00f1ar\u00e1n. <\/em><\/p>\n<p><em>Les encomiendo a Ricardo y a todos los miembros del clero de nuestra di\u00f3cesis a sus oraciones, especialmente durante la primera semana del mes de marzo cuando haremos nuestro retiro espiritual anual. <\/em><\/p>\n<p><em>Sin otro particular, les saluda fraternalmente en el Se\u00f1or.<\/em><\/p>\n<p><em>Roberto Gilbo, C.S.C.<\/em><\/p>\n<p><em>Vicario General <\/em><\/p>\n<p>&nbsp;<\/p>\n<figure id=\"attachment_96916\" aria-describedby=\"caption-attachment-96916\" style=\"width: 580px\" class=\"wp-caption alignnone\"><img data-recalc-dims=\"1\" loading=\"lazy\" decoding=\"async\" class=\"size-full wp-image-96916\" src=\"https:\/\/i0.wp.com\/www.eltrabajo.cl\/portal\/wp-content\/uploads\/2020\/01\/Cura-cortez-piffaut.jpg?resize=580%2C358\" alt=\"Ricardo Cort\u00e9s Piffaut, ex p\u00e1rroco de la Catedral de San Felipe.\" width=\"580\" height=\"358\" srcset=\"https:\/\/i0.wp.com\/eltrabajo.cl\/portal\/wp-content\/uploads\/2020\/01\/Cura-cortez-piffaut.jpg?w=580&amp;ssl=1 580w, https:\/\/i0.wp.com\/eltrabajo.cl\/portal\/wp-content\/uploads\/2020\/01\/Cura-cortez-piffaut.jpg?resize=300%2C185&amp;ssl=1 300w, https:\/\/i0.wp.com\/eltrabajo.cl\/portal\/wp-content\/uploads\/2020\/01\/Cura-cortez-piffaut.jpg?resize=200%2C123&amp;ssl=1 200w, https:\/\/i0.wp.com\/eltrabajo.cl\/portal\/wp-content\/uploads\/2020\/01\/Cura-cortez-piffaut.jpg?resize=243%2C150&amp;ssl=1 243w, https:\/\/i0.wp.com\/eltrabajo.cl\/portal\/wp-content\/uploads\/2020\/01\/Cura-cortez-piffaut.jpg?resize=400%2C247&amp;ssl=1 400w\" sizes=\"auto, (max-width: 580px) 100vw, 580px\" \/><figcaption id=\"caption-attachment-96916\" class=\"wp-caption-text\">Ricardo Cort\u00e9s Piffaut, ex p\u00e1rroco de la Catedral de San Felipe.<\/figcaption><\/figure>\n","protected":false},"excerpt":{"rendered":"<p>Fue a trav\u00e9s de una misiva que el Obispado de San Felipe dio a conocer la que calificaron como una \u201ctriste noticia\u201d, y que tiene relaci\u00f3n con que despu\u00e9s de un proceso&#8230;<\/p>\n","protected":false},"author":482,"featured_media":96916,"comment_status":"open","ping_status":"open","sticky":false,"template":"","format":"standard","meta":{"advanced_seo_description":"","jetpack_seo_html_title":"","jetpack_seo_noindex":false,"_jetpack_memberships_contains_paid_content":false,"footnotes":""},"categories":[15],"tags":[],"class_list":["post-96915","post","type-post","status-publish","format-standard","has-post-thumbnail","hentry","category-comunidad"],"jetpack_featured_media_url":"https:\/\/i0.wp.com\/eltrabajo.cl\/portal\/wp-content\/uploads\/2020\/01\/Cura-cortez-piffaut.jpg?fit=580%2C358&ssl=1","jetpack_sharing_enabled":true,"jetpack_likes_enabled":true,"jetpack-related-posts":[],"_links":{"self":[{"href":"https:\/\/eltrabajo.cl\/portal\/wp-json\/wp\/v2\/posts\/96915","targetHints":{"allow":["GET"]}}],"collection":[{"href":"https:\/\/eltrabajo.cl\/portal\/wp-json\/wp\/v2\/posts"}],"about":[{"href":"https:\/\/eltrabajo.cl\/portal\/wp-json\/wp\/v2\/types\/post"}],"author":[{"embeddable":true,"href":"https:\/\/eltrabajo.cl\/portal\/wp-json\/wp\/v2\/users\/482"}],"replies":[{"embeddable":true,"href":"https:\/\/eltrabajo.cl\/portal\/wp-json\/wp\/v2\/comments?post=96915"}],"version-history":[{"count":0,"href":"https:\/\/eltrabajo.cl\/portal\/wp-json\/wp\/v2\/posts\/96915\/revisions"}],"wp:featuredmedia":[{"embeddable":true,"href":"https:\/\/eltrabajo.cl\/portal\/wp-json\/wp\/v2\/media\/96916"}],"wp:attachment":[{"href":"https:\/\/eltrabajo.cl\/portal\/wp-json\/wp\/v2\/media?parent=96915"}],"wp:term":[{"taxonomy":"category","embeddable":true,"href":"https:\/\/eltrabajo.cl\/portal\/wp-json\/wp\/v2\/categories?post=96915"},{"taxonomy":"post_tag","embeddable":true,"href":"https:\/\/eltrabajo.cl\/portal\/wp-json\/wp\/v2\/tags?post=96915"}],"curies":[{"name":"wp","href":"https:\/\/api.w.org\/{rel}","templated":true}]}}