{"id":96921,"date":"2020-01-31T05:05:34","date_gmt":"2020-01-31T08:05:34","guid":{"rendered":"http:\/\/www.eltrabajo.cl\/portal\/?p=96921"},"modified":"2020-01-30T23:10:04","modified_gmt":"2020-01-31T02:10:04","slug":"el-proximo-miercoles-parte-esperado-juicio-por-homicidio-de-pedro-vergara-lobos","status":"publish","type":"post","link":"https:\/\/eltrabajo.cl\/portal\/el-proximo-miercoles-parte-esperado-juicio-por-homicidio-de-pedro-vergara-lobos\/","title":{"rendered":"El pr\u00f3ximo mi\u00e9rcoles parte esperado juicio por homicidio de Pedro Vergara Lobos"},"content":{"rendered":"<p><span style=\"color: #ff0000;\"><strong>A un a\u00f1o del brutal crimen ocurrido en Catemu:<\/strong><\/span><\/p>\n<ul>\n<li><strong>\u2018El Peruano\u2019 y \u2018El Gaviota\u2019 ser\u00e1n juzgados en el Tribunal Oral en Lo Penal de San Felipe. <\/strong><\/li>\n<\/ul>\n<p>Este mi\u00e9rcoles 5 de febrero se iniciar\u00eda el juicio en el Tribunal Oral en Lo Penal de San Felipe, por el robo con homicidio de <strong>Pedro Vergara Lobos<\/strong>, de 36 a\u00f1os de edad, adem\u00e1s del robo con violencia e intimidaci\u00f3n a una transportista de locomoci\u00f3n colectiva, ocurrido en el sector La Colonia de Catemu.<\/p>\n<p>En este proceso judicial ser\u00e1n procesados <strong>Bryan Jeremy Cavieres Vera<\/strong>, alias<strong> \u2018El Peruano\u2019<\/strong>, y<strong> Gabriel Gonz\u00e1lez Guerra<\/strong>, apodado<strong> \u2018El Gaviota\u2019<\/strong>, quienes el 25 de enero de 2019, premunidos de un arma de fuego, habr\u00edan asaltado a la conductora de un colectivo, de 61 a\u00f1os de edad, de recorrido Catemu \u2013 El Cobre.<\/p>\n<p>En el sector de La Colonia, Pedro Vergara Lobos habr\u00eda intentado repeler el asalto a la transportista, a quien conoc\u00eda, siendo asesinado por uno de estos delincuentes que dispar\u00f3 el arma de fuego directamente a la cabeza del joven padre, el cual falleci\u00f3 a los pocos minutos.<\/p>\n<p>Durante el juicio se tiene contemplado el testimonio de la viuda de Pedro Vergara Lobos, <strong>Macarena Salgado<\/strong>, para exponer a los jueces del Tribunal Oral en Lo Penal de San Felipe, el mal causado a la familia tras la irreparable p\u00e9rdida de su ser querido al cumplirse ya un a\u00f1o de este brutal crimen.<\/p>\n<p>\u201c<em>Estamos todos esperando lo m\u00e1s favorable para nosotros.\u00a0 De la familia quien tiene que declarar soy yo, porque soy una de las v\u00edctimas. Estamos esperando que llegue el d\u00eda y salga todo bien y se haga justicia como todos esperamos.\u00a0 Nos da la tranquilidad de que se va a hacer justicia, conf\u00edo por todo lo que nos ha pasado durante el a\u00f1o. Igual uno se va enterando de m\u00e1s detalles de lo que va sucediendo del caso, y he encontrado que se ha trabajado r\u00e1pido porque pillaron a estos tipos en la misma semana que a Pedro lo mataron.\u00a0 Hay veces en que algunos casos demoran m\u00e1s tiempo.\u00a0 A la vez me da miedo de la reacci\u00f3n que pueda tener (en el juicio), pero de volver a verlos, de saber que ellos (los imputados) fueron los que mataron a mi marido, de volver a revivir nuevamente lo mismo\u201d,<\/em> afirm\u00f3 a <strong>Diario El Trabajo<\/strong>, Macarena Salgado, viuda de Pedro Vergara Lobos.<\/p>\n<p><strong>Pablo Salinas Sald\u00edas<\/strong><\/p>\n<p>&nbsp;<\/p>\n<figure id=\"attachment_96922\" aria-describedby=\"caption-attachment-96922\" style=\"width: 580px\" class=\"wp-caption alignnone\"><img data-recalc-dims=\"1\" loading=\"lazy\" decoding=\"async\" class=\"size-full wp-image-96922\" src=\"https:\/\/i0.wp.com\/www.eltrabajo.cl\/portal\/wp-content\/uploads\/2020\/01\/PEDRO-VERGARA-LOBOS1-1.jpg?resize=580%2C359\" alt=\"Pedro Vergara Lobos era padre de familia y ten\u00eda 36 a\u00f1os de edad al momento de ser asesinado en la comuna de Catemu.\" width=\"580\" height=\"359\" srcset=\"https:\/\/i0.wp.com\/eltrabajo.cl\/portal\/wp-content\/uploads\/2020\/01\/PEDRO-VERGARA-LOBOS1-1.jpg?w=580&amp;ssl=1 580w, https:\/\/i0.wp.com\/eltrabajo.cl\/portal\/wp-content\/uploads\/2020\/01\/PEDRO-VERGARA-LOBOS1-1.jpg?resize=300%2C186&amp;ssl=1 300w, https:\/\/i0.wp.com\/eltrabajo.cl\/portal\/wp-content\/uploads\/2020\/01\/PEDRO-VERGARA-LOBOS1-1.jpg?resize=200%2C124&amp;ssl=1 200w, https:\/\/i0.wp.com\/eltrabajo.cl\/portal\/wp-content\/uploads\/2020\/01\/PEDRO-VERGARA-LOBOS1-1.jpg?resize=242%2C150&amp;ssl=1 242w, https:\/\/i0.wp.com\/eltrabajo.cl\/portal\/wp-content\/uploads\/2020\/01\/PEDRO-VERGARA-LOBOS1-1.jpg?resize=400%2C248&amp;ssl=1 400w\" sizes=\"auto, (max-width: 580px) 100vw, 580px\" \/><figcaption id=\"caption-attachment-96922\" class=\"wp-caption-text\">Pedro Vergara Lobos era padre de familia y ten\u00eda 36 a\u00f1os de edad al momento de ser asesinado en la comuna de Catemu.<\/figcaption><\/figure>\n","protected":false},"excerpt":{"rendered":"<p>A un a\u00f1o del brutal crimen ocurrido en Catemu: \u2018El Peruano\u2019 y \u2018El Gaviota\u2019 ser\u00e1n juzgados en el Tribunal Oral en Lo Penal de San Felipe. Este mi\u00e9rcoles 5 de febrero se&#8230;<\/p>\n","protected":false},"author":482,"featured_media":96922,"comment_status":"open","ping_status":"open","sticky":false,"template":"","format":"standard","meta":{"advanced_seo_description":"","jetpack_seo_html_title":"","jetpack_seo_noindex":false,"_jetpack_memberships_contains_paid_content":false,"footnotes":""},"categories":[97],"tags":[],"class_list":["post-96921","post","type-post","status-publish","format-standard","has-post-thumbnail","hentry","category-tribunales"],"jetpack_featured_media_url":"https:\/\/i0.wp.com\/eltrabajo.cl\/portal\/wp-content\/uploads\/2020\/01\/PEDRO-VERGARA-LOBOS1-1.jpg?fit=580%2C359&ssl=1","jetpack_sharing_enabled":true,"jetpack_likes_enabled":true,"jetpack-related-posts":[],"_links":{"self":[{"href":"https:\/\/eltrabajo.cl\/portal\/wp-json\/wp\/v2\/posts\/96921","targetHints":{"allow":["GET"]}}],"collection":[{"href":"https:\/\/eltrabajo.cl\/portal\/wp-json\/wp\/v2\/posts"}],"about":[{"href":"https:\/\/eltrabajo.cl\/portal\/wp-json\/wp\/v2\/types\/post"}],"author":[{"embeddable":true,"href":"https:\/\/eltrabajo.cl\/portal\/wp-json\/wp\/v2\/users\/482"}],"replies":[{"embeddable":true,"href":"https:\/\/eltrabajo.cl\/portal\/wp-json\/wp\/v2\/comments?post=96921"}],"version-history":[{"count":0,"href":"https:\/\/eltrabajo.cl\/portal\/wp-json\/wp\/v2\/posts\/96921\/revisions"}],"wp:featuredmedia":[{"embeddable":true,"href":"https:\/\/eltrabajo.cl\/portal\/wp-json\/wp\/v2\/media\/96922"}],"wp:attachment":[{"href":"https:\/\/eltrabajo.cl\/portal\/wp-json\/wp\/v2\/media?parent=96921"}],"wp:term":[{"taxonomy":"category","embeddable":true,"href":"https:\/\/eltrabajo.cl\/portal\/wp-json\/wp\/v2\/categories?post=96921"},{"taxonomy":"post_tag","embeddable":true,"href":"https:\/\/eltrabajo.cl\/portal\/wp-json\/wp\/v2\/tags?post=96921"}],"curies":[{"name":"wp","href":"https:\/\/api.w.org\/{rel}","templated":true}]}}