{"id":96924,"date":"2020-01-31T05:07:15","date_gmt":"2020-01-31T08:07:15","guid":{"rendered":"http:\/\/www.eltrabajo.cl\/portal\/?p=96924"},"modified":"2020-01-31T02:27:25","modified_gmt":"2020-01-31T05:27:25","slug":"compra-colectivo-en-11-millones-pero-al-registrarlo-descubre-que-era-clonado","status":"publish","type":"post","link":"https:\/\/eltrabajo.cl\/portal\/compra-colectivo-en-11-millones-pero-al-registrarlo-descubre-que-era-clonado\/","title":{"rendered":"Compra colectivo en $11 millones pero al registrarlo descubre que era \u2018clonado\u2019"},"content":{"rendered":"<p><span style=\"color: #ff0000;\"><strong>Le decomisaron el auto hasta que se aclare su caso:<\/strong><\/span><\/p>\n<p>En un tremendo l\u00edo lleg\u00f3 a meterse aparentemente <strong><em>Abel Valencia<\/em><\/strong>, un vecino de San Felipe luego de comprar un autom\u00f3vil Hyundai Accent 2008 en la suma de $11.000.000 (once millones de pesos) a quien se identific\u00f3 como el poseedor de una Carta Poder para hacer tal transacci\u00f3n. El auto, al ser un colectivo, tiene que tener todos sus papeles en regla, incluyendo sus cartones de recorrido, mismos que no los ten\u00eda, por lo que Valencia se dirigi\u00f3 ayer jueves a la L\u00ednea 8, en donde el secretario de esa l\u00ednea, Fernando Leones, no encontr\u00f3 registro del veh\u00edculo, hasta que minutos despu\u00e9s en la l\u00ednea 1, al llegar el interesado a pedir los cartones de recorrido, se top\u00f3 con la may\u00fascula sorpresa de que hab\u00eda comprado un colectivo con los registros clonados, ya que el auto original se encontraba en ese mismo lugar frente a sus ojos.<\/p>\n<p>&nbsp;<\/p>\n<p><span style=\"color: #ff0000;\"><strong>NO LO POD\u00cdA CREER<\/strong><\/span><\/p>\n<p>De inmediato el tesorero de L\u00ednea 1 colectivos de San Felipe, <strong><em>Jorge Aravena<\/em><\/strong>, inform\u00f3 a Carabineros de la situaci\u00f3n, \u00ab<em>lo que descubrimos es que un auto involucrado, o sea, a Luis Alberto Salgado le robaron sus documentos y con su carn\u00e9 de identidad han hecho una Carta Poder para poder vender los derechos de renovaci\u00f3n de su auto colectivo que est\u00e1 activo y trabajando, y se encontraron con que necesitaban sacar los cartones de recorrido para poder darlos de baja de l\u00ednea, y fue este jueves cuando al venir una persona a solicitar esos cartones de recorrido y carta de baja no se pudo hacer debido a que el auto original est\u00e1 trabajando en \u00f3ptimas condiciones y por ning\u00fan don Luis Salgado lo ha vendido, ya es la segunda oportunidad que pasa lo mismo con el mismo bandido <\/em>(\u2026) <em>aparentemente se podr\u00eda decir que la persona que compr\u00f3 este auto clonado pareciera ser inocente, pero resulta que \u00e9l est\u00e1 consciente que no contaba con los cartones de recorrido, entonces para ese tr\u00e1mite hay que hacerlo en Seremi con sus cartones de recorrido, en este caso que lo que pareciera m\u00e1s bien ser es ingenuidad de quien compr\u00f3 ese veh\u00edculo clonado, porque se supone que cuando compramos un colectivo, \u00e9ste tiene que tener todos los papeles originales. En este caso cuando vino el due\u00f1o a solicitar la carta de baja, se encontr\u00f3 con la coincidencia de que el auto original estaba ac\u00e1 en nuestra sede, es un Hyundai Accent 2008<\/em>\u00bb, inform\u00f3 Aravena.<\/p>\n<p>&nbsp;<\/p>\n<p><span style=\"color: #ff0000;\"><strong>\u00abME ESTAFARON\u00bb<\/strong><\/span><\/p>\n<p><strong>Diario El Trabajo<\/strong> habl\u00f3 en exclusiva con <strong><em>Abel Valencia<\/em><\/strong>, due\u00f1o del taxi clonado, \u00ab<em>yo le\u00ed en Diario El Observador un anuncio en que se vend\u00eda un auto en $12 millones con sus permisos para trabajar, la oferta me pareci\u00f3 tentadora y me comuniqu\u00e9 y luego de renegociar el precio lo pactamos en $11 millones. La compra la hice en una notar\u00eda en La Calera, all\u00e1 mismo hice el pago en un banco y recib\u00ed el auto, ya en San Felipe proced\u00ed a solicitar en la l\u00ednea a la que estuviera inscrito que me lo dieran de baja para trabajarlo yo, y me llevo la sorpresa de que mi auto no es original, es clonado y ahora estoy en este problema<\/em>\u00bb, dijo Valencia.<\/p>\n<p>Por su parte el secretario de L\u00ednea 8 <strong>Fernando Leones<\/strong>, explic\u00f3 a nuestro medio que \u00ab<em>el caballero lleg\u00f3 a nuestra L\u00ednea, present\u00f3 sus documentos para ver si los puede registrar y al ver que no cumple con la documentaci\u00f3n necesaria procedimos a revisar los documentos para saber a qui\u00e9n pertenece y \u00e9l nos dijo que pertenece a una l\u00ednea de San Felipe, por lo que comenzamos a investigar fuimos a L\u00ednea 12, luego llegamos a la L\u00ednea 1 y resulta ser que hay constancia de que el auto con esas referencias est\u00e1 trabajando, descubrimos en ese momento que se trataba de autos clonados, por lo que llamamos a Carabineros y ahora los dos autos tanto el original como el clonado est\u00e1n detenidos hasta que el fiscal decida<\/em>\u00bb, coment\u00f3 Leones. Al final del d\u00eda no hubo detenidos pero el auto irregular qued\u00f3 decomisado.<\/p>\n<p><strong>Roberto Gonz\u00e1lez Short<\/strong><\/p>\n<p>&nbsp;<\/p>\n<figure id=\"attachment_96925\" aria-describedby=\"caption-attachment-96925\" style=\"width: 580px\" class=\"wp-caption alignnone\"><img data-recalc-dims=\"1\" loading=\"lazy\" decoding=\"async\" class=\"size-full wp-image-96925\" src=\"https:\/\/i0.wp.com\/www.eltrabajo.cl\/portal\/wp-content\/uploads\/2020\/01\/Clonado1.jpg?resize=580%2C358\" alt=\"\u00bfCU\u00c1NTOS M\u00c1S HABR\u00c1N?- Estos son los dos veh\u00edculos del problema, a la izquierda vemos el clonado, y a la derecha el original.\" width=\"580\" height=\"358\" srcset=\"https:\/\/i0.wp.com\/eltrabajo.cl\/portal\/wp-content\/uploads\/2020\/01\/Clonado1.jpg?w=580&amp;ssl=1 580w, https:\/\/i0.wp.com\/eltrabajo.cl\/portal\/wp-content\/uploads\/2020\/01\/Clonado1.jpg?resize=300%2C185&amp;ssl=1 300w, https:\/\/i0.wp.com\/eltrabajo.cl\/portal\/wp-content\/uploads\/2020\/01\/Clonado1.jpg?resize=200%2C123&amp;ssl=1 200w, https:\/\/i0.wp.com\/eltrabajo.cl\/portal\/wp-content\/uploads\/2020\/01\/Clonado1.jpg?resize=243%2C150&amp;ssl=1 243w, https:\/\/i0.wp.com\/eltrabajo.cl\/portal\/wp-content\/uploads\/2020\/01\/Clonado1.jpg?resize=400%2C247&amp;ssl=1 400w\" sizes=\"auto, (max-width: 580px) 100vw, 580px\" \/><figcaption id=\"caption-attachment-96925\" class=\"wp-caption-text\">\u00bfCU\u00c1NTOS M\u00c1S HABR\u00c1N?- Estos son los dos veh\u00edculos del problema, a la izquierda vemos el clonado, y a la derecha el original.<\/figcaption><\/figure>\n<p>&nbsp;<\/p>\n<figure id=\"attachment_96926\" aria-describedby=\"caption-attachment-96926\" style=\"width: 580px\" class=\"wp-caption alignnone\"><img data-recalc-dims=\"1\" loading=\"lazy\" decoding=\"async\" class=\"size-full wp-image-96926\" src=\"https:\/\/i0.wp.com\/www.eltrabajo.cl\/portal\/wp-content\/uploads\/2020\/01\/Clonado2.jpg?resize=580%2C360\" alt=\"TREMENDA SORPRESA.- Carabineros se hizo cargo de los veh\u00edculos clonados y tambi\u00e9n del desventurado due\u00f1o de uno.\" width=\"580\" height=\"360\" srcset=\"https:\/\/i0.wp.com\/eltrabajo.cl\/portal\/wp-content\/uploads\/2020\/01\/Clonado2.jpg?w=580&amp;ssl=1 580w, https:\/\/i0.wp.com\/eltrabajo.cl\/portal\/wp-content\/uploads\/2020\/01\/Clonado2.jpg?resize=300%2C186&amp;ssl=1 300w, https:\/\/i0.wp.com\/eltrabajo.cl\/portal\/wp-content\/uploads\/2020\/01\/Clonado2.jpg?resize=200%2C124&amp;ssl=1 200w, https:\/\/i0.wp.com\/eltrabajo.cl\/portal\/wp-content\/uploads\/2020\/01\/Clonado2.jpg?resize=242%2C150&amp;ssl=1 242w, https:\/\/i0.wp.com\/eltrabajo.cl\/portal\/wp-content\/uploads\/2020\/01\/Clonado2.jpg?resize=400%2C248&amp;ssl=1 400w\" sizes=\"auto, (max-width: 580px) 100vw, 580px\" \/><figcaption id=\"caption-attachment-96926\" class=\"wp-caption-text\">TREMENDA SORPRESA.- Carabineros se hizo cargo de los veh\u00edculos clonados y tambi\u00e9n del desventurado due\u00f1o de uno.<\/figcaption><\/figure>\n<p>&nbsp;<\/p>\n<figure id=\"attachment_96927\" aria-describedby=\"caption-attachment-96927\" style=\"width: 579px\" class=\"wp-caption alignnone\"><img data-recalc-dims=\"1\" loading=\"lazy\" decoding=\"async\" class=\"size-full wp-image-96927\" src=\"https:\/\/i0.wp.com\/www.eltrabajo.cl\/portal\/wp-content\/uploads\/2020\/01\/Clonado3.jpg?resize=579%2C432\" alt=\"LA LETRA CHICA.- Esta gr\u00e1fica muestra las diferencias entre ambos registros, el comprador no le dio importancia al detalle y ahora est\u00e1 metido en un l\u00edo.\" width=\"579\" height=\"432\" srcset=\"https:\/\/i0.wp.com\/eltrabajo.cl\/portal\/wp-content\/uploads\/2020\/01\/Clonado3.jpg?w=579&amp;ssl=1 579w, https:\/\/i0.wp.com\/eltrabajo.cl\/portal\/wp-content\/uploads\/2020\/01\/Clonado3.jpg?resize=300%2C224&amp;ssl=1 300w, https:\/\/i0.wp.com\/eltrabajo.cl\/portal\/wp-content\/uploads\/2020\/01\/Clonado3.jpg?resize=200%2C150&amp;ssl=1 200w, https:\/\/i0.wp.com\/eltrabajo.cl\/portal\/wp-content\/uploads\/2020\/01\/Clonado3.jpg?resize=201%2C150&amp;ssl=1 201w, https:\/\/i0.wp.com\/eltrabajo.cl\/portal\/wp-content\/uploads\/2020\/01\/Clonado3.jpg?resize=400%2C298&amp;ssl=1 400w\" sizes=\"auto, (max-width: 579px) 100vw, 579px\" \/><figcaption id=\"caption-attachment-96927\" class=\"wp-caption-text\">LA LETRA CHICA.- Esta gr\u00e1fica muestra las diferencias entre ambos registros, el comprador no le dio importancia al detalle y ahora est\u00e1 metido en un l\u00edo.<\/figcaption><\/figure>\n<p>&nbsp;<\/p>\n<figure id=\"attachment_96930\" aria-describedby=\"caption-attachment-96930\" style=\"width: 580px\" class=\"wp-caption alignnone\"><img data-recalc-dims=\"1\" loading=\"lazy\" decoding=\"async\" class=\"size-full wp-image-96930\" src=\"https:\/\/i0.wp.com\/www.eltrabajo.cl\/portal\/wp-content\/uploads\/2020\/01\/Clonado_Jorge-Aravena.jpg?resize=580%2C600\" alt=\"Tesorero de L\u00ednea 1 colectivos de San Felipe, Jorge Aravena.\" width=\"580\" height=\"600\" srcset=\"https:\/\/i0.wp.com\/eltrabajo.cl\/portal\/wp-content\/uploads\/2020\/01\/Clonado_Jorge-Aravena.jpg?w=580&amp;ssl=1 580w, https:\/\/i0.wp.com\/eltrabajo.cl\/portal\/wp-content\/uploads\/2020\/01\/Clonado_Jorge-Aravena.jpg?resize=290%2C300&amp;ssl=1 290w, https:\/\/i0.wp.com\/eltrabajo.cl\/portal\/wp-content\/uploads\/2020\/01\/Clonado_Jorge-Aravena.jpg?resize=145%2C150&amp;ssl=1 145w, https:\/\/i0.wp.com\/eltrabajo.cl\/portal\/wp-content\/uploads\/2020\/01\/Clonado_Jorge-Aravena.jpg?resize=400%2C414&amp;ssl=1 400w\" sizes=\"auto, (max-width: 580px) 100vw, 580px\" \/><figcaption id=\"caption-attachment-96930\" class=\"wp-caption-text\">Tesorero de L\u00ednea 1 colectivos de San Felipe, Jorge Aravena.<\/figcaption><\/figure>\n<p>&nbsp;<\/p>\n<figure id=\"attachment_96929\" aria-describedby=\"caption-attachment-96929\" style=\"width: 580px\" class=\"wp-caption alignnone\"><img data-recalc-dims=\"1\" loading=\"lazy\" decoding=\"async\" class=\"size-full wp-image-96929\" src=\"https:\/\/i0.wp.com\/www.eltrabajo.cl\/portal\/wp-content\/uploads\/2020\/01\/Clonado_Fernando-Leones.jpg?resize=580%2C598\" alt=\"Secretario de L\u00ednea 8, Fernando Leones.\" width=\"580\" height=\"598\" srcset=\"https:\/\/i0.wp.com\/eltrabajo.cl\/portal\/wp-content\/uploads\/2020\/01\/Clonado_Fernando-Leones.jpg?w=580&amp;ssl=1 580w, https:\/\/i0.wp.com\/eltrabajo.cl\/portal\/wp-content\/uploads\/2020\/01\/Clonado_Fernando-Leones.jpg?resize=291%2C300&amp;ssl=1 291w, https:\/\/i0.wp.com\/eltrabajo.cl\/portal\/wp-content\/uploads\/2020\/01\/Clonado_Fernando-Leones.jpg?resize=145%2C150&amp;ssl=1 145w, https:\/\/i0.wp.com\/eltrabajo.cl\/portal\/wp-content\/uploads\/2020\/01\/Clonado_Fernando-Leones.jpg?resize=400%2C412&amp;ssl=1 400w\" sizes=\"auto, (max-width: 580px) 100vw, 580px\" \/><figcaption id=\"caption-attachment-96929\" class=\"wp-caption-text\">Secretario de L\u00ednea 8, Fernando Leones.<\/figcaption><\/figure>\n<p>&nbsp;<\/p>\n<figure id=\"attachment_96928\" aria-describedby=\"caption-attachment-96928\" style=\"width: 579px\" class=\"wp-caption alignnone\"><img data-recalc-dims=\"1\" loading=\"lazy\" decoding=\"async\" class=\"size-full wp-image-96928\" src=\"https:\/\/i0.wp.com\/www.eltrabajo.cl\/portal\/wp-content\/uploads\/2020\/01\/Clonado_Abel-Valencia.jpg?resize=579%2C600\" alt=\"Abel Valencia, infortunado comprador de un veh\u00edculo con documentos adulterados.\" width=\"579\" height=\"600\" srcset=\"https:\/\/i0.wp.com\/eltrabajo.cl\/portal\/wp-content\/uploads\/2020\/01\/Clonado_Abel-Valencia.jpg?w=579&amp;ssl=1 579w, https:\/\/i0.wp.com\/eltrabajo.cl\/portal\/wp-content\/uploads\/2020\/01\/Clonado_Abel-Valencia.jpg?resize=290%2C300&amp;ssl=1 290w, https:\/\/i0.wp.com\/eltrabajo.cl\/portal\/wp-content\/uploads\/2020\/01\/Clonado_Abel-Valencia.jpg?resize=145%2C150&amp;ssl=1 145w, https:\/\/i0.wp.com\/eltrabajo.cl\/portal\/wp-content\/uploads\/2020\/01\/Clonado_Abel-Valencia.jpg?resize=400%2C415&amp;ssl=1 400w\" sizes=\"auto, (max-width: 579px) 100vw, 579px\" \/><figcaption id=\"caption-attachment-96928\" class=\"wp-caption-text\">Abel Valencia, infortunado comprador de un veh\u00edculo con documentos adulterados.<\/figcaption><\/figure>\n","protected":false},"excerpt":{"rendered":"<p>Le decomisaron el auto hasta que se aclare su caso: En un tremendo l\u00edo lleg\u00f3 a meterse aparentemente Abel Valencia, un vecino de San Felipe luego de comprar un autom\u00f3vil Hyundai Accent&#8230;<\/p>\n","protected":false},"author":482,"featured_media":96925,"comment_status":"open","ping_status":"open","sticky":false,"template":"","format":"standard","meta":{"advanced_seo_description":"","jetpack_seo_html_title":"","jetpack_seo_noindex":false,"_jetpack_memberships_contains_paid_content":false,"footnotes":""},"categories":[21],"tags":[],"class_list":["post-96924","post","type-post","status-publish","format-standard","has-post-thumbnail","hentry","category-policial"],"jetpack_featured_media_url":"https:\/\/i0.wp.com\/eltrabajo.cl\/portal\/wp-content\/uploads\/2020\/01\/Clonado1.jpg?fit=580%2C358&ssl=1","jetpack_sharing_enabled":true,"jetpack_likes_enabled":true,"jetpack-related-posts":[],"_links":{"self":[{"href":"https:\/\/eltrabajo.cl\/portal\/wp-json\/wp\/v2\/posts\/96924","targetHints":{"allow":["GET"]}}],"collection":[{"href":"https:\/\/eltrabajo.cl\/portal\/wp-json\/wp\/v2\/posts"}],"about":[{"href":"https:\/\/eltrabajo.cl\/portal\/wp-json\/wp\/v2\/types\/post"}],"author":[{"embeddable":true,"href":"https:\/\/eltrabajo.cl\/portal\/wp-json\/wp\/v2\/users\/482"}],"replies":[{"embeddable":true,"href":"https:\/\/eltrabajo.cl\/portal\/wp-json\/wp\/v2\/comments?post=96924"}],"version-history":[{"count":0,"href":"https:\/\/eltrabajo.cl\/portal\/wp-json\/wp\/v2\/posts\/96924\/revisions"}],"wp:featuredmedia":[{"embeddable":true,"href":"https:\/\/eltrabajo.cl\/portal\/wp-json\/wp\/v2\/media\/96925"}],"wp:attachment":[{"href":"https:\/\/eltrabajo.cl\/portal\/wp-json\/wp\/v2\/media?parent=96924"}],"wp:term":[{"taxonomy":"category","embeddable":true,"href":"https:\/\/eltrabajo.cl\/portal\/wp-json\/wp\/v2\/categories?post=96924"},{"taxonomy":"post_tag","embeddable":true,"href":"https:\/\/eltrabajo.cl\/portal\/wp-json\/wp\/v2\/tags?post=96924"}],"curies":[{"name":"wp","href":"https:\/\/api.w.org\/{rel}","templated":true}]}}