{"id":96947,"date":"2020-02-17T05:04:25","date_gmt":"2020-02-17T08:04:25","guid":{"rendered":"http:\/\/www.eltrabajo.cl\/portal\/?p=96947"},"modified":"2020-02-16T21:01:47","modified_gmt":"2020-02-17T00:01:47","slug":"dobles-de-famosos-cantaron-en-la-terraza-el-dia-de-los-enamorados","status":"publish","type":"post","link":"https:\/\/eltrabajo.cl\/portal\/dobles-de-famosos-cantaron-en-la-terraza-el-dia-de-los-enamorados\/","title":{"rendered":"Dobles de famosos cantaron en la terraza el D\u00eda de los Enamorados"},"content":{"rendered":"<p><span style=\"color: #ff0000;\"><strong>Thal\u00eda, Chayanne, Pedro Fern\u00e1ndez y Myriam Hern\u00e1ndez:<\/strong><\/span><\/p>\n<p>Este fin de semana cerca de 1.000 personas se dieron cita en la terraza de nuestra Plaza de Armas en San Felipe, para celebrar con alegr\u00eda en el marco del proyecto Carnaval del Crecimiento, San Felipe 2020, el <strong><em>D\u00eda de los Enamorados 2020<\/em><\/strong>, actividad desarrollada por el municipio sanfelipe\u00f1o que convoc\u00f3 a cuatro artistas musicales en escena.<\/p>\n<p>&nbsp;<\/p>\n<p><span style=\"color: #ff0000;\"><strong>LOS PROTAGONISTAS<\/strong><\/span><\/p>\n<p>En esta especial ocasi\u00f3n se trat\u00f3 de la actuaci\u00f3n de los dobles de <strong><em>Thal\u00eda<\/em><\/strong>, <strong><em>Chayanne<\/em><\/strong>, <strong><em>Pedro Fern\u00e1ndez<\/em><\/strong> y <strong><em>Myriam Hern\u00e1ndez<\/em><\/strong>, quienes lograron emocionar al p\u00fablico presente, especialmente a los enamorados que celebraron su d\u00eda en un ambiente de integraci\u00f3n, camarader\u00eda y respeto.<\/p>\n<p>A eso de las 20:30 horas comenz\u00f3 el espect\u00e1culo de <strong><em>B\u00e1rbara Flores<\/em><\/strong> con su Tributo a la reconocida artista nacional Myriam Hern\u00e1ndez, interpretando a canciones como <em>El hombre que yo amo<\/em>; <em>M\u00edo<\/em>; <em>Huele a peligro<\/em>; <em>Te pareces tanto a \u00e9l<\/em> y <em>La fuerza del amor<\/em>, entre otros \u00e9xitos internacionales, la joven artista conquist\u00f3 el p\u00fablico sanfelipe\u00f1o y cientos de fan\u00e1ticos de la cantante corearon sus canciones y varias parejas celebraron su d\u00eda con los temas de una de las m\u00e1s importantes cantantes nacionales de las \u00faltimas d\u00e9cadas.<\/p>\n<p>El segundo turno le toc\u00f3 a la doble de la artista mexicana Thal\u00eda, <strong><em>Fresia Casas<\/em><\/strong>, quien con \u00e9xitos como <em>Amor a la mexicana<\/em>; <em>No me acuerdo<\/em>; <em>Que ser\u00e1 de ti<\/em>; <em>Equivocada<\/em> y <em>A qui\u00e9n le importa<\/em>, entre otros \u00e9xitos internacionales, la int\u00e9rprete sedujo al p\u00fablico por su simpat\u00eda, sencillez, calidad esc\u00e9nica y vocal. Uno de los momentos m\u00e1s hermosos de su presentaci\u00f3n fue cuando la cantante pas\u00f3 el micr\u00f3fono a quienes deseaban acompa\u00f1arla en el coro o interpretando alguna canci\u00f3n de su agrado, provocando una oleada de aplausos entre el p\u00fablico asistente.<\/p>\n<p>El tercer turno le toc\u00f3 al doble del cantante mexicano Pedro Fern\u00e1ndez, <strong><em>Rodrigo Sotomayor<\/em><\/strong>, quien con un impecable look y vestuario logr\u00f3 entusiasmar a las damas presentes y a los varones que celebraron su humor y cercan\u00eda con el p\u00fablico, junto a canciones como <em>Amarte a la antigua<\/em>; <em>Yo no fui<\/em>; <em>Yo soy el aventurero<\/em>; <em>Mi forma de sentir<\/em>; <em>Me encantas<\/em>; <em>La mujer que amas<\/em> y muchas m\u00e1s, el cantante estuvo m\u00e1s de una hora sobre el escenario de la terraza, demostrando una gran calidad vocal y esc\u00e9nica.<\/p>\n<p>Finalmente, quien cerr\u00f3 la jornada fue el doble del cantante puertorrique\u00f1o Chayanne, <strong><em>Mat\u00edas Fuentealba<\/em><\/strong>, quien hizo furor entre las damas presentes y lo esperaron ansiosamente para presenciar su actuaci\u00f3n, junto a canciones como Dejar\u00eda todo; Tiempo de vals; Yo te amo y Completamente enamorados, entre otros \u00e9xitos mundialmente conocidos, cerrando la jornada pasada la media noche. Cabe se\u00f1alar que este proyecto es financiado directamente por el Gobierno Regional de Valpara\u00edso con cargo al 6% FNDR a\u00f1o 2020.<\/p>\n<p>&nbsp;<\/p>\n<p><span style=\"color: #ff0000;\"><strong>LO QUE VIENE<\/strong><\/span><\/p>\n<p>Este proyecto contempla varias actividades para esta semana: Ma\u00f1ana martes Show Boulevard en calle Coimas con el grupo de rock sanfelipe\u00f1o <em>Ketterer<\/em>; mi\u00e9rcoles 19 Show Boulevard calle Prat con canciones del recuerdo junto al grupo <em>The Strikers<\/em>; jueves 20 Show Boulevard calle Salinas con la agrupaci\u00f3n de rock inclusivo <em>Ficks<\/em>; viernes 21 Show Plaza de Armas con el cantante nacional <em>Fernando Ubiergo<\/em>, la agrupaci\u00f3n sanfelipe\u00f1a <em>Old New Age<\/em> y el humor de <em>Risas.com<\/em>; s\u00e1bado 22 Show Plaza de Armas de San Felipe con el legendario d\u00fao ranchero <em>Los Hermanos Bustos<\/em>, el grupo local <em>Julio y Los Indomables<\/em> y el humor de <em>Marco \u2018Charola\u2019 Pizarro<\/em>; domingo 23 Show Plaza de Armas de San Felipe con <em>La Sonora Bar\u00f3n<\/em>, el grupo de m\u00fasica latinoamericana <em>Wyras Andinos<\/em> y el reconocido humorista nacional \u2018Palta Mel\u00e9ndez\u2019.<\/p>\n<p>Todas estas actividades son completamente gratuitas y est\u00e1n programadas a partir de las 20:30 horas en adelante. Paralelamente habr\u00e1 juegos inflables ubicados a un costado de la plaza de San Felipe, pintacaritas y show infantil con el objetivo de entretener a los m\u00e1s peque\u00f1os de la familia. En s\u00edntesis, este proyecto configura un excelente panorama de verano para difundir la cultura, la buena convivencia ciudadana y las expresiones art\u00edsticas de la comuna de San Felipe y la regi\u00f3n de Valpara\u00edso.<\/p>\n<p><strong>Roberto Gonz\u00e1lez Short<\/strong><\/p>\n<p>&nbsp;<\/p>\n<figure id=\"attachment_96950\" aria-describedby=\"caption-attachment-96950\" style=\"width: 580px\" class=\"wp-caption alignnone\"><img data-recalc-dims=\"1\" loading=\"lazy\" decoding=\"async\" class=\"size-full wp-image-96950\" src=\"https:\/\/i0.wp.com\/www.eltrabajo.cl\/portal\/wp-content\/uploads\/2020\/02\/Enamorados_Barbara-Flores.jpg?resize=580%2C360\" alt=\"LA M\u00c1S ROM\u00c1NTICA.- La bell\u00edsima B\u00e1rbara Flores cautiv\u00f3 a los presentes doblando a la gran Myriam Hern\u00e1ndez.\" width=\"580\" height=\"360\" srcset=\"https:\/\/i0.wp.com\/eltrabajo.cl\/portal\/wp-content\/uploads\/2020\/02\/Enamorados_Barbara-Flores.jpg?w=580&amp;ssl=1 580w, https:\/\/i0.wp.com\/eltrabajo.cl\/portal\/wp-content\/uploads\/2020\/02\/Enamorados_Barbara-Flores.jpg?resize=300%2C186&amp;ssl=1 300w, https:\/\/i0.wp.com\/eltrabajo.cl\/portal\/wp-content\/uploads\/2020\/02\/Enamorados_Barbara-Flores.jpg?resize=200%2C124&amp;ssl=1 200w, https:\/\/i0.wp.com\/eltrabajo.cl\/portal\/wp-content\/uploads\/2020\/02\/Enamorados_Barbara-Flores.jpg?resize=242%2C150&amp;ssl=1 242w, https:\/\/i0.wp.com\/eltrabajo.cl\/portal\/wp-content\/uploads\/2020\/02\/Enamorados_Barbara-Flores.jpg?resize=400%2C248&amp;ssl=1 400w\" sizes=\"auto, (max-width: 580px) 100vw, 580px\" \/><figcaption id=\"caption-attachment-96950\" class=\"wp-caption-text\">LA M\u00c1S ROM\u00c1NTICA.- La bell\u00edsima B\u00e1rbara Flores cautiv\u00f3 a los presentes doblando a la gran Myriam Hern\u00e1ndez.<\/figcaption><\/figure>\n<p>&nbsp;<\/p>\n<figure id=\"attachment_96948\" aria-describedby=\"caption-attachment-96948\" style=\"width: 580px\" class=\"wp-caption alignnone\"><img data-recalc-dims=\"1\" loading=\"lazy\" decoding=\"async\" class=\"size-full wp-image-96948\" src=\"https:\/\/i0.wp.com\/www.eltrabajo.cl\/portal\/wp-content\/uploads\/2020\/02\/Enamorados_Matias-Fuentealba.jpg?resize=580%2C360\" alt=\"GRANDE CHAYANNE.- Para el cierre de la noche apareci\u00f3 Chayanne, interpretado por el chileno Mat\u00edas Fuentealba.\" width=\"580\" height=\"360\" srcset=\"https:\/\/i0.wp.com\/eltrabajo.cl\/portal\/wp-content\/uploads\/2020\/02\/Enamorados_Matias-Fuentealba.jpg?w=580&amp;ssl=1 580w, https:\/\/i0.wp.com\/eltrabajo.cl\/portal\/wp-content\/uploads\/2020\/02\/Enamorados_Matias-Fuentealba.jpg?resize=300%2C186&amp;ssl=1 300w, https:\/\/i0.wp.com\/eltrabajo.cl\/portal\/wp-content\/uploads\/2020\/02\/Enamorados_Matias-Fuentealba.jpg?resize=200%2C124&amp;ssl=1 200w, https:\/\/i0.wp.com\/eltrabajo.cl\/portal\/wp-content\/uploads\/2020\/02\/Enamorados_Matias-Fuentealba.jpg?resize=242%2C150&amp;ssl=1 242w, https:\/\/i0.wp.com\/eltrabajo.cl\/portal\/wp-content\/uploads\/2020\/02\/Enamorados_Matias-Fuentealba.jpg?resize=400%2C248&amp;ssl=1 400w\" sizes=\"auto, (max-width: 580px) 100vw, 580px\" \/><figcaption id=\"caption-attachment-96948\" class=\"wp-caption-text\">GRANDE CHAYANNE.- Para el cierre de la noche apareci\u00f3 Chayanne, interpretado por el chileno Mat\u00edas Fuentealba.<\/figcaption><\/figure>\n<p>&nbsp;<\/p>\n<figure id=\"attachment_96949\" aria-describedby=\"caption-attachment-96949\" style=\"width: 580px\" class=\"wp-caption alignnone\"><img data-recalc-dims=\"1\" loading=\"lazy\" decoding=\"async\" class=\"size-full wp-image-96949\" src=\"https:\/\/i0.wp.com\/www.eltrabajo.cl\/portal\/wp-content\/uploads\/2020\/02\/Enamorados_Rodrigo-Sotomayor.jpg?resize=580%2C360\" alt=\"SIEMPRE PEDRO.- El famoso Pedro Fern\u00e1ndez, de M\u00e9xico, fue doblado por el chileno Rodrigo Sotomayor en la terraza de nuestra Plaza de Armas.\" width=\"580\" height=\"360\" srcset=\"https:\/\/i0.wp.com\/eltrabajo.cl\/portal\/wp-content\/uploads\/2020\/02\/Enamorados_Rodrigo-Sotomayor.jpg?w=580&amp;ssl=1 580w, https:\/\/i0.wp.com\/eltrabajo.cl\/portal\/wp-content\/uploads\/2020\/02\/Enamorados_Rodrigo-Sotomayor.jpg?resize=300%2C186&amp;ssl=1 300w, https:\/\/i0.wp.com\/eltrabajo.cl\/portal\/wp-content\/uploads\/2020\/02\/Enamorados_Rodrigo-Sotomayor.jpg?resize=200%2C124&amp;ssl=1 200w, https:\/\/i0.wp.com\/eltrabajo.cl\/portal\/wp-content\/uploads\/2020\/02\/Enamorados_Rodrigo-Sotomayor.jpg?resize=242%2C150&amp;ssl=1 242w, https:\/\/i0.wp.com\/eltrabajo.cl\/portal\/wp-content\/uploads\/2020\/02\/Enamorados_Rodrigo-Sotomayor.jpg?resize=400%2C248&amp;ssl=1 400w\" sizes=\"auto, (max-width: 580px) 100vw, 580px\" \/><figcaption id=\"caption-attachment-96949\" class=\"wp-caption-text\">SIEMPRE PEDRO.- El famoso Pedro Fern\u00e1ndez, de M\u00e9xico, fue doblado por el chileno Rodrigo Sotomayor en la terraza de nuestra Plaza de Armas.<\/figcaption><\/figure>\n<p>&nbsp;<\/p>\n<figure id=\"attachment_96951\" aria-describedby=\"caption-attachment-96951\" style=\"width: 580px\" class=\"wp-caption alignnone\"><img data-recalc-dims=\"1\" loading=\"lazy\" decoding=\"async\" class=\"size-full wp-image-96951\" src=\"https:\/\/i0.wp.com\/www.eltrabajo.cl\/portal\/wp-content\/uploads\/2020\/02\/Enamorados_Fresia-Casas.jpg?resize=580%2C743\" alt=\"LOCURA POR THAL\u00cdA.- Fresia Casas hizo de las suyas en el papel de la actriz y cantante mexicana Thal\u00eda.\" width=\"580\" height=\"743\" srcset=\"https:\/\/i0.wp.com\/eltrabajo.cl\/portal\/wp-content\/uploads\/2020\/02\/Enamorados_Fresia-Casas.jpg?w=580&amp;ssl=1 580w, https:\/\/i0.wp.com\/eltrabajo.cl\/portal\/wp-content\/uploads\/2020\/02\/Enamorados_Fresia-Casas.jpg?resize=234%2C300&amp;ssl=1 234w, https:\/\/i0.wp.com\/eltrabajo.cl\/portal\/wp-content\/uploads\/2020\/02\/Enamorados_Fresia-Casas.jpg?resize=117%2C150&amp;ssl=1 117w, https:\/\/i0.wp.com\/eltrabajo.cl\/portal\/wp-content\/uploads\/2020\/02\/Enamorados_Fresia-Casas.jpg?resize=400%2C512&amp;ssl=1 400w\" sizes=\"auto, (max-width: 580px) 100vw, 580px\" \/><figcaption id=\"caption-attachment-96951\" class=\"wp-caption-text\">LOCURA POR THAL\u00cdA.- Fresia Casas hizo de las suyas en el papel de la actriz y cantante mexicana Thal\u00eda.<\/figcaption><\/figure>\n","protected":false},"excerpt":{"rendered":"<p>Thal\u00eda, Chayanne, Pedro Fern\u00e1ndez y Myriam Hern\u00e1ndez: Este fin de semana cerca de 1.000 personas se dieron cita en la terraza de nuestra Plaza de Armas en San Felipe, para celebrar con&#8230;<\/p>\n","protected":false},"author":482,"featured_media":96950,"comment_status":"open","ping_status":"open","sticky":false,"template":"","format":"standard","meta":{"advanced_seo_description":"","jetpack_seo_html_title":"","jetpack_seo_noindex":false,"_jetpack_memberships_contains_paid_content":false,"footnotes":""},"categories":[15],"tags":[],"class_list":["post-96947","post","type-post","status-publish","format-standard","has-post-thumbnail","hentry","category-comunidad"],"jetpack_featured_media_url":"https:\/\/i0.wp.com\/eltrabajo.cl\/portal\/wp-content\/uploads\/2020\/02\/Enamorados_Barbara-Flores.jpg?fit=580%2C360&ssl=1","jetpack_sharing_enabled":true,"jetpack_likes_enabled":true,"jetpack-related-posts":[],"_links":{"self":[{"href":"https:\/\/eltrabajo.cl\/portal\/wp-json\/wp\/v2\/posts\/96947","targetHints":{"allow":["GET"]}}],"collection":[{"href":"https:\/\/eltrabajo.cl\/portal\/wp-json\/wp\/v2\/posts"}],"about":[{"href":"https:\/\/eltrabajo.cl\/portal\/wp-json\/wp\/v2\/types\/post"}],"author":[{"embeddable":true,"href":"https:\/\/eltrabajo.cl\/portal\/wp-json\/wp\/v2\/users\/482"}],"replies":[{"embeddable":true,"href":"https:\/\/eltrabajo.cl\/portal\/wp-json\/wp\/v2\/comments?post=96947"}],"version-history":[{"count":0,"href":"https:\/\/eltrabajo.cl\/portal\/wp-json\/wp\/v2\/posts\/96947\/revisions"}],"wp:featuredmedia":[{"embeddable":true,"href":"https:\/\/eltrabajo.cl\/portal\/wp-json\/wp\/v2\/media\/96950"}],"wp:attachment":[{"href":"https:\/\/eltrabajo.cl\/portal\/wp-json\/wp\/v2\/media?parent=96947"}],"wp:term":[{"taxonomy":"category","embeddable":true,"href":"https:\/\/eltrabajo.cl\/portal\/wp-json\/wp\/v2\/categories?post=96947"},{"taxonomy":"post_tag","embeddable":true,"href":"https:\/\/eltrabajo.cl\/portal\/wp-json\/wp\/v2\/tags?post=96947"}],"curies":[{"name":"wp","href":"https:\/\/api.w.org\/{rel}","templated":true}]}}