{"id":96953,"date":"2020-02-17T05:05:16","date_gmt":"2020-02-17T08:05:16","guid":{"rendered":"http:\/\/www.eltrabajo.cl\/portal\/?p=96953"},"modified":"2020-02-16T21:03:55","modified_gmt":"2020-02-17T00:03:55","slug":"presidio-perpetuo-simple-para-el-gaviota-por-dos-homicidios","status":"publish","type":"post","link":"https:\/\/eltrabajo.cl\/portal\/presidio-perpetuo-simple-para-el-gaviota-por-dos-homicidios\/","title":{"rendered":"Presidio Perpetuo Simple para \u2018El Gaviota\u2019 por dos homicidios"},"content":{"rendered":"<p><span style=\"color: #ff0000;\"><strong>Su c\u00f3mplice, \u2018El Peruano\u2019, recibi\u00f3 5 a\u00f1os y un d\u00eda:<\/strong><\/span><\/p>\n<p>El Tribunal de Juicio Oral en lo penal de San Felipe, integrado por los magistrados Rodrigo Cort\u00e9s, Constanza Olsen y Alejandra Araya, conden\u00f3 a Presidio Perpetuo Simple a un peligroso delincuente que perpetr\u00f3 dos homicidios en la comuna de Catemu, siendo el segundo de ellos de gran impacto en todo el Valle de Aconcagua.<\/p>\n<p>Conforme a los antecedentes de la investigaci\u00f3n del Ministerio P\u00fablico y que dio por acreditados el tribunal, el imputado <strong><em>Gabriel Gonz\u00e1lez Guerra<\/em><\/strong>, alias <strong><em>El Gaviota<\/em><\/strong>, lleg\u00f3 hasta el inmueble donde se encontraba la v\u00edctima <strong><em>Manuel Ahumada Gald\u00e1mes<\/em><\/strong>, y extrayendo un arma de fuego de entre sus ropas le propin\u00f3 un disparo a quemarropa en el t\u00f3rax.<\/p>\n<p>Ahumada Gald\u00e1mes fue trasladado hasta el Hospital San Francisco de Llay-Llay donde minutos m\u00e1s tarde falleci\u00f3 producto de la lesi\u00f3n por impacto bal\u00edstico. En tanto, \u2018El Gaviota\u2019 se dio a la fuga y a pesar de haber sido identificado por testigos se mantuvo pr\u00f3fugo de la justicia.<\/p>\n<p>&nbsp;<\/p>\n<p><span style=\"color: #ff0000;\"><strong>SEGUNDO CRIMEN<\/strong><\/span><\/p>\n<p>Posteriormente, la ma\u00f1ana del 25 de enero de 2019, \u2018El Gaviota, acompa\u00f1ado de <strong><em>Brayan Cavieres Vega<\/em><\/strong>, alias <em>El Peruano<\/em>, abordaron el taxi colectivo guiado por <em>Soledad Castro Collao<\/em>, solicit\u00e1ndole que los llevara hasta el sector conocido como la Gruta del Cobre de esa comuna. Una vez en ese lugar, \u2018El Gaviota\u2019 sac\u00f3 un aparato de electro shock con el que le aplic\u00f3 una descarga el\u00e9ctrica a la conductora y luego la intimid\u00f3 con un arma de fuego.<\/p>\n<p>En esos momentos pasaba por el lugar en su camioneta el agricultor catemino <em>Pedro Vergara Lobos<\/em> (36), quien al ver el asalto trat\u00f3 de ayudar a la conductora del colectivo. Fue en estas circunstancias que \u2018El Gaviota\u2019 le propin\u00f3 un disparo en la cabeza al agricultor, falleciendo este en el mismo lugar.<\/p>\n<p>Luego, junto a su compa\u00f1ero de fechor\u00edas \u2018El Peruano\u2019, se subieron a la camioneta de la v\u00edctima y se dieron a la fuga, dejando abandonado el veh\u00edculo en la comuna de Llay-Llay.<\/p>\n<p>Ambos antisociales permanecieron pr\u00f3fugos hasta fines de enero de ese a\u00f1o, cuando oficiales de la Brigada de Homicidios de Los Andes liderada por el entonces comisario Gino Guti\u00e9rrez logaron su captura, as\u00ed lo destac\u00f3 tambi\u00e9n <strong><em>Los Andes Online<\/em><\/strong> en su portal de noticias.<\/p>\n<p>&nbsp;<\/p>\n<p><span style=\"color: #ff0000;\"><strong>CONDENA EFECTIVA<\/strong><\/span><\/p>\n<p>Es por ello que el Tribunal de Juicio Oral de San Felipe determin\u00f3 condenar a Presidio Perpetuo Simple (Es decir 20 a\u00f1os de c\u00e1rcel efectivos para reci\u00e9n obtener beneficios) al \u2018Gaviota\u2019 por los delitos de Homicidio Simple, en\u00a0 el caso de Manuel Ahumada, Robo con intimidaci\u00f3n en perjuicio de Soledad Castro y Robo con homicidio en el caso del agricultor Pedro Vergara.<\/p>\n<p>Asimismo, \u2018El Peruano\u2019 fue sentenciado a purgar 5 a\u00f1os y 1 d\u00eda por el delito de Robo con intimidaci\u00f3n en perjuicio de la conductora del colectivo, siendo absuelto del Robo con homicidio, ya que no se pudo acreditar su participaci\u00f3n directa en el crimen de Pedro Vergara.<\/p>\n<p>&nbsp;<\/p>\n<figure id=\"attachment_96954\" aria-describedby=\"caption-attachment-96954\" style=\"width: 580px\" class=\"wp-caption alignnone\"><img data-recalc-dims=\"1\" loading=\"lazy\" decoding=\"async\" class=\"size-full wp-image-96954\" src=\"https:\/\/i0.wp.com\/www.eltrabajo.cl\/portal\/wp-content\/uploads\/2020\/02\/Gaviota1.jpg?resize=580%2C359\" alt=\"En 2019 el asesino fue capturado por la PDI, ahora deber\u00e1 cumplir la condena de 20 a\u00f1os sin derecho a beneficios extracarcelarios.\" width=\"580\" height=\"359\" srcset=\"https:\/\/i0.wp.com\/eltrabajo.cl\/portal\/wp-content\/uploads\/2020\/02\/Gaviota1.jpg?w=580&amp;ssl=1 580w, https:\/\/i0.wp.com\/eltrabajo.cl\/portal\/wp-content\/uploads\/2020\/02\/Gaviota1.jpg?resize=300%2C186&amp;ssl=1 300w, https:\/\/i0.wp.com\/eltrabajo.cl\/portal\/wp-content\/uploads\/2020\/02\/Gaviota1.jpg?resize=200%2C124&amp;ssl=1 200w, https:\/\/i0.wp.com\/eltrabajo.cl\/portal\/wp-content\/uploads\/2020\/02\/Gaviota1.jpg?resize=242%2C150&amp;ssl=1 242w, https:\/\/i0.wp.com\/eltrabajo.cl\/portal\/wp-content\/uploads\/2020\/02\/Gaviota1.jpg?resize=400%2C248&amp;ssl=1 400w\" sizes=\"auto, (max-width: 580px) 100vw, 580px\" \/><figcaption id=\"caption-attachment-96954\" class=\"wp-caption-text\">En 2019 el asesino fue capturado por la PDI, ahora deber\u00e1 cumplir la condena de 20 a\u00f1os sin derecho a beneficios extracarcelarios.<\/figcaption><\/figure>\n","protected":false},"excerpt":{"rendered":"<p>Su c\u00f3mplice, \u2018El Peruano\u2019, recibi\u00f3 5 a\u00f1os y un d\u00eda: El Tribunal de Juicio Oral en lo penal de San Felipe, integrado por los magistrados Rodrigo Cort\u00e9s, Constanza Olsen y Alejandra Araya,&#8230;<\/p>\n","protected":false},"author":482,"featured_media":96954,"comment_status":"open","ping_status":"open","sticky":false,"template":"","format":"standard","meta":{"advanced_seo_description":"","jetpack_seo_html_title":"","jetpack_seo_noindex":false,"_jetpack_memberships_contains_paid_content":false,"footnotes":""},"categories":[97],"tags":[],"class_list":["post-96953","post","type-post","status-publish","format-standard","has-post-thumbnail","hentry","category-tribunales"],"jetpack_featured_media_url":"https:\/\/i0.wp.com\/eltrabajo.cl\/portal\/wp-content\/uploads\/2020\/02\/Gaviota1.jpg?fit=580%2C359&ssl=1","jetpack_sharing_enabled":true,"jetpack_likes_enabled":true,"jetpack-related-posts":[],"_links":{"self":[{"href":"https:\/\/eltrabajo.cl\/portal\/wp-json\/wp\/v2\/posts\/96953","targetHints":{"allow":["GET"]}}],"collection":[{"href":"https:\/\/eltrabajo.cl\/portal\/wp-json\/wp\/v2\/posts"}],"about":[{"href":"https:\/\/eltrabajo.cl\/portal\/wp-json\/wp\/v2\/types\/post"}],"author":[{"embeddable":true,"href":"https:\/\/eltrabajo.cl\/portal\/wp-json\/wp\/v2\/users\/482"}],"replies":[{"embeddable":true,"href":"https:\/\/eltrabajo.cl\/portal\/wp-json\/wp\/v2\/comments?post=96953"}],"version-history":[{"count":0,"href":"https:\/\/eltrabajo.cl\/portal\/wp-json\/wp\/v2\/posts\/96953\/revisions"}],"wp:featuredmedia":[{"embeddable":true,"href":"https:\/\/eltrabajo.cl\/portal\/wp-json\/wp\/v2\/media\/96954"}],"wp:attachment":[{"href":"https:\/\/eltrabajo.cl\/portal\/wp-json\/wp\/v2\/media?parent=96953"}],"wp:term":[{"taxonomy":"category","embeddable":true,"href":"https:\/\/eltrabajo.cl\/portal\/wp-json\/wp\/v2\/categories?post=96953"},{"taxonomy":"post_tag","embeddable":true,"href":"https:\/\/eltrabajo.cl\/portal\/wp-json\/wp\/v2\/tags?post=96953"}],"curies":[{"name":"wp","href":"https:\/\/api.w.org\/{rel}","templated":true}]}}