{"id":96956,"date":"2020-02-17T05:06:13","date_gmt":"2020-02-17T08:06:13","guid":{"rendered":"http:\/\/www.eltrabajo.cl\/portal\/?p=96956"},"modified":"2020-02-16T21:05:19","modified_gmt":"2020-02-17T00:05:19","slug":"union-san-felipe-volvera-a-su-clasica-camiseta-albirroja-para-este-2020","status":"publish","type":"post","link":"https:\/\/eltrabajo.cl\/portal\/union-san-felipe-volvera-a-su-clasica-camiseta-albirroja-para-este-2020\/","title":{"rendered":"Uni\u00f3n San Felipe volver\u00e1 a su cl\u00e1sica camiseta albirroja para este 2020"},"content":{"rendered":"<p>Bien entrada la tarde del jueves reci\u00e9n pasado, y por medio de sus redes sociales, Uni\u00f3n San Felipe dio a conocer los modelos de sus camisetas para la presente temporada, en la cual deber\u00e1 disputar el torneo oficial de la Primera B y la Copa Chile.<\/p>\n<p>A diferencias de otros a\u00f1os donde este tr\u00e1mite no revest\u00eda mayor inter\u00e9s en la opini\u00f3n publica debido a que es normal que los equipos luzcan indumentarias nuevas antes de iniciar un torneo, esta vez en la hinchada sanfelipe\u00f1a exist\u00eda mucha expectaci\u00f3n a ra\u00edz que con varios de d\u00edas de anticipaci\u00f3n se hab\u00eda instalado muy fuerte el rumor que este 2020 el club sanfelipe\u00f1o volver\u00eda a su cl\u00e1sica camiseta albirroja, la que es por lejos la prenda m\u00e1s querida y por lo mismo la que m\u00e1s identifica a la hinchada.<\/p>\n<p>Una vez develado el misterio, los seguidores del Un\u00ed Un\u00ed, no escondieron su alegr\u00eda por el retorno de la prenda cl\u00e1sica, la que durante algunas temporadas cedi\u00f3 su lugar a otras de colores alternativos (rojo, azul, amarillo), los que si bien es cierto el equipo luci\u00f3 en algunos momentos de su historia, no llenaban el gusto de la fanaticada que incluso hizo una campa\u00f1a para exigir el \u2018retorno de la albirroja\u2019.<\/p>\n<p>Los modelos nuevos son est\u00e9ticamente muy sobrios. La camiseta central es una heredera fiel al ser blanca con una franja vertical roja en el costado izquierdo, mientras que la alternativa es roja, con franjas verticales blancas en el centro y costados. Esta indumentaria de marca Cafu, ya est\u00e1 disponible para su venta de manera exclusiva en la sede del querido Un\u00ed Un\u00ed, en la ciudad de San Felipe, a un valor de $28.000.<\/p>\n<p><strong>Jorge Vega Oses<\/strong><\/p>\n<p>&nbsp;<\/p>\n<figure id=\"attachment_96957\" aria-describedby=\"caption-attachment-96957\" style=\"width: 580px\" class=\"wp-caption alignnone\"><img data-recalc-dims=\"1\" loading=\"lazy\" decoding=\"async\" class=\"size-full wp-image-96957\" src=\"https:\/\/i0.wp.com\/www.eltrabajo.cl\/portal\/wp-content\/uploads\/2020\/02\/camiseta-principal.jpg?resize=580%2C359\" alt=\"Parte del plantel sanfelipe\u00f1o luce la camiseta central para este 2020.\" width=\"580\" height=\"359\" srcset=\"https:\/\/i0.wp.com\/eltrabajo.cl\/portal\/wp-content\/uploads\/2020\/02\/camiseta-principal.jpg?w=580&amp;ssl=1 580w, https:\/\/i0.wp.com\/eltrabajo.cl\/portal\/wp-content\/uploads\/2020\/02\/camiseta-principal.jpg?resize=300%2C186&amp;ssl=1 300w, https:\/\/i0.wp.com\/eltrabajo.cl\/portal\/wp-content\/uploads\/2020\/02\/camiseta-principal.jpg?resize=200%2C124&amp;ssl=1 200w, https:\/\/i0.wp.com\/eltrabajo.cl\/portal\/wp-content\/uploads\/2020\/02\/camiseta-principal.jpg?resize=242%2C150&amp;ssl=1 242w, https:\/\/i0.wp.com\/eltrabajo.cl\/portal\/wp-content\/uploads\/2020\/02\/camiseta-principal.jpg?resize=400%2C248&amp;ssl=1 400w\" sizes=\"auto, (max-width: 580px) 100vw, 580px\" \/><figcaption id=\"caption-attachment-96957\" class=\"wp-caption-text\">Parte del plantel sanfelipe\u00f1o luce la camiseta central para este 2020.<\/figcaption><\/figure>\n","protected":false},"excerpt":{"rendered":"<p>Bien entrada la tarde del jueves reci\u00e9n pasado, y por medio de sus redes sociales, Uni\u00f3n San Felipe dio a conocer los modelos de sus camisetas para la presente temporada, en la&#8230;<\/p>\n","protected":false},"author":482,"featured_media":96957,"comment_status":"open","ping_status":"open","sticky":false,"template":"","format":"standard","meta":{"advanced_seo_description":"","jetpack_seo_html_title":"","jetpack_seo_noindex":false,"_jetpack_memberships_contains_paid_content":false,"footnotes":""},"categories":[19],"tags":[],"class_list":["post-96956","post","type-post","status-publish","format-standard","has-post-thumbnail","hentry","category-deportes"],"jetpack_featured_media_url":"https:\/\/i0.wp.com\/eltrabajo.cl\/portal\/wp-content\/uploads\/2020\/02\/camiseta-principal.jpg?fit=580%2C359&ssl=1","jetpack_sharing_enabled":true,"jetpack_likes_enabled":true,"jetpack-related-posts":[],"_links":{"self":[{"href":"https:\/\/eltrabajo.cl\/portal\/wp-json\/wp\/v2\/posts\/96956","targetHints":{"allow":["GET"]}}],"collection":[{"href":"https:\/\/eltrabajo.cl\/portal\/wp-json\/wp\/v2\/posts"}],"about":[{"href":"https:\/\/eltrabajo.cl\/portal\/wp-json\/wp\/v2\/types\/post"}],"author":[{"embeddable":true,"href":"https:\/\/eltrabajo.cl\/portal\/wp-json\/wp\/v2\/users\/482"}],"replies":[{"embeddable":true,"href":"https:\/\/eltrabajo.cl\/portal\/wp-json\/wp\/v2\/comments?post=96956"}],"version-history":[{"count":0,"href":"https:\/\/eltrabajo.cl\/portal\/wp-json\/wp\/v2\/posts\/96956\/revisions"}],"wp:featuredmedia":[{"embeddable":true,"href":"https:\/\/eltrabajo.cl\/portal\/wp-json\/wp\/v2\/media\/96957"}],"wp:attachment":[{"href":"https:\/\/eltrabajo.cl\/portal\/wp-json\/wp\/v2\/media?parent=96956"}],"wp:term":[{"taxonomy":"category","embeddable":true,"href":"https:\/\/eltrabajo.cl\/portal\/wp-json\/wp\/v2\/categories?post=96956"},{"taxonomy":"post_tag","embeddable":true,"href":"https:\/\/eltrabajo.cl\/portal\/wp-json\/wp\/v2\/tags?post=96956"}],"curies":[{"name":"wp","href":"https:\/\/api.w.org\/{rel}","templated":true}]}}