{"id":96959,"date":"2020-02-17T05:07:26","date_gmt":"2020-02-17T08:07:26","guid":{"rendered":"http:\/\/www.eltrabajo.cl\/portal\/?p=96959"},"modified":"2020-02-16T21:06:38","modified_gmt":"2020-02-17T00:06:38","slug":"muere-conocido-garzon-sanfelipeno-tras-accidente-multiple-en-tunel-chacabuco","status":"publish","type":"post","link":"https:\/\/eltrabajo.cl\/portal\/muere-conocido-garzon-sanfelipeno-tras-accidente-multiple-en-tunel-chacabuco\/","title":{"rendered":"Muere conocido garz\u00f3n sanfelipe\u00f1o tras accidente m\u00faltiple en t\u00fanel Chacabuco"},"content":{"rendered":"<p><span style=\"color: #ff0000;\"><strong>Claudio Segura ser\u00e1 sepultado hoy en la tarde:<\/strong><\/span><\/p>\n<p>Un tr\u00e1gico accidente con resultado de una persona fallecida en las inmediaciones del T\u00fanel Chacabuco es la que se registr\u00f3 este fin de semana, falleciendo en la misma <strong><em>Claudio Ignacio Segura Castro<\/em><\/strong>, de 36 a\u00f1os de edad, quien viajaba regularmente a Santiago por motivos laborales y era vecino de Las Acacias en San Felipe.<\/p>\n<p>Al parecer, este motociclista falleci\u00f3 tras impactar de manera frontal contra un bus y un veh\u00edculo particular en el t\u00fanel Chacabuco, en la comuna de Colina, donde los desv\u00edos se mantuvieron por varias horas del s\u00e1bado. En Aconcagua Segura Castro se hab\u00eda desempe\u00f1ado como garz\u00f3n en Restaurante Raconto de San Felipe, en Termas de Jahuel en Santa Mar\u00eda, Enjoy Santiago de Rinconada, y actualmente laboraba en Restaurante La Princesa, en Chicureo de Santiago.<\/p>\n<p>&nbsp;<\/p>\n<p><span style=\"color: #ff0000;\"><strong>UN CAOS VIAL<\/strong><\/span><\/p>\n<p>El tr\u00e1nsito fue suspendido en ambos sentidos a la altura de Llay Llay, con desv\u00edos en el km 43 hacia la cuesta Chacabuco y en el km 57,4 hacia la Ruta E-89 Rinconada. Lectores de <strong>Diario El Trabajo<\/strong> reportaron a nuestro medio que, pese a los desv\u00edos determinados por la ruta Los Libertadores, muchos veh\u00edculos adelantaron por la berma, incluyendo buses particulares y motociclistas.<\/p>\n<p>El ahora fallecido viajaba habitualmente en moto a su trabajo en Santiago, fuentes no oficiales reportaron que los restos de Claudio Segura fueron velados ayer en la Iglesia Esp\u00edritu Santo de Calle Riquelme, en San Felipe, y hoy lunes despu\u00e9s de una Misa a las 16:00 horas, sus restos mortales ser\u00e1n depositados en el Cementerio Parque Almendral, en La Troya.<\/p>\n<p><strong>Roberto Gonz\u00e1lez Short<\/strong><\/p>\n<p>&nbsp;<\/p>\n<figure id=\"attachment_96960\" aria-describedby=\"caption-attachment-96960\" style=\"width: 580px\" class=\"wp-caption alignnone\"><img data-recalc-dims=\"1\" loading=\"lazy\" decoding=\"async\" class=\"size-full wp-image-96960\" src=\"https:\/\/i0.wp.com\/www.eltrabajo.cl\/portal\/wp-content\/uploads\/2020\/02\/Moto_Claudio-Segura.jpg?resize=580%2C359\" alt=\"Claudio Ignacio Segura Castro, de 36 a\u00f1os de edad, ser\u00e1 sepultado hoy lunes en horas de la tarde. Era padre de dos hijos de 9 y 2 a\u00f1os de edad.\" width=\"580\" height=\"359\" srcset=\"https:\/\/i0.wp.com\/eltrabajo.cl\/portal\/wp-content\/uploads\/2020\/02\/Moto_Claudio-Segura.jpg?w=580&amp;ssl=1 580w, https:\/\/i0.wp.com\/eltrabajo.cl\/portal\/wp-content\/uploads\/2020\/02\/Moto_Claudio-Segura.jpg?resize=300%2C186&amp;ssl=1 300w, https:\/\/i0.wp.com\/eltrabajo.cl\/portal\/wp-content\/uploads\/2020\/02\/Moto_Claudio-Segura.jpg?resize=200%2C124&amp;ssl=1 200w, https:\/\/i0.wp.com\/eltrabajo.cl\/portal\/wp-content\/uploads\/2020\/02\/Moto_Claudio-Segura.jpg?resize=242%2C150&amp;ssl=1 242w, https:\/\/i0.wp.com\/eltrabajo.cl\/portal\/wp-content\/uploads\/2020\/02\/Moto_Claudio-Segura.jpg?resize=400%2C248&amp;ssl=1 400w\" sizes=\"auto, (max-width: 580px) 100vw, 580px\" \/><figcaption id=\"caption-attachment-96960\" class=\"wp-caption-text\">Claudio Ignacio Segura Castro, de 36 a\u00f1os de edad, ser\u00e1 sepultado hoy lunes en horas de la tarde. Era padre de dos hijos de 9 y 2 a\u00f1os de edad.<\/figcaption><\/figure>\n","protected":false},"excerpt":{"rendered":"<p>Claudio Segura ser\u00e1 sepultado hoy en la tarde: Un tr\u00e1gico accidente con resultado de una persona fallecida en las inmediaciones del T\u00fanel Chacabuco es la que se registr\u00f3 este fin de semana,&#8230;<\/p>\n","protected":false},"author":482,"featured_media":96960,"comment_status":"open","ping_status":"open","sticky":false,"template":"","format":"standard","meta":{"advanced_seo_description":"","jetpack_seo_html_title":"","jetpack_seo_noindex":false,"_jetpack_memberships_contains_paid_content":false,"footnotes":""},"categories":[21],"tags":[],"class_list":["post-96959","post","type-post","status-publish","format-standard","has-post-thumbnail","hentry","category-policial"],"jetpack_featured_media_url":"https:\/\/i0.wp.com\/eltrabajo.cl\/portal\/wp-content\/uploads\/2020\/02\/Moto_Claudio-Segura.jpg?fit=580%2C359&ssl=1","jetpack_sharing_enabled":true,"jetpack_likes_enabled":true,"jetpack-related-posts":[],"_links":{"self":[{"href":"https:\/\/eltrabajo.cl\/portal\/wp-json\/wp\/v2\/posts\/96959","targetHints":{"allow":["GET"]}}],"collection":[{"href":"https:\/\/eltrabajo.cl\/portal\/wp-json\/wp\/v2\/posts"}],"about":[{"href":"https:\/\/eltrabajo.cl\/portal\/wp-json\/wp\/v2\/types\/post"}],"author":[{"embeddable":true,"href":"https:\/\/eltrabajo.cl\/portal\/wp-json\/wp\/v2\/users\/482"}],"replies":[{"embeddable":true,"href":"https:\/\/eltrabajo.cl\/portal\/wp-json\/wp\/v2\/comments?post=96959"}],"version-history":[{"count":0,"href":"https:\/\/eltrabajo.cl\/portal\/wp-json\/wp\/v2\/posts\/96959\/revisions"}],"wp:featuredmedia":[{"embeddable":true,"href":"https:\/\/eltrabajo.cl\/portal\/wp-json\/wp\/v2\/media\/96960"}],"wp:attachment":[{"href":"https:\/\/eltrabajo.cl\/portal\/wp-json\/wp\/v2\/media?parent=96959"}],"wp:term":[{"taxonomy":"category","embeddable":true,"href":"https:\/\/eltrabajo.cl\/portal\/wp-json\/wp\/v2\/categories?post=96959"},{"taxonomy":"post_tag","embeddable":true,"href":"https:\/\/eltrabajo.cl\/portal\/wp-json\/wp\/v2\/tags?post=96959"}],"curies":[{"name":"wp","href":"https:\/\/api.w.org\/{rel}","templated":true}]}}