{"id":96963,"date":"2020-02-18T05:01:24","date_gmt":"2020-02-18T08:01:24","guid":{"rendered":"http:\/\/www.eltrabajo.cl\/portal\/?p=96963"},"modified":"2020-02-17T20:41:52","modified_gmt":"2020-02-17T23:41:52","slug":"union-san-felipe-cayo-3-1-en-su-ultimo-amistoso-antes-de-su-estreno-de-este-ano","status":"publish","type":"post","link":"https:\/\/eltrabajo.cl\/portal\/union-san-felipe-cayo-3-1-en-su-ultimo-amistoso-antes-de-su-estreno-de-este-ano\/","title":{"rendered":"Uni\u00f3n San Felipe cay\u00f3 3-1 en su \u00faltimo amistoso antes de su estreno de este a\u00f1o"},"content":{"rendered":"<p>Con una derrota en el global de 3 tantos a 1 ante San Luis de Quillota, Uni\u00f3n San Felipe disput\u00f3 su \u00faltimo ensayo en la antesala a su estreno por el torneo oficial de la Primera B. \u00a0El partido tuvo muchos matices debido a que cuando los equipos \u2018titulares\u2019 estuvieron en el campo de juego, los de Dur\u00e1n se impusieron por la cuenta m\u00ednima gracias a un gol de Jimmy Cisterna.<\/p>\n<p>El pleito que se disput\u00f3 la tarde del viernes reci\u00e9n pasado en el piso artificial del estadio Lucio Fari\u00f1a Fern\u00e1ndez, en Quillota, se estructur\u00f3 de tres tiempos de 30 minutos cada uno, siendo que, en los dos primeros, quillotanos y sanfelipe\u00f1os dispusieron en cancha a sus alineaciones ideales, mientras que en el tercero tuvieron su oportunidad el resto de ambos planteles.<\/p>\n<p>En los primeros sesenta minutos Uni\u00f3n San Felipe form\u00f3 con: Nicol\u00e1s Rodr\u00edguez, en el p\u00f3rtico; Francisco Salinas, Mat\u00edas Silva, Gonzalo Villegas y Jos\u00e9 Vargas, fueron los defensores; Juan M\u00e9ndez y Enzo Orme\u00f1o fueron los volantes de corte, mientras que el trasandino Hern\u00e1n Fredes fue el enganche. Las tareas ofensivas quedaron en los pies de Jimmy Cisterna, Gonzalo \u00c1lvarez y Lautaro Palacios.<\/p>\n<p>Ya en el tercer tiempo y con equipos completamente distintos, el cuadro \u2018canario\u2019 logr\u00f3 hacer diferencias gracias a las conquistas de Basti\u00e1n Melo, Francisco Bahamondes y Sebasti\u00e1n Parada, estructurando un global de 3 a 1.<\/p>\n<p><strong>\u00a0<\/strong><\/p>\n<p><span style=\"color: #ff0000;\"><strong>DEBUTA EL MARTES 25<\/strong><\/span><\/p>\n<p>Respecto al estreno del Un\u00ed Un\u00ed en la competencia de plata del f\u00fatbol profesional chileno, se ratific\u00f3 que \u00e9ste se producir\u00e1 la noche del pr\u00f3ximo martes, frente a Rangers en Talca. El pleito tendr\u00e1 lugar en el estadio Fiscal de Talca y ser\u00e1 televisado por el Canal del F\u00fatbol.<\/p>\n<p>En la edici\u00f3n de ma\u00f1ana de <strong>El Trabajo Deportivo<\/strong> daremos a conocer de manera \u00edntegra la programaci\u00f3n de la primera fecha del campeonato de la Primera B.<\/p>\n<p>&nbsp;<\/p>\n<figure id=\"attachment_96964\" aria-describedby=\"caption-attachment-96964\" style=\"width: 580px\" class=\"wp-caption alignnone\"><img data-recalc-dims=\"1\" loading=\"lazy\" decoding=\"async\" class=\"size-full wp-image-96964\" src=\"https:\/\/i0.wp.com\/www.eltrabajo.cl\/portal\/wp-content\/uploads\/2020\/02\/amistoso.jpg?resize=580%2C360\" alt=\"El \u00faltimo partido de ensayo de los albirrojos fue en Quillota ante San Luis.\" width=\"580\" height=\"360\" srcset=\"https:\/\/i0.wp.com\/eltrabajo.cl\/portal\/wp-content\/uploads\/2020\/02\/amistoso.jpg?w=580&amp;ssl=1 580w, https:\/\/i0.wp.com\/eltrabajo.cl\/portal\/wp-content\/uploads\/2020\/02\/amistoso.jpg?resize=300%2C186&amp;ssl=1 300w, https:\/\/i0.wp.com\/eltrabajo.cl\/portal\/wp-content\/uploads\/2020\/02\/amistoso.jpg?resize=200%2C124&amp;ssl=1 200w, https:\/\/i0.wp.com\/eltrabajo.cl\/portal\/wp-content\/uploads\/2020\/02\/amistoso.jpg?resize=242%2C150&amp;ssl=1 242w, https:\/\/i0.wp.com\/eltrabajo.cl\/portal\/wp-content\/uploads\/2020\/02\/amistoso.jpg?resize=400%2C248&amp;ssl=1 400w\" sizes=\"auto, (max-width: 580px) 100vw, 580px\" \/><figcaption id=\"caption-attachment-96964\" class=\"wp-caption-text\">El \u00faltimo partido de ensayo de los albirrojos fue en Quillota ante San Luis.<\/figcaption><\/figure>\n<p>&nbsp;<\/p>\n<figure id=\"attachment_96965\" aria-describedby=\"caption-attachment-96965\" style=\"width: 580px\" class=\"wp-caption alignnone\"><img data-recalc-dims=\"1\" loading=\"lazy\" decoding=\"async\" class=\"size-full wp-image-96965\" src=\"https:\/\/i0.wp.com\/www.eltrabajo.cl\/portal\/wp-content\/uploads\/2020\/02\/uni-uni.jpg?resize=580%2C700\" alt=\"Uni\u00f3n San Felipe debutar\u00e1 el martes de la pr\u00f3xima semana ante Rangers en Talca.\" width=\"580\" height=\"700\" srcset=\"https:\/\/i0.wp.com\/eltrabajo.cl\/portal\/wp-content\/uploads\/2020\/02\/uni-uni.jpg?w=580&amp;ssl=1 580w, https:\/\/i0.wp.com\/eltrabajo.cl\/portal\/wp-content\/uploads\/2020\/02\/uni-uni.jpg?resize=249%2C300&amp;ssl=1 249w, https:\/\/i0.wp.com\/eltrabajo.cl\/portal\/wp-content\/uploads\/2020\/02\/uni-uni.jpg?resize=124%2C150&amp;ssl=1 124w, https:\/\/i0.wp.com\/eltrabajo.cl\/portal\/wp-content\/uploads\/2020\/02\/uni-uni.jpg?resize=400%2C483&amp;ssl=1 400w\" sizes=\"auto, (max-width: 580px) 100vw, 580px\" \/><figcaption id=\"caption-attachment-96965\" class=\"wp-caption-text\">Uni\u00f3n San Felipe debutar\u00e1 el martes de la pr\u00f3xima semana ante Rangers en Talca.<\/figcaption><\/figure>\n","protected":false},"excerpt":{"rendered":"<p>Con una derrota en el global de 3 tantos a 1 ante San Luis de Quillota, Uni\u00f3n San Felipe disput\u00f3 su \u00faltimo ensayo en la antesala a su estreno por el torneo&#8230;<\/p>\n","protected":false},"author":482,"featured_media":96964,"comment_status":"open","ping_status":"open","sticky":false,"template":"","format":"standard","meta":{"advanced_seo_description":"","jetpack_seo_html_title":"","jetpack_seo_noindex":false,"_jetpack_memberships_contains_paid_content":false,"footnotes":""},"categories":[19],"tags":[],"class_list":["post-96963","post","type-post","status-publish","format-standard","has-post-thumbnail","hentry","category-deportes"],"jetpack_featured_media_url":"https:\/\/i0.wp.com\/eltrabajo.cl\/portal\/wp-content\/uploads\/2020\/02\/amistoso.jpg?fit=580%2C360&ssl=1","jetpack_sharing_enabled":true,"jetpack_likes_enabled":true,"jetpack-related-posts":[],"_links":{"self":[{"href":"https:\/\/eltrabajo.cl\/portal\/wp-json\/wp\/v2\/posts\/96963","targetHints":{"allow":["GET"]}}],"collection":[{"href":"https:\/\/eltrabajo.cl\/portal\/wp-json\/wp\/v2\/posts"}],"about":[{"href":"https:\/\/eltrabajo.cl\/portal\/wp-json\/wp\/v2\/types\/post"}],"author":[{"embeddable":true,"href":"https:\/\/eltrabajo.cl\/portal\/wp-json\/wp\/v2\/users\/482"}],"replies":[{"embeddable":true,"href":"https:\/\/eltrabajo.cl\/portal\/wp-json\/wp\/v2\/comments?post=96963"}],"version-history":[{"count":0,"href":"https:\/\/eltrabajo.cl\/portal\/wp-json\/wp\/v2\/posts\/96963\/revisions"}],"wp:featuredmedia":[{"embeddable":true,"href":"https:\/\/eltrabajo.cl\/portal\/wp-json\/wp\/v2\/media\/96964"}],"wp:attachment":[{"href":"https:\/\/eltrabajo.cl\/portal\/wp-json\/wp\/v2\/media?parent=96963"}],"wp:term":[{"taxonomy":"category","embeddable":true,"href":"https:\/\/eltrabajo.cl\/portal\/wp-json\/wp\/v2\/categories?post=96963"},{"taxonomy":"post_tag","embeddable":true,"href":"https:\/\/eltrabajo.cl\/portal\/wp-json\/wp\/v2\/tags?post=96963"}],"curies":[{"name":"wp","href":"https:\/\/api.w.org\/{rel}","templated":true}]}}