{"id":96974,"date":"2020-02-18T05:03:20","date_gmt":"2020-02-18T08:03:20","guid":{"rendered":"http:\/\/www.eltrabajo.cl\/portal\/?p=96974"},"modified":"2020-02-17T20:47:34","modified_gmt":"2020-02-17T23:47:34","slug":"familia-recibio-casa-nueva-tras-quedar-sin-nada-a-causa-de-voraz-incendio","status":"publish","type":"post","link":"https:\/\/eltrabajo.cl\/portal\/familia-recibio-casa-nueva-tras-quedar-sin-nada-a-causa-de-voraz-incendio\/","title":{"rendered":"Familia recibi\u00f3 casa nueva tras quedar sin nada a causa de voraz incendio"},"content":{"rendered":"<p><span style=\"color: #ff0000;\"><strong>Municipio y Serviu solucionaron problema en tiempo r\u00e9cord:<\/strong><\/span><\/p>\n<p><strong>SANTA MAR\u00cdA<\/strong>.- Hace pocas semanas se recalent\u00f3 una \u2018zapatilla\u2019 el\u00e9ctrica en una casa de La Higuera, ocurriendo en una humilde vivienda ubicada en Villa Los Olivos, Pasaje Isidro Leiva en La Higuera, en Santa Mar\u00eda. Este voraz incendio dej\u00f3 en cenizas la casa de una familia, raz\u00f3n que llev\u00f3 a las autoridades municipales y del Serviu a poner manos a la obra y dar respuesta en tiempo r\u00e9cord al problema.<\/p>\n<p>Nuestro medio habl\u00f3 con la vecina afectada por este incendio, <strong>Mar\u00eda Quintana<\/strong>: <em>\u00abEsta nueva casita la estamos recibiendo gracias al apoyo del alcalde Claudio Zurita y el Serviu, estamos muy agradecidos con todos los vecinos tambi\u00e9n ac\u00e1 de la villa, tambi\u00e9n a los concejales y a muchas personas que nos siguen apoyando, yo soy temporera y trabajo en la uva en Agr\u00edcola El Retorno, tambi\u00e9n agradezco a ellos, a los jefes y compa\u00f1eros de trabajo<\/em>\u00bb, dijo do\u00f1a Mar\u00eda Quintana a <strong>Diario El Trabajo<\/strong>.<\/p>\n<p>Tambi\u00e9n hablamos con <strong>Claudio Zurita<\/strong>, alcalde de la comuna: <em>\u00abComo Municipio de Santa Mar\u00eda nosotros estamos orgullosos de dar esta r\u00e1pida y efectiva respuesta a esta familia. Quiero destacar que en 2019 fueron trece las casas\u00a0 destruidas por el fuego, m\u00e1s de una por mes, hoy d\u00eda estamos entregando esta casa nueva, una de las \u00faltimas que se incendiaron y vemos que ellos est\u00e1n felices, pues es un compromiso serio el nuestro como Municipio, estamos siempre cautelando que nuestros recursos y aportes est\u00e9n siempre proyectados socialmente a las personas que m\u00e1s lo necesitan en nuestra comuna<\/em>\u00bb, indic\u00f3 Zurita.<\/p>\n<p>Nuestro medio habl\u00f3 con <strong>Patricia Boffa<\/strong>, encargada biprovincial del Serviu: <em>\u00abEste Subsidio fue una adjudicaci\u00f3n directa que nosotros como delegaci\u00f3n solicitamos a nivel central despu\u00e9s que la beneficiaria sufriera este incendio en su vivienda. El Alcalde Zurita nos cit\u00f3 a una reuni\u00f3n para hallar la mejor forma de ayudar a esta familia, encontramos que pidiendo esta adjudicaci\u00f3n directa del Subsidio DS1 complet\u00e1bamos obviamente las expectativas que ten\u00eda el alcalde y la misma beneficiaria, por eso estamos muy contentos porque todo sali\u00f3 bien y hoy d\u00eda vemos completo el trabajo, es una casa preciosa<\/em>\u00bb, dijo Boffa.<\/p>\n<p><strong>Roberto Gonz\u00e1lez Short<\/strong><\/p>\n<p>&nbsp;<\/p>\n<figure id=\"attachment_96978\" aria-describedby=\"caption-attachment-96978\" style=\"width: 580px\" class=\"wp-caption alignnone\"><img data-recalc-dims=\"1\" loading=\"lazy\" decoding=\"async\" class=\"size-full wp-image-96978\" src=\"https:\/\/i0.wp.com\/www.eltrabajo.cl\/portal\/wp-content\/uploads\/2020\/02\/Vivienda1.jpg?resize=580%2C359\" alt=\"CASITA NUEVA.- La familia beneficiada con esta vivienda nueva posa para las c\u00e1maras de Diario El Trabajo, mostrando felizmente su nueva casa en compa\u00f1\u00eda de las autoridades.\" width=\"580\" height=\"359\" srcset=\"https:\/\/i0.wp.com\/eltrabajo.cl\/portal\/wp-content\/uploads\/2020\/02\/Vivienda1.jpg?w=580&amp;ssl=1 580w, https:\/\/i0.wp.com\/eltrabajo.cl\/portal\/wp-content\/uploads\/2020\/02\/Vivienda1.jpg?resize=300%2C186&amp;ssl=1 300w, https:\/\/i0.wp.com\/eltrabajo.cl\/portal\/wp-content\/uploads\/2020\/02\/Vivienda1.jpg?resize=200%2C124&amp;ssl=1 200w, https:\/\/i0.wp.com\/eltrabajo.cl\/portal\/wp-content\/uploads\/2020\/02\/Vivienda1.jpg?resize=242%2C150&amp;ssl=1 242w, https:\/\/i0.wp.com\/eltrabajo.cl\/portal\/wp-content\/uploads\/2020\/02\/Vivienda1.jpg?resize=400%2C248&amp;ssl=1 400w\" sizes=\"auto, (max-width: 580px) 100vw, 580px\" \/><figcaption id=\"caption-attachment-96978\" class=\"wp-caption-text\">CASITA NUEVA.- La familia beneficiada con esta vivienda nueva posa para las c\u00e1maras de Diario El Trabajo, mostrando felizmente su nueva casa en compa\u00f1\u00eda de las autoridades.<\/figcaption><\/figure>\n<p>&nbsp;<\/p>\n<figure id=\"attachment_96977\" aria-describedby=\"caption-attachment-96977\" style=\"width: 580px\" class=\"wp-caption alignnone\"><img data-recalc-dims=\"1\" loading=\"lazy\" decoding=\"async\" class=\"size-full wp-image-96977\" src=\"https:\/\/i0.wp.com\/www.eltrabajo.cl\/portal\/wp-content\/uploads\/2020\/02\/Vivienda_Patricia-Boffa.jpg?resize=580%2C598\" alt=\"Patricia Boffa, encargada biprovincial del Serviu.\" width=\"580\" height=\"598\" srcset=\"https:\/\/i0.wp.com\/eltrabajo.cl\/portal\/wp-content\/uploads\/2020\/02\/Vivienda_Patricia-Boffa.jpg?w=580&amp;ssl=1 580w, https:\/\/i0.wp.com\/eltrabajo.cl\/portal\/wp-content\/uploads\/2020\/02\/Vivienda_Patricia-Boffa.jpg?resize=291%2C300&amp;ssl=1 291w, https:\/\/i0.wp.com\/eltrabajo.cl\/portal\/wp-content\/uploads\/2020\/02\/Vivienda_Patricia-Boffa.jpg?resize=145%2C150&amp;ssl=1 145w, https:\/\/i0.wp.com\/eltrabajo.cl\/portal\/wp-content\/uploads\/2020\/02\/Vivienda_Patricia-Boffa.jpg?resize=400%2C412&amp;ssl=1 400w\" sizes=\"auto, (max-width: 580px) 100vw, 580px\" \/><figcaption id=\"caption-attachment-96977\" class=\"wp-caption-text\">Patricia Boffa, encargada biprovincial del Serviu.<\/figcaption><\/figure>\n<p>&nbsp;<\/p>\n<figure id=\"attachment_96975\" aria-describedby=\"caption-attachment-96975\" style=\"width: 580px\" class=\"wp-caption alignnone\"><img data-recalc-dims=\"1\" loading=\"lazy\" decoding=\"async\" class=\"size-full wp-image-96975\" src=\"https:\/\/i0.wp.com\/www.eltrabajo.cl\/portal\/wp-content\/uploads\/2020\/02\/Vivienda_Claudio-Zurita.jpg?resize=580%2C598\" alt=\"Claudio Zurita, alcalde de Santa Mar\u00eda.\" width=\"580\" height=\"598\" srcset=\"https:\/\/i0.wp.com\/eltrabajo.cl\/portal\/wp-content\/uploads\/2020\/02\/Vivienda_Claudio-Zurita.jpg?w=580&amp;ssl=1 580w, https:\/\/i0.wp.com\/eltrabajo.cl\/portal\/wp-content\/uploads\/2020\/02\/Vivienda_Claudio-Zurita.jpg?resize=291%2C300&amp;ssl=1 291w, https:\/\/i0.wp.com\/eltrabajo.cl\/portal\/wp-content\/uploads\/2020\/02\/Vivienda_Claudio-Zurita.jpg?resize=145%2C150&amp;ssl=1 145w, https:\/\/i0.wp.com\/eltrabajo.cl\/portal\/wp-content\/uploads\/2020\/02\/Vivienda_Claudio-Zurita.jpg?resize=400%2C412&amp;ssl=1 400w\" sizes=\"auto, (max-width: 580px) 100vw, 580px\" \/><figcaption id=\"caption-attachment-96975\" class=\"wp-caption-text\">Claudio Zurita, alcalde de Santa Mar\u00eda.<\/figcaption><\/figure>\n<p>&nbsp;<\/p>\n<figure id=\"attachment_96976\" aria-describedby=\"caption-attachment-96976\" style=\"width: 580px\" class=\"wp-caption alignnone\"><img data-recalc-dims=\"1\" loading=\"lazy\" decoding=\"async\" class=\"size-full wp-image-96976\" src=\"https:\/\/i0.wp.com\/www.eltrabajo.cl\/portal\/wp-content\/uploads\/2020\/02\/Vivienda_Maria-Quintana.jpg?resize=580%2C600\" alt=\"Mar\u00eda Quintana, due\u00f1a de casa que recibi\u00f3 su nueva casa.\" width=\"580\" height=\"600\" srcset=\"https:\/\/i0.wp.com\/eltrabajo.cl\/portal\/wp-content\/uploads\/2020\/02\/Vivienda_Maria-Quintana.jpg?w=580&amp;ssl=1 580w, https:\/\/i0.wp.com\/eltrabajo.cl\/portal\/wp-content\/uploads\/2020\/02\/Vivienda_Maria-Quintana.jpg?resize=290%2C300&amp;ssl=1 290w, https:\/\/i0.wp.com\/eltrabajo.cl\/portal\/wp-content\/uploads\/2020\/02\/Vivienda_Maria-Quintana.jpg?resize=145%2C150&amp;ssl=1 145w, https:\/\/i0.wp.com\/eltrabajo.cl\/portal\/wp-content\/uploads\/2020\/02\/Vivienda_Maria-Quintana.jpg?resize=400%2C414&amp;ssl=1 400w\" sizes=\"auto, (max-width: 580px) 100vw, 580px\" \/><figcaption id=\"caption-attachment-96976\" class=\"wp-caption-text\">Mar\u00eda Quintana, due\u00f1a de casa que recibi\u00f3 su nueva casa.<\/figcaption><\/figure>\n","protected":false},"excerpt":{"rendered":"<p>Municipio y Serviu solucionaron problema en tiempo r\u00e9cord: SANTA MAR\u00cdA.- Hace pocas semanas se recalent\u00f3 una \u2018zapatilla\u2019 el\u00e9ctrica en una casa de La Higuera, ocurriendo en una humilde vivienda ubicada en Villa&#8230;<\/p>\n","protected":false},"author":482,"featured_media":96978,"comment_status":"open","ping_status":"open","sticky":false,"template":"","format":"standard","meta":{"advanced_seo_description":"","jetpack_seo_html_title":"","jetpack_seo_noindex":false,"_jetpack_memberships_contains_paid_content":false,"footnotes":""},"categories":[15],"tags":[],"class_list":["post-96974","post","type-post","status-publish","format-standard","has-post-thumbnail","hentry","category-comunidad"],"jetpack_featured_media_url":"https:\/\/i0.wp.com\/eltrabajo.cl\/portal\/wp-content\/uploads\/2020\/02\/Vivienda1.jpg?fit=580%2C359&ssl=1","jetpack_sharing_enabled":true,"jetpack_likes_enabled":true,"jetpack-related-posts":[],"_links":{"self":[{"href":"https:\/\/eltrabajo.cl\/portal\/wp-json\/wp\/v2\/posts\/96974","targetHints":{"allow":["GET"]}}],"collection":[{"href":"https:\/\/eltrabajo.cl\/portal\/wp-json\/wp\/v2\/posts"}],"about":[{"href":"https:\/\/eltrabajo.cl\/portal\/wp-json\/wp\/v2\/types\/post"}],"author":[{"embeddable":true,"href":"https:\/\/eltrabajo.cl\/portal\/wp-json\/wp\/v2\/users\/482"}],"replies":[{"embeddable":true,"href":"https:\/\/eltrabajo.cl\/portal\/wp-json\/wp\/v2\/comments?post=96974"}],"version-history":[{"count":0,"href":"https:\/\/eltrabajo.cl\/portal\/wp-json\/wp\/v2\/posts\/96974\/revisions"}],"wp:featuredmedia":[{"embeddable":true,"href":"https:\/\/eltrabajo.cl\/portal\/wp-json\/wp\/v2\/media\/96978"}],"wp:attachment":[{"href":"https:\/\/eltrabajo.cl\/portal\/wp-json\/wp\/v2\/media?parent=96974"}],"wp:term":[{"taxonomy":"category","embeddable":true,"href":"https:\/\/eltrabajo.cl\/portal\/wp-json\/wp\/v2\/categories?post=96974"},{"taxonomy":"post_tag","embeddable":true,"href":"https:\/\/eltrabajo.cl\/portal\/wp-json\/wp\/v2\/tags?post=96974"}],"curies":[{"name":"wp","href":"https:\/\/api.w.org\/{rel}","templated":true}]}}