{"id":96980,"date":"2020-02-18T05:04:40","date_gmt":"2020-02-18T08:04:40","guid":{"rendered":"http:\/\/www.eltrabajo.cl\/portal\/?p=96980"},"modified":"2020-02-17T20:49:24","modified_gmt":"2020-02-17T23:49:24","slug":"haitianos-le-hunden-gollete-de-botella-a-un-sanfelipeno-en-el-abdomen","status":"publish","type":"post","link":"https:\/\/eltrabajo.cl\/portal\/haitianos-le-hunden-gollete-de-botella-a-un-sanfelipeno-en-el-abdomen\/","title":{"rendered":"Haitianos le hunden gollete de botella a un sanfelipe\u00f1o en el abdomen"},"content":{"rendered":"<p><span style=\"color: #ff0000;\"><strong>Tres lo interceptaron en la \u2018Esquina Colorada\u2019:<\/strong><\/span><\/p>\n<ul>\n<li><strong>Los tres agresores fueron detenidos por Carabineros. V\u00edctima sigue grave, pero fuera de peligro vital.<\/strong><\/li>\n<\/ul>\n<p>Un sangriento amanecer fue el que vivi\u00f3 un vecino sanfelipe\u00f1o cuando fue agredido brutalmente por tres personas de nacionalidad haitiana en las inmediaciones de la \u2018Esquina Colorada\u2019 la madrugada de este domingo en San Felipe. La v\u00edctima recibi\u00f3 una herida profunda con el gollete de una botella de vidrio en su est\u00f3mago, lo que ocasion\u00f3 mucho sangrado y no poder defenderse de sus atacantes.<\/p>\n<p>&nbsp;<\/p>\n<p><span style=\"color: #ff0000;\"><strong>FUERON DETENIDOS<\/strong><\/span><\/p>\n<p>Las autoridades siguen investigando si se trat\u00f3 de un asalto, ajuste de cuentas o simple rencilla entre los haitianos y la v\u00edctima, misma que dejaron tirada en el pavimento tras enterarse que varios testigos miraban sus acciones.<\/p>\n<p>La informaci\u00f3n fue confirmada a <strong>Diario El Trabajo<\/strong> por el capit\u00e1n <strong>Franco Herrera<\/strong>, comisario (S) de la Segunda Comisar\u00eda de Carabineros San Felipe.<\/p>\n<p>\u00ab<em>Esta grave agresi\u00f3n ocurri\u00f3 la madrugada de este domingo, luego que Carabineros a trav\u00e9s del tel\u00e9fono de emergencia se requiri\u00f3 su presencia en la esquina de las alamedas Maip\u00fa con Chacabuco, en donde momentos antes un transe\u00fante fue agredido por tres personas de nacionalidad haitiana y ahora imputadas. El m\u00f3vil que ellos tuvieron en esos momentos ahora es materia de investigaci\u00f3n, se desconocen a\u00fan los motivos que hubo para la comisi\u00f3n de ese delito. Al llegar Carabineros conjuntamente con el SAMU se prestaron los Primeros Auxilios a esta persona lesionada que manten\u00eda un corte profundo en la zona de su abdomen, y testigos en el lugar informaron a Carabineros que ellos presenciaron cuando los tres haitianos iniciaron un conato con el afectado, uno de los haitianos quebr\u00f3 una botella de vidrio y con esa botella ocasion\u00f3 este corte a la v\u00edctima identificada con las iniciales <strong>M.D.F.<\/strong> a la altura de su abdomen. El afectado es de nacionalidad chilena, los atacantes se dieron a la fuga al enterarse que eran observados por estos testigos, con los antecedentes y caracter\u00edsticas f\u00edsicas de estas personas haitianas y gracias a que los testigos se mantuvieron en el lugar de los hechos, Carabineros pudo realizar las diligencias y dar con el domicilio de estas personas atacantes, logrando su detenci\u00f3n, donde adem\u00e1s se pudo establecer con las declaraciones de los testigos y viendo las vestimentas que ellos usaban en esos momentos de la agresi\u00f3n, mismas que adem\u00e1s fueron encontradas en poder de estas personas que fueron detenidas. De este procedimiento tom\u00f3 conocimiento el Fiscal de Turno de San Felipe quien orden\u00f3 que los imputados fueran presentados a la Audiencia de Control de Detenci\u00f3n del Tribunal de Garant\u00eda por el delito de Lesiones Graves. La v\u00edctima fue intervenida en el Hospital San Camilo y se encuentra fuera de riesgo vital<\/em>\u00bb, indic\u00f3 a nuestro medio el capit\u00e1n <strong>Franco Herrera<\/strong>, comisario (S) de la Segunda Comisar\u00eda de Carabineros San Felipe.<\/p>\n<p><strong>Roberto Gonz\u00e1lez Short<\/strong><\/p>\n<p>&nbsp;<\/p>\n<figure id=\"attachment_96981\" aria-describedby=\"caption-attachment-96981\" style=\"width: 580px\" class=\"wp-caption alignnone\"><img data-recalc-dims=\"1\" loading=\"lazy\" decoding=\"async\" class=\"size-full wp-image-96981\" src=\"https:\/\/i0.wp.com\/www.eltrabajo.cl\/portal\/wp-content\/uploads\/2020\/02\/Botella_Franco-Herrera.jpg?resize=580%2C598\" alt=\"Capit\u00e1n Franco Herrera, comisario (S) de la Segunda Comisar\u00eda de Carabineros San Felipe.\" width=\"580\" height=\"598\" srcset=\"https:\/\/i0.wp.com\/eltrabajo.cl\/portal\/wp-content\/uploads\/2020\/02\/Botella_Franco-Herrera.jpg?w=580&amp;ssl=1 580w, https:\/\/i0.wp.com\/eltrabajo.cl\/portal\/wp-content\/uploads\/2020\/02\/Botella_Franco-Herrera.jpg?resize=291%2C300&amp;ssl=1 291w, https:\/\/i0.wp.com\/eltrabajo.cl\/portal\/wp-content\/uploads\/2020\/02\/Botella_Franco-Herrera.jpg?resize=145%2C150&amp;ssl=1 145w, https:\/\/i0.wp.com\/eltrabajo.cl\/portal\/wp-content\/uploads\/2020\/02\/Botella_Franco-Herrera.jpg?resize=400%2C412&amp;ssl=1 400w\" sizes=\"auto, (max-width: 580px) 100vw, 580px\" \/><figcaption id=\"caption-attachment-96981\" class=\"wp-caption-text\">Capit\u00e1n Franco Herrera, comisario (S) de la Segunda Comisar\u00eda de Carabineros San Felipe.<\/figcaption><\/figure>\n<p>&nbsp;<\/p>\n<figure id=\"attachment_96982\" aria-describedby=\"caption-attachment-96982\" style=\"width: 580px\" class=\"wp-caption alignnone\"><img data-recalc-dims=\"1\" loading=\"lazy\" decoding=\"async\" class=\"size-full wp-image-96982\" src=\"https:\/\/i0.wp.com\/www.eltrabajo.cl\/portal\/wp-content\/uploads\/2020\/02\/Botella1.jpg?resize=580%2C360\" alt=\"FUERON CAPTURADOS.- Seg\u00fan el capit\u00e1n Herrera, los detenidos son de nacionalidad haitiana y coinciden perfectamente con las descripciones brindadas por los testigos en el lugar. (Referencial)\" width=\"580\" height=\"360\" srcset=\"https:\/\/i0.wp.com\/eltrabajo.cl\/portal\/wp-content\/uploads\/2020\/02\/Botella1.jpg?w=580&amp;ssl=1 580w, https:\/\/i0.wp.com\/eltrabajo.cl\/portal\/wp-content\/uploads\/2020\/02\/Botella1.jpg?resize=300%2C186&amp;ssl=1 300w, https:\/\/i0.wp.com\/eltrabajo.cl\/portal\/wp-content\/uploads\/2020\/02\/Botella1.jpg?resize=200%2C124&amp;ssl=1 200w, https:\/\/i0.wp.com\/eltrabajo.cl\/portal\/wp-content\/uploads\/2020\/02\/Botella1.jpg?resize=242%2C150&amp;ssl=1 242w, https:\/\/i0.wp.com\/eltrabajo.cl\/portal\/wp-content\/uploads\/2020\/02\/Botella1.jpg?resize=400%2C248&amp;ssl=1 400w\" sizes=\"auto, (max-width: 580px) 100vw, 580px\" \/><figcaption id=\"caption-attachment-96982\" class=\"wp-caption-text\">FUERON CAPTURADOS.- Seg\u00fan el capit\u00e1n Herrera, los detenidos son de nacionalidad haitiana y coinciden perfectamente con las descripciones brindadas por los testigos en el lugar. (Referencial)<\/figcaption><\/figure>\n","protected":false},"excerpt":{"rendered":"<p>Tres lo interceptaron en la \u2018Esquina Colorada\u2019: Los tres agresores fueron detenidos por Carabineros. V\u00edctima sigue grave, pero fuera de peligro vital. Un sangriento amanecer fue el que vivi\u00f3 un vecino sanfelipe\u00f1o&#8230;<\/p>\n","protected":false},"author":482,"featured_media":96982,"comment_status":"open","ping_status":"open","sticky":false,"template":"","format":"standard","meta":{"advanced_seo_description":"","jetpack_seo_html_title":"","jetpack_seo_noindex":false,"_jetpack_memberships_contains_paid_content":false,"footnotes":""},"categories":[21],"tags":[],"class_list":["post-96980","post","type-post","status-publish","format-standard","has-post-thumbnail","hentry","category-policial"],"jetpack_featured_media_url":"https:\/\/i0.wp.com\/eltrabajo.cl\/portal\/wp-content\/uploads\/2020\/02\/Botella1.jpg?fit=580%2C360&ssl=1","jetpack_sharing_enabled":true,"jetpack_likes_enabled":true,"jetpack-related-posts":[],"_links":{"self":[{"href":"https:\/\/eltrabajo.cl\/portal\/wp-json\/wp\/v2\/posts\/96980","targetHints":{"allow":["GET"]}}],"collection":[{"href":"https:\/\/eltrabajo.cl\/portal\/wp-json\/wp\/v2\/posts"}],"about":[{"href":"https:\/\/eltrabajo.cl\/portal\/wp-json\/wp\/v2\/types\/post"}],"author":[{"embeddable":true,"href":"https:\/\/eltrabajo.cl\/portal\/wp-json\/wp\/v2\/users\/482"}],"replies":[{"embeddable":true,"href":"https:\/\/eltrabajo.cl\/portal\/wp-json\/wp\/v2\/comments?post=96980"}],"version-history":[{"count":0,"href":"https:\/\/eltrabajo.cl\/portal\/wp-json\/wp\/v2\/posts\/96980\/revisions"}],"wp:featuredmedia":[{"embeddable":true,"href":"https:\/\/eltrabajo.cl\/portal\/wp-json\/wp\/v2\/media\/96982"}],"wp:attachment":[{"href":"https:\/\/eltrabajo.cl\/portal\/wp-json\/wp\/v2\/media?parent=96980"}],"wp:term":[{"taxonomy":"category","embeddable":true,"href":"https:\/\/eltrabajo.cl\/portal\/wp-json\/wp\/v2\/categories?post=96980"},{"taxonomy":"post_tag","embeddable":true,"href":"https:\/\/eltrabajo.cl\/portal\/wp-json\/wp\/v2\/tags?post=96980"}],"curies":[{"name":"wp","href":"https:\/\/api.w.org\/{rel}","templated":true}]}}