{"id":96985,"date":"2020-02-19T05:01:02","date_gmt":"2020-02-19T08:01:02","guid":{"rendered":"http:\/\/www.eltrabajo.cl\/portal\/?p=96985"},"modified":"2020-02-18T21:22:14","modified_gmt":"2020-02-19T00:22:14","slug":"ong-busca-verdadera-reinsercion-social-de-privados-de-libertad-en-aconcagua","status":"publish","type":"post","link":"https:\/\/eltrabajo.cl\/portal\/ong-busca-verdadera-reinsercion-social-de-privados-de-libertad-en-aconcagua\/","title":{"rendered":"ONG busca verdadera reinserci\u00f3n social de privados de libertad en Aconcagua"},"content":{"rendered":"<p><span style=\"color: #ff0000;\"><strong>Invitan a estudiantes a participar en proyecto carcelario:<\/strong><\/span><\/p>\n<p>Un proyecto que busca una adecuada reinserci\u00f3n de privados de libertad del Valle de Aconcagua pr\u00f3ximos a quedar en libertad, es lo que busca cristalizar la ONG Proyecto Reinserci\u00f3n, en este caso puntual el equipo de San Felipe que desde hace varios meses est\u00e1 coordinando las acciones para ponerse a trabajar con los internos de las c\u00e1rceles de Los Andes, San Felipe y el CET de Putaendo.<\/p>\n<p>As\u00ed lo dio a conocer <strong><em>Daniela Rojas<\/em><\/strong>, coordinadora del Equipo San Felipe, a <strong>Diario El Trabajo<\/strong>: <em>\u00abActualmente nos encontramos en la etapa de coordinaci\u00f3n, trabajando en los talleres que desarrollaremos dentro del CCP San Felipe, lo que tambi\u00e9n implica una relaci\u00f3n con el CET Putaendo y CCP Los Andes. Ahora bien, puntualmente estamos en la realizaci\u00f3n del diagn\u00f3stico y reclutamiento de voluntarios. La idea medular es brindar oportunidades sociales a personas que por alguna raz\u00f3n llegaron a los pabellones de una prisi\u00f3n, especialmente a aquellos que est\u00e1n pronto a recobrar su libertad\u00bb,<\/em> dijo Rojas a nuestro medio.<\/p>\n<p>&nbsp;<\/p>\n<p><span style=\"color: #ff0000;\"><strong>ESTUDIANTES INVITADOS<\/strong><\/span><\/p>\n<p>Por su parte <strong>Camila Vera<\/strong>, encargada de comunicaciones de Proyecto Reinserci\u00f3n de San Felipe, nos coment\u00f3 que <em>\u00abel perfil de los internos que pueden participar principalmente en este proyecto, es el de personas que est\u00e1n pr\u00f3ximos a recuperar su libertad y que est\u00e9n condenados por delitos menos graves. Esta segmentaci\u00f3n no es con el fin de discriminar, por el contrario, se realiza para crear grupos de trabajo y as\u00ed poder personalizar los talleres a realizar, ya que las necesidades y experiencias de cada interno son distintas. En este momento estamos invitando a estudiantes de la zona para que se unan al proyecto y puedan participar voluntariamente. No importa la carrera que est\u00e9n cursando, necesitamos personas comprometidas, con ganas y disponibilidad. Para eso pueden comunicarse con nosotros al +56 9 6721 9977 \u00f3 directamente al correo drojas@proreinsercion.cl<\/em>\u00bb, indic\u00f3 Vera.<\/p>\n<p>&nbsp;<\/p>\n<p><span style=\"color: #ff0000;\"><strong>MEDIA D\u00c9CADA<\/strong><\/span><\/p>\n<p>Proyecto Reinserci\u00f3n naci\u00f3 en 2015 al alero de un curso de Ingenier\u00eda Industrial en la Universidad de Chile. Con el apoyo institucional se propiciaron las condiciones para que un motivado grupo de estudiantes se interesara por la reinserci\u00f3n social. Cada a\u00f1o se realizan diferentes actividades como intervenciones sociales, talleres para beneficiarios, charlas, eventos informativos, difusi\u00f3n de iniciativas y contingencia, eventos de articulaci\u00f3n de actores, y Ferias por la Reinserci\u00f3n Social.<\/p>\n<p>Esta es una organizaci\u00f3n sin fines de lucro compuesta por estudiantes universitarios, comprometidos con la reinserci\u00f3n social en Chile. Trabajan por la reinserci\u00f3n social de las personas que est\u00e1n o han pasado por el sistema penal (imputados y con antecedentes), velando por sus derechos humanos, laborales, sociales y\u00a0 judiciales.<\/p>\n<p><strong>Roberto Gonz\u00e1lez Short<\/strong><\/p>\n<p>&nbsp;<\/p>\n<figure id=\"attachment_96988\" aria-describedby=\"caption-attachment-96988\" style=\"width: 580px\" class=\"wp-caption alignnone\"><img data-recalc-dims=\"1\" loading=\"lazy\" decoding=\"async\" class=\"size-full wp-image-96988\" src=\"https:\/\/i0.wp.com\/www.eltrabajo.cl\/portal\/wp-content\/uploads\/2020\/02\/Reinsercion1.jpg?resize=580%2C360\" alt=\"ELLOS AL FRENTE.- Aqu\u00ed vemos a parte del equipo San Felipe de la ONG Proyecto Reinserci\u00f3n, en sus jornadas de inducci\u00f3n, las cuales se realizaron recientemente con el objetivo de prepararlos para sus primeros trabajos voluntarios en contextos privativos de libertad.\" width=\"580\" height=\"360\" srcset=\"https:\/\/i0.wp.com\/eltrabajo.cl\/portal\/wp-content\/uploads\/2020\/02\/Reinsercion1.jpg?w=580&amp;ssl=1 580w, https:\/\/i0.wp.com\/eltrabajo.cl\/portal\/wp-content\/uploads\/2020\/02\/Reinsercion1.jpg?resize=300%2C186&amp;ssl=1 300w, https:\/\/i0.wp.com\/eltrabajo.cl\/portal\/wp-content\/uploads\/2020\/02\/Reinsercion1.jpg?resize=200%2C124&amp;ssl=1 200w, https:\/\/i0.wp.com\/eltrabajo.cl\/portal\/wp-content\/uploads\/2020\/02\/Reinsercion1.jpg?resize=242%2C150&amp;ssl=1 242w, https:\/\/i0.wp.com\/eltrabajo.cl\/portal\/wp-content\/uploads\/2020\/02\/Reinsercion1.jpg?resize=400%2C248&amp;ssl=1 400w\" sizes=\"auto, (max-width: 580px) 100vw, 580px\" \/><figcaption id=\"caption-attachment-96988\" class=\"wp-caption-text\">ELLOS AL FRENTE.- Aqu\u00ed vemos a parte del equipo San Felipe de la ONG Proyecto Reinserci\u00f3n, en sus jornadas de inducci\u00f3n, las cuales se realizaron recientemente con el objetivo de prepararlos para sus primeros trabajos voluntarios en contextos privativos de libertad.<\/figcaption><\/figure>\n<p>&nbsp;<\/p>\n<figure id=\"attachment_96987\" aria-describedby=\"caption-attachment-96987\" style=\"width: 579px\" class=\"wp-caption alignnone\"><img data-recalc-dims=\"1\" loading=\"lazy\" decoding=\"async\" class=\"size-full wp-image-96987\" src=\"https:\/\/i0.wp.com\/www.eltrabajo.cl\/portal\/wp-content\/uploads\/2020\/02\/Reinsercion_Daniela-Rojas.jpg?resize=579%2C600\" alt=\"Daniela Rojas, coordinadora del Equipo San Felipe.\" width=\"579\" height=\"600\" srcset=\"https:\/\/i0.wp.com\/eltrabajo.cl\/portal\/wp-content\/uploads\/2020\/02\/Reinsercion_Daniela-Rojas.jpg?w=579&amp;ssl=1 579w, https:\/\/i0.wp.com\/eltrabajo.cl\/portal\/wp-content\/uploads\/2020\/02\/Reinsercion_Daniela-Rojas.jpg?resize=290%2C300&amp;ssl=1 290w, https:\/\/i0.wp.com\/eltrabajo.cl\/portal\/wp-content\/uploads\/2020\/02\/Reinsercion_Daniela-Rojas.jpg?resize=145%2C150&amp;ssl=1 145w, https:\/\/i0.wp.com\/eltrabajo.cl\/portal\/wp-content\/uploads\/2020\/02\/Reinsercion_Daniela-Rojas.jpg?resize=400%2C415&amp;ssl=1 400w\" sizes=\"auto, (max-width: 579px) 100vw, 579px\" \/><figcaption id=\"caption-attachment-96987\" class=\"wp-caption-text\">Daniela Rojas, coordinadora del Equipo San Felipe.<\/figcaption><\/figure>\n<p>&nbsp;<\/p>\n<figure id=\"attachment_96986\" aria-describedby=\"caption-attachment-96986\" style=\"width: 580px\" class=\"wp-caption alignnone\"><img data-recalc-dims=\"1\" loading=\"lazy\" decoding=\"async\" class=\"size-full wp-image-96986\" src=\"https:\/\/i0.wp.com\/www.eltrabajo.cl\/portal\/wp-content\/uploads\/2020\/02\/Reinsercion_Camila-Vera.jpg?resize=580%2C600\" alt=\"Camila Vera, encargada de comunicaciones de Proyecto Reinserci\u00f3n San Felipe.\" width=\"580\" height=\"600\" srcset=\"https:\/\/i0.wp.com\/eltrabajo.cl\/portal\/wp-content\/uploads\/2020\/02\/Reinsercion_Camila-Vera.jpg?w=580&amp;ssl=1 580w, https:\/\/i0.wp.com\/eltrabajo.cl\/portal\/wp-content\/uploads\/2020\/02\/Reinsercion_Camila-Vera.jpg?resize=290%2C300&amp;ssl=1 290w, https:\/\/i0.wp.com\/eltrabajo.cl\/portal\/wp-content\/uploads\/2020\/02\/Reinsercion_Camila-Vera.jpg?resize=145%2C150&amp;ssl=1 145w, https:\/\/i0.wp.com\/eltrabajo.cl\/portal\/wp-content\/uploads\/2020\/02\/Reinsercion_Camila-Vera.jpg?resize=400%2C414&amp;ssl=1 400w\" sizes=\"auto, (max-width: 580px) 100vw, 580px\" \/><figcaption id=\"caption-attachment-96986\" class=\"wp-caption-text\">Camila Vera, encargada de comunicaciones de Proyecto Reinserci\u00f3n San Felipe.<\/figcaption><\/figure>\n","protected":false},"excerpt":{"rendered":"<p>Invitan a estudiantes a participar en proyecto carcelario: Un proyecto que busca una adecuada reinserci\u00f3n de privados de libertad del Valle de Aconcagua pr\u00f3ximos a quedar en libertad, es lo que busca&#8230;<\/p>\n","protected":false},"author":482,"featured_media":96988,"comment_status":"open","ping_status":"open","sticky":false,"template":"","format":"standard","meta":{"advanced_seo_description":"","jetpack_seo_html_title":"","jetpack_seo_noindex":false,"_jetpack_memberships_contains_paid_content":false,"footnotes":""},"categories":[15],"tags":[],"class_list":["post-96985","post","type-post","status-publish","format-standard","has-post-thumbnail","hentry","category-comunidad"],"jetpack_featured_media_url":"https:\/\/i0.wp.com\/eltrabajo.cl\/portal\/wp-content\/uploads\/2020\/02\/Reinsercion1.jpg?fit=580%2C360&ssl=1","jetpack_sharing_enabled":true,"jetpack_likes_enabled":true,"jetpack-related-posts":[],"_links":{"self":[{"href":"https:\/\/eltrabajo.cl\/portal\/wp-json\/wp\/v2\/posts\/96985","targetHints":{"allow":["GET"]}}],"collection":[{"href":"https:\/\/eltrabajo.cl\/portal\/wp-json\/wp\/v2\/posts"}],"about":[{"href":"https:\/\/eltrabajo.cl\/portal\/wp-json\/wp\/v2\/types\/post"}],"author":[{"embeddable":true,"href":"https:\/\/eltrabajo.cl\/portal\/wp-json\/wp\/v2\/users\/482"}],"replies":[{"embeddable":true,"href":"https:\/\/eltrabajo.cl\/portal\/wp-json\/wp\/v2\/comments?post=96985"}],"version-history":[{"count":0,"href":"https:\/\/eltrabajo.cl\/portal\/wp-json\/wp\/v2\/posts\/96985\/revisions"}],"wp:featuredmedia":[{"embeddable":true,"href":"https:\/\/eltrabajo.cl\/portal\/wp-json\/wp\/v2\/media\/96988"}],"wp:attachment":[{"href":"https:\/\/eltrabajo.cl\/portal\/wp-json\/wp\/v2\/media?parent=96985"}],"wp:term":[{"taxonomy":"category","embeddable":true,"href":"https:\/\/eltrabajo.cl\/portal\/wp-json\/wp\/v2\/categories?post=96985"},{"taxonomy":"post_tag","embeddable":true,"href":"https:\/\/eltrabajo.cl\/portal\/wp-json\/wp\/v2\/tags?post=96985"}],"curies":[{"name":"wp","href":"https:\/\/api.w.org\/{rel}","templated":true}]}}