{"id":97006,"date":"2020-02-19T05:06:36","date_gmt":"2020-02-19T08:06:36","guid":{"rendered":"http:\/\/www.eltrabajo.cl\/portal\/?p=97006"},"modified":"2020-02-18T21:53:33","modified_gmt":"2020-02-19T00:53:33","slug":"motoqueros-entregan-recursos-a-damnificados-por-incendio-en-la-parrasia","status":"publish","type":"post","link":"https:\/\/eltrabajo.cl\/portal\/motoqueros-entregan-recursos-a-damnificados-por-incendio-en-la-parrasia\/","title":{"rendered":"Motoqueros entregan recursos a damnificados por incendio en La Parras\u00eda"},"content":{"rendered":"<p><span style=\"color: #ff0000;\"><strong>C\u00f3ndor Club de Santa Mar\u00eda continuar\u00e1 con campa\u00f1a solidaria:<\/strong><\/span><\/p>\n<p>Luego que las llamas arrasaran el lunes 10 de febrero con unas 27 hect\u00e1reas de pastizales y con ellas afectara cuatro peque\u00f1as viviendas y calcinara vivos a 80 cerdos y cuatro caballos en el sector La Parras\u00eda, lo que el fuego dej\u00f3 a su paso es muerte y desolaci\u00f3n.<\/p>\n<p>Lo que gener\u00f3 que el coordinador del Departamento Social de la Direcci\u00f3n de Desarrollo Comunitario (Dideco), <strong><em>Jos\u00e9 Madrid <\/em><\/strong>se\u00f1alara que \u00ab<em>de acuerdo con los registros de los profesionales del municipio, s\u00f3lo una familia result\u00f3 damnificada. Se trata de un matrimonio de adultos mayores, con quienes se tom\u00f3 contacto para responder a sus necesidades, una de las principales era la entrega de una mediagua <\/em>(\u2026) <em>el matrimonio renunci\u00f3 a este beneficio toda vez que se trasladar\u00e1n a una vivienda que mantienen en arriendo en Poblaci\u00f3n El Esfuerzo, a la espera de la entrega de la casa, actualmente, viven con uno de sus hijos <\/em>(\u2026) <em>una vez que est\u00e9n instalados, se entregar\u00e1 el resto del apoyo social, entre estos, una canasta familiar. Asimismo, se realiz\u00f3 la limpieza del terreno, se trabaja en la reposici\u00f3n de las bodegas y, a trav\u00e9s del Prodesal, se analiza la situaci\u00f3n de los animales afectados por el siniestro<\/em>\u00bb, indic\u00f3 Madrid.<\/p>\n<p>&nbsp;<\/p>\n<p><span style=\"color: #ff0000;\"><strong>UNA AYUDA EXTRA<\/strong><\/span><\/p>\n<p>Sin embargo y de manera independiente varios motoqueros de Santa Mar\u00eda visitaron la zona afectada y se pusieron unir esfuerzos y realizar colectas para unas siete familias afectadas, ya que aunque no viven en el lugar, son siete los crianceros y agricultores que se ganan la vida con estas labores agr\u00edcolas.<\/p>\n<p>Nuestro medio habl\u00f3 con do\u00f1a <strong>Mar\u00eda Ang\u00e9lica Le\u00f3n Gonz\u00e1lez<\/strong>, propietaria de el terreno donde estaban las bodegas que se quemaron, \u00ab<em>en total fueron 80 cerdos los que se calcinaron y cuatro caballos, algunos cerdos a\u00fan est\u00e1n por ah\u00ed en la propiedad, la mayor\u00eda de cuerpos ya fueron enterrados, agradecer a la Municipalidad por el apoyo, y tambi\u00e9n de manera especial a estos motoqueros de Santa Mar\u00eda, quienes llegaron con camionetas llenas de alimento para nuestro ganado, ropa y mercader\u00eda, hasta zapatos nos trajeron, estamos muy agradecidos<\/em>\u00bb, dijo Le\u00f3n.<\/p>\n<p><strong>Diario El Trabajo<\/strong> habl\u00f3 tambi\u00e9n con el motoquero <strong>Jos\u00e9 Z\u00fa\u00f1iga Peralta<\/strong>, representante del C\u00f3ndor Club Santa Mar\u00eda, quien coment\u00f3 que \u00ab<em>esta iniciativa naci\u00f3 del tema de Bomberos que necesitaban agua el d\u00eda del incendio, mi esposa entonces tuvo la iniciativa y vinimos a dejarles agua a los bomberos, despu\u00e9s mi esposa quiso venir al lugar,<\/em> <em>estuvimos harto rato con las familias afectadas, de ah\u00ed naci\u00f3 entonces la idea de apoyar a estas familias con algo, en este caso la ayuda se coordin\u00f3 con los mismos aportes de los compa\u00f1eros motoqueros locales y de otras ciudades. En esta oportunidad estamos entregando pasto para los animales sobrevivientes, ropa y mercader\u00eda para las personas afectadas<\/em>\u00bb, dijo Z\u00fa\u00f1iga.<\/p>\n<p>Los interesados en aportar recursos para estas familias pueden llamar a los tel\u00e9fonos <strong>979130212<\/strong> con Ang\u00e9lica Le\u00f3n, al <strong>973837676<\/strong> con el C\u00f3ndor Club Santa Mar\u00eda.<\/p>\n<p><strong>Roberto Gonz\u00e1lez Short<\/strong><\/p>\n<p>&nbsp;<\/p>\n<figure id=\"attachment_97011\" aria-describedby=\"caption-attachment-97011\" style=\"width: 580px\" class=\"wp-caption alignnone\"><img data-recalc-dims=\"1\" loading=\"lazy\" decoding=\"async\" class=\"size-full wp-image-97011\" src=\"https:\/\/i0.wp.com\/www.eltrabajo.cl\/portal\/wp-content\/uploads\/2020\/02\/Parrasia1.jpg?resize=580%2C360\" alt=\"CAMPA\u00d1A MOTOQUERA.- Los vecinos afectados por el incendio recibieron de los motoqueros los recursos donados para su beneficio.\" width=\"580\" height=\"360\" srcset=\"https:\/\/i0.wp.com\/eltrabajo.cl\/portal\/wp-content\/uploads\/2020\/02\/Parrasia1.jpg?w=580&amp;ssl=1 580w, https:\/\/i0.wp.com\/eltrabajo.cl\/portal\/wp-content\/uploads\/2020\/02\/Parrasia1.jpg?resize=300%2C186&amp;ssl=1 300w, https:\/\/i0.wp.com\/eltrabajo.cl\/portal\/wp-content\/uploads\/2020\/02\/Parrasia1.jpg?resize=200%2C124&amp;ssl=1 200w, https:\/\/i0.wp.com\/eltrabajo.cl\/portal\/wp-content\/uploads\/2020\/02\/Parrasia1.jpg?resize=242%2C150&amp;ssl=1 242w, https:\/\/i0.wp.com\/eltrabajo.cl\/portal\/wp-content\/uploads\/2020\/02\/Parrasia1.jpg?resize=400%2C248&amp;ssl=1 400w\" sizes=\"auto, (max-width: 580px) 100vw, 580px\" \/><figcaption id=\"caption-attachment-97011\" class=\"wp-caption-text\">CAMPA\u00d1A MOTOQUERA.- Los vecinos afectados por el incendio recibieron de los motoqueros los recursos donados para su beneficio.<\/figcaption><\/figure>\n<p>&nbsp;<\/p>\n<figure id=\"attachment_97009\" aria-describedby=\"caption-attachment-97009\" style=\"width: 580px\" class=\"wp-caption alignnone\"><img data-recalc-dims=\"1\" loading=\"lazy\" decoding=\"async\" class=\"size-full wp-image-97009\" src=\"https:\/\/i0.wp.com\/www.eltrabajo.cl\/portal\/wp-content\/uploads\/2020\/02\/Parrasia_Claudia-Perez.jpg?resize=580%2C360\" alt=\"JOVEN GANADERA.- Claudia P\u00e9rez es una joven sanfelipe\u00f1a que cuida de los animales que sobrevivieron.\" width=\"580\" height=\"360\" srcset=\"https:\/\/i0.wp.com\/eltrabajo.cl\/portal\/wp-content\/uploads\/2020\/02\/Parrasia_Claudia-Perez.jpg?w=580&amp;ssl=1 580w, https:\/\/i0.wp.com\/eltrabajo.cl\/portal\/wp-content\/uploads\/2020\/02\/Parrasia_Claudia-Perez.jpg?resize=300%2C186&amp;ssl=1 300w, https:\/\/i0.wp.com\/eltrabajo.cl\/portal\/wp-content\/uploads\/2020\/02\/Parrasia_Claudia-Perez.jpg?resize=200%2C124&amp;ssl=1 200w, https:\/\/i0.wp.com\/eltrabajo.cl\/portal\/wp-content\/uploads\/2020\/02\/Parrasia_Claudia-Perez.jpg?resize=242%2C150&amp;ssl=1 242w, https:\/\/i0.wp.com\/eltrabajo.cl\/portal\/wp-content\/uploads\/2020\/02\/Parrasia_Claudia-Perez.jpg?resize=400%2C248&amp;ssl=1 400w\" sizes=\"auto, (max-width: 580px) 100vw, 580px\" \/><figcaption id=\"caption-attachment-97009\" class=\"wp-caption-text\">JOVEN GANADERA.- Claudia P\u00e9rez es una joven sanfelipe\u00f1a que cuida de los animales que sobrevivieron.<\/figcaption><\/figure>\n<p>&nbsp;<\/p>\n<figure id=\"attachment_97007\" aria-describedby=\"caption-attachment-97007\" style=\"width: 580px\" class=\"wp-caption alignnone\"><img data-recalc-dims=\"1\" loading=\"lazy\" decoding=\"async\" class=\"size-full wp-image-97007\" src=\"https:\/\/i0.wp.com\/www.eltrabajo.cl\/portal\/wp-content\/uploads\/2020\/02\/Parrasia_Alejandro-Silva.jpg?resize=580%2C360\" alt=\"LO PERDI\u00d3 TODO.- Don Alejandro Silva perdi\u00f3 bodega, animales y los veh\u00edculos que ten\u00eda para sus labores.\" width=\"580\" height=\"360\" srcset=\"https:\/\/i0.wp.com\/eltrabajo.cl\/portal\/wp-content\/uploads\/2020\/02\/Parrasia_Alejandro-Silva.jpg?w=580&amp;ssl=1 580w, https:\/\/i0.wp.com\/eltrabajo.cl\/portal\/wp-content\/uploads\/2020\/02\/Parrasia_Alejandro-Silva.jpg?resize=300%2C186&amp;ssl=1 300w, https:\/\/i0.wp.com\/eltrabajo.cl\/portal\/wp-content\/uploads\/2020\/02\/Parrasia_Alejandro-Silva.jpg?resize=200%2C124&amp;ssl=1 200w, https:\/\/i0.wp.com\/eltrabajo.cl\/portal\/wp-content\/uploads\/2020\/02\/Parrasia_Alejandro-Silva.jpg?resize=242%2C150&amp;ssl=1 242w, https:\/\/i0.wp.com\/eltrabajo.cl\/portal\/wp-content\/uploads\/2020\/02\/Parrasia_Alejandro-Silva.jpg?resize=400%2C248&amp;ssl=1 400w\" sizes=\"auto, (max-width: 580px) 100vw, 580px\" \/><figcaption id=\"caption-attachment-97007\" class=\"wp-caption-text\">LO PERDI\u00d3 TODO.- Don Alejandro Silva perdi\u00f3 bodega, animales y los veh\u00edculos que ten\u00eda para sus labores.<\/figcaption><\/figure>\n<p>&nbsp;<\/p>\n<figure id=\"attachment_97010\" aria-describedby=\"caption-attachment-97010\" style=\"width: 580px\" class=\"wp-caption alignnone\"><img data-recalc-dims=\"1\" loading=\"lazy\" decoding=\"async\" class=\"size-full wp-image-97010\" src=\"https:\/\/i0.wp.com\/www.eltrabajo.cl\/portal\/wp-content\/uploads\/2020\/02\/Parrasia_Jose-Zuniga-Peralta.jpg?resize=580%2C598\" alt=\"Jos\u00e9 Z\u00fa\u00f1iga Peralta, representante del C\u00f3ndor Club Santa Mar\u00eda.\" width=\"580\" height=\"598\" srcset=\"https:\/\/i0.wp.com\/eltrabajo.cl\/portal\/wp-content\/uploads\/2020\/02\/Parrasia_Jose-Zuniga-Peralta.jpg?w=580&amp;ssl=1 580w, https:\/\/i0.wp.com\/eltrabajo.cl\/portal\/wp-content\/uploads\/2020\/02\/Parrasia_Jose-Zuniga-Peralta.jpg?resize=291%2C300&amp;ssl=1 291w, https:\/\/i0.wp.com\/eltrabajo.cl\/portal\/wp-content\/uploads\/2020\/02\/Parrasia_Jose-Zuniga-Peralta.jpg?resize=145%2C150&amp;ssl=1 145w, https:\/\/i0.wp.com\/eltrabajo.cl\/portal\/wp-content\/uploads\/2020\/02\/Parrasia_Jose-Zuniga-Peralta.jpg?resize=400%2C412&amp;ssl=1 400w\" sizes=\"auto, (max-width: 580px) 100vw, 580px\" \/><figcaption id=\"caption-attachment-97010\" class=\"wp-caption-text\">Jos\u00e9 Z\u00fa\u00f1iga Peralta, representante del C\u00f3ndor Club Santa Mar\u00eda.<\/figcaption><\/figure>\n<p>&nbsp;<\/p>\n<figure id=\"attachment_97008\" aria-describedby=\"caption-attachment-97008\" style=\"width: 580px\" class=\"wp-caption alignnone\"><img data-recalc-dims=\"1\" loading=\"lazy\" decoding=\"async\" class=\"size-full wp-image-97008\" src=\"https:\/\/i0.wp.com\/www.eltrabajo.cl\/portal\/wp-content\/uploads\/2020\/02\/Parrasia_Angelica-Leon-Gonzalez.jpg?resize=580%2C598\" alt=\"Ang\u00e9lica Le\u00f3n Gonz\u00e1lez, propietaria de la propiedad afectada por el fuego.\" width=\"580\" height=\"598\" srcset=\"https:\/\/i0.wp.com\/eltrabajo.cl\/portal\/wp-content\/uploads\/2020\/02\/Parrasia_Angelica-Leon-Gonzalez.jpg?w=580&amp;ssl=1 580w, https:\/\/i0.wp.com\/eltrabajo.cl\/portal\/wp-content\/uploads\/2020\/02\/Parrasia_Angelica-Leon-Gonzalez.jpg?resize=291%2C300&amp;ssl=1 291w, https:\/\/i0.wp.com\/eltrabajo.cl\/portal\/wp-content\/uploads\/2020\/02\/Parrasia_Angelica-Leon-Gonzalez.jpg?resize=145%2C150&amp;ssl=1 145w, https:\/\/i0.wp.com\/eltrabajo.cl\/portal\/wp-content\/uploads\/2020\/02\/Parrasia_Angelica-Leon-Gonzalez.jpg?resize=400%2C412&amp;ssl=1 400w\" sizes=\"auto, (max-width: 580px) 100vw, 580px\" \/><figcaption id=\"caption-attachment-97008\" class=\"wp-caption-text\">Ang\u00e9lica Le\u00f3n Gonz\u00e1lez, propietaria de la propiedad afectada por el fuego.<\/figcaption><\/figure>\n<p>&nbsp;<\/p>\n<figure id=\"attachment_97012\" aria-describedby=\"caption-attachment-97012\" style=\"width: 580px\" class=\"wp-caption alignnone\"><img data-recalc-dims=\"1\" loading=\"lazy\" decoding=\"async\" class=\"size-full wp-image-97012\" src=\"https:\/\/i0.wp.com\/www.eltrabajo.cl\/portal\/wp-content\/uploads\/2020\/02\/Parrasia2.jpg?resize=580%2C360\" alt=\"CARBONIZADO.- Estos son los restos calcinados de uno de los 80 cerdos que murieron en este infernal incendio en La Parras\u00eda.\" width=\"580\" height=\"360\" srcset=\"https:\/\/i0.wp.com\/eltrabajo.cl\/portal\/wp-content\/uploads\/2020\/02\/Parrasia2.jpg?w=580&amp;ssl=1 580w, https:\/\/i0.wp.com\/eltrabajo.cl\/portal\/wp-content\/uploads\/2020\/02\/Parrasia2.jpg?resize=300%2C186&amp;ssl=1 300w, https:\/\/i0.wp.com\/eltrabajo.cl\/portal\/wp-content\/uploads\/2020\/02\/Parrasia2.jpg?resize=200%2C124&amp;ssl=1 200w, https:\/\/i0.wp.com\/eltrabajo.cl\/portal\/wp-content\/uploads\/2020\/02\/Parrasia2.jpg?resize=242%2C150&amp;ssl=1 242w, https:\/\/i0.wp.com\/eltrabajo.cl\/portal\/wp-content\/uploads\/2020\/02\/Parrasia2.jpg?resize=400%2C248&amp;ssl=1 400w\" sizes=\"auto, (max-width: 580px) 100vw, 580px\" \/><figcaption id=\"caption-attachment-97012\" class=\"wp-caption-text\">CARBONIZADO.- Estos son los restos calcinados de uno de los 80 cerdos que murieron en este infernal incendio en La Parras\u00eda.<\/figcaption><\/figure>\n","protected":false},"excerpt":{"rendered":"<p>C\u00f3ndor Club de Santa Mar\u00eda continuar\u00e1 con campa\u00f1a solidaria: Luego que las llamas arrasaran el lunes 10 de febrero con unas 27 hect\u00e1reas de pastizales y con ellas afectara cuatro peque\u00f1as viviendas&#8230;<\/p>\n","protected":false},"author":482,"featured_media":97011,"comment_status":"open","ping_status":"open","sticky":false,"template":"","format":"standard","meta":{"advanced_seo_description":"","jetpack_seo_html_title":"","jetpack_seo_noindex":false,"_jetpack_memberships_contains_paid_content":false,"footnotes":""},"categories":[15],"tags":[],"class_list":["post-97006","post","type-post","status-publish","format-standard","has-post-thumbnail","hentry","category-comunidad"],"jetpack_featured_media_url":"https:\/\/i0.wp.com\/eltrabajo.cl\/portal\/wp-content\/uploads\/2020\/02\/Parrasia1.jpg?fit=580%2C360&ssl=1","jetpack_sharing_enabled":true,"jetpack_likes_enabled":true,"jetpack-related-posts":[],"_links":{"self":[{"href":"https:\/\/eltrabajo.cl\/portal\/wp-json\/wp\/v2\/posts\/97006","targetHints":{"allow":["GET"]}}],"collection":[{"href":"https:\/\/eltrabajo.cl\/portal\/wp-json\/wp\/v2\/posts"}],"about":[{"href":"https:\/\/eltrabajo.cl\/portal\/wp-json\/wp\/v2\/types\/post"}],"author":[{"embeddable":true,"href":"https:\/\/eltrabajo.cl\/portal\/wp-json\/wp\/v2\/users\/482"}],"replies":[{"embeddable":true,"href":"https:\/\/eltrabajo.cl\/portal\/wp-json\/wp\/v2\/comments?post=97006"}],"version-history":[{"count":0,"href":"https:\/\/eltrabajo.cl\/portal\/wp-json\/wp\/v2\/posts\/97006\/revisions"}],"wp:featuredmedia":[{"embeddable":true,"href":"https:\/\/eltrabajo.cl\/portal\/wp-json\/wp\/v2\/media\/97011"}],"wp:attachment":[{"href":"https:\/\/eltrabajo.cl\/portal\/wp-json\/wp\/v2\/media?parent=97006"}],"wp:term":[{"taxonomy":"category","embeddable":true,"href":"https:\/\/eltrabajo.cl\/portal\/wp-json\/wp\/v2\/categories?post=97006"},{"taxonomy":"post_tag","embeddable":true,"href":"https:\/\/eltrabajo.cl\/portal\/wp-json\/wp\/v2\/tags?post=97006"}],"curies":[{"name":"wp","href":"https:\/\/api.w.org\/{rel}","templated":true}]}}