{"id":97040,"date":"2020-02-21T05:07:02","date_gmt":"2020-02-21T08:07:02","guid":{"rendered":"http:\/\/www.eltrabajo.cl\/portal\/?p=97040"},"modified":"2020-02-20T20:34:55","modified_gmt":"2020-02-20T23:34:55","slug":"cancer-de-laringe-aflige-y-consume-a-conocido-componedor-de-huesos","status":"publish","type":"post","link":"https:\/\/eltrabajo.cl\/portal\/cancer-de-laringe-aflige-y-consume-a-conocido-componedor-de-huesos\/","title":{"rendered":"C\u00e1ncer de laringe aflige y consume a conocido componedor de huesos"},"content":{"rendered":"<p><span style=\"color: #ff0000;\"><strong>Gerardo \u2018Makanaki\u2019 Veas necesita de nuestra ayuda:<\/strong><\/span><\/p>\n<p>Dependiendo de un respirador mec\u00e1nico para poder continuar con vida y sin poder hablar ni alimentarse por la boca, a causa de un c\u00e1ncer de laringe y da\u00f1o en sus pulmones, as\u00ed permanece desde hace siete meses el conocido y querido vecino de La Santita, <strong>Gerardo<\/strong> \u2018<strong>Makanaki<\/strong>\u2019 <strong>Veas<\/strong>, de 76 a\u00f1os de edad. Estos lapidarios males lo tienen a muy mal traer y el panorama para \u00e9l es poco alentador, ya que los m\u00e9dicos lo han desahuciado.<\/p>\n<p>Pese a todo esto y tratando de enfrentar sus enfermedades con una actitud realista, \u2018Makanaki\u2019 no se derrumba, se mantiene sereno y agradecido con Dios por la vida que le ha permitido vivir. <strong>Diario El Trabajo<\/strong> visit\u00f3 al conocido vecino ayer jueves en su casa de habitaci\u00f3n para volver a conversar con \u00e9l, ya que en repetidas ocasiones en nuestro medio publicamos notas period\u00edsticas para destacar su oficio de componedor de huesos, oficio que desarroll\u00f3 durante 60 a\u00f1os.<\/p>\n<p>&nbsp;<\/p>\n<p><span style=\"color: #ff0000;\"><strong>BINGO SOLIDARIO<\/strong><\/span><\/p>\n<p>Toda esta situaci\u00f3n nos lleva a lo importante en este momento para Gerardo. \u00c9l fue tambi\u00e9n un destacado dirigente del Club Deportivo La Santita. Por a\u00f1os se empe\u00f1\u00f3 en ayudar a sus vecinos como dirigente vecinal y ayud\u00f3 mucho en gestiones para que sus cercanos llegaran a tener su vivienda propia. Ha sido un buen hombre hasta el d\u00eda de hoy, es por eso que la comunidad deportiva del Club de F\u00fatbol La Santita est\u00e1 desarrollando junto a su familia un grandioso Bingo Solidario. Premios son lo que m\u00e1s hay, pues de muchas partes han llegado electrodom\u00e9sticos, art\u00edculos de cocina, mercader\u00eda, ropa y l\u00ednea blanca le han donado, para que este Bingo sea m\u00e1s que provechoso para todos.<\/p>\n<p>\u00ab<em>Nuestro amigo Gerardo siempre estuvo ah\u00ed cuando cualquier vecino necesit\u00f3 de apoyo, a los ni\u00f1os les ense\u00f1\u00f3 el amor por el deporte y muchos hoy tienen vivienda propia gracias a su trabajo comunitario; tambi\u00e9n por el trabajo de componedor de huesos y porque supo sembrar solidaridad, por eso ahora lo queremos apoyar; \u00e9l no est\u00e1 solo, est\u00e1 su esposa Mar\u00eda Eugenia acompa\u00f1\u00e1ndole en todo, sus hijos y nietos, y nosotros sus amigos no queremos estar ajenos a su dolor, por eso estamos invitando a todos los sanfelipe\u00f1os para que vengan a jugar este Bingo Solidario por \u2018Makanaki\u2019, ser\u00e1 el s\u00e1bado 22 de febrero a las 19:00 horas en la multicancha de La Santita, el valor de cada cart\u00f3n es de $2.000, hay que apoyar, estar\u00e1n varios artistas sorpresa de la zona animando la jornada<\/em>\u00bb, dijo a nuestro medio el presidente del Club Deportivo La Santita, <strong>Antonio Toro Maldonado<\/strong>.<\/p>\n<p><strong>Roberto Gonz\u00e1lez Short<\/strong><\/p>\n<p>&nbsp;<\/p>\n<figure id=\"attachment_97041\" aria-describedby=\"caption-attachment-97041\" style=\"width: 580px\" class=\"wp-caption alignnone\"><img data-recalc-dims=\"1\" loading=\"lazy\" decoding=\"async\" class=\"size-full wp-image-97041\" src=\"https:\/\/i0.wp.com\/www.eltrabajo.cl\/portal\/wp-content\/uploads\/2020\/02\/Laringe1.jpg?resize=580%2C360\" alt=\"NO EST\u00c1 SOLO.- Aqu\u00ed vemos al conocido componedor de huesos y exdirigente comunitario, Gerardo \u2018Makanaki\u2019 Veas, en compa\u00f1\u00eda de su esposa, hija y nieto, acompa\u00f1ado tambi\u00e9n del directivo del Club Deportivo La Santita.\" width=\"580\" height=\"360\" srcset=\"https:\/\/i0.wp.com\/eltrabajo.cl\/portal\/wp-content\/uploads\/2020\/02\/Laringe1.jpg?w=580&amp;ssl=1 580w, https:\/\/i0.wp.com\/eltrabajo.cl\/portal\/wp-content\/uploads\/2020\/02\/Laringe1.jpg?resize=300%2C186&amp;ssl=1 300w, https:\/\/i0.wp.com\/eltrabajo.cl\/portal\/wp-content\/uploads\/2020\/02\/Laringe1.jpg?resize=200%2C124&amp;ssl=1 200w, https:\/\/i0.wp.com\/eltrabajo.cl\/portal\/wp-content\/uploads\/2020\/02\/Laringe1.jpg?resize=242%2C150&amp;ssl=1 242w, https:\/\/i0.wp.com\/eltrabajo.cl\/portal\/wp-content\/uploads\/2020\/02\/Laringe1.jpg?resize=400%2C248&amp;ssl=1 400w\" sizes=\"auto, (max-width: 580px) 100vw, 580px\" \/><figcaption id=\"caption-attachment-97041\" class=\"wp-caption-text\">NO EST\u00c1 SOLO.- Aqu\u00ed vemos al conocido componedor de huesos y exdirigente comunitario, Gerardo \u2018Makanaki\u2019 Veas, en compa\u00f1\u00eda de su esposa, hija y nieto, acompa\u00f1ado tambi\u00e9n del directivo del Club Deportivo La Santita.<\/figcaption><\/figure>\n<p>&nbsp;<\/p>\n<figure id=\"attachment_97042\" aria-describedby=\"caption-attachment-97042\" style=\"width: 580px\" class=\"wp-caption alignnone\"><img data-recalc-dims=\"1\" loading=\"lazy\" decoding=\"async\" class=\"size-full wp-image-97042\" src=\"https:\/\/i0.wp.com\/www.eltrabajo.cl\/portal\/wp-content\/uploads\/2020\/02\/Laringe_Antonio-Toro-Maldonado.jpg?resize=580%2C600\" alt=\"Presidente del Club Deportivo La Santita, Antonio Toro Maldonado.\" width=\"580\" height=\"600\" srcset=\"https:\/\/i0.wp.com\/eltrabajo.cl\/portal\/wp-content\/uploads\/2020\/02\/Laringe_Antonio-Toro-Maldonado.jpg?w=580&amp;ssl=1 580w, https:\/\/i0.wp.com\/eltrabajo.cl\/portal\/wp-content\/uploads\/2020\/02\/Laringe_Antonio-Toro-Maldonado.jpg?resize=290%2C300&amp;ssl=1 290w, https:\/\/i0.wp.com\/eltrabajo.cl\/portal\/wp-content\/uploads\/2020\/02\/Laringe_Antonio-Toro-Maldonado.jpg?resize=145%2C150&amp;ssl=1 145w, https:\/\/i0.wp.com\/eltrabajo.cl\/portal\/wp-content\/uploads\/2020\/02\/Laringe_Antonio-Toro-Maldonado.jpg?resize=400%2C414&amp;ssl=1 400w\" sizes=\"auto, (max-width: 580px) 100vw, 580px\" \/><figcaption id=\"caption-attachment-97042\" class=\"wp-caption-text\">Presidente del Club Deportivo La Santita, Antonio Toro Maldonado.<\/figcaption><\/figure>\n<p>&nbsp;<\/p>\n<figure id=\"attachment_97043\" aria-describedby=\"caption-attachment-97043\" style=\"width: 580px\" class=\"wp-caption alignnone\"><img data-recalc-dims=\"1\" loading=\"lazy\" decoding=\"async\" class=\"size-full wp-image-97043\" src=\"https:\/\/i0.wp.com\/www.eltrabajo.cl\/portal\/wp-content\/uploads\/2020\/02\/Laringe_Gerardo-Veas.jpg?resize=580%2C598\" alt=\"Gerardo Veas, conocido vecino sanfelipe\u00f1o que necesita de nuestro apoyo.\" width=\"580\" height=\"598\" srcset=\"https:\/\/i0.wp.com\/eltrabajo.cl\/portal\/wp-content\/uploads\/2020\/02\/Laringe_Gerardo-Veas.jpg?w=580&amp;ssl=1 580w, https:\/\/i0.wp.com\/eltrabajo.cl\/portal\/wp-content\/uploads\/2020\/02\/Laringe_Gerardo-Veas.jpg?resize=291%2C300&amp;ssl=1 291w, https:\/\/i0.wp.com\/eltrabajo.cl\/portal\/wp-content\/uploads\/2020\/02\/Laringe_Gerardo-Veas.jpg?resize=145%2C150&amp;ssl=1 145w, https:\/\/i0.wp.com\/eltrabajo.cl\/portal\/wp-content\/uploads\/2020\/02\/Laringe_Gerardo-Veas.jpg?resize=400%2C412&amp;ssl=1 400w\" sizes=\"auto, (max-width: 580px) 100vw, 580px\" \/><figcaption id=\"caption-attachment-97043\" class=\"wp-caption-text\">Gerardo Veas, conocido vecino sanfelipe\u00f1o que necesita de nuestro apoyo.<\/figcaption><\/figure>\n","protected":false},"excerpt":{"rendered":"<p>Gerardo \u2018Makanaki\u2019 Veas necesita de nuestra ayuda: Dependiendo de un respirador mec\u00e1nico para poder continuar con vida y sin poder hablar ni alimentarse por la boca, a causa de un c\u00e1ncer de&#8230;<\/p>\n","protected":false},"author":482,"featured_media":97041,"comment_status":"open","ping_status":"open","sticky":false,"template":"","format":"standard","meta":{"advanced_seo_description":"","jetpack_seo_html_title":"","jetpack_seo_noindex":false,"_jetpack_memberships_contains_paid_content":false,"footnotes":""},"categories":[15],"tags":[],"class_list":["post-97040","post","type-post","status-publish","format-standard","has-post-thumbnail","hentry","category-comunidad"],"jetpack_featured_media_url":"https:\/\/i0.wp.com\/eltrabajo.cl\/portal\/wp-content\/uploads\/2020\/02\/Laringe1.jpg?fit=580%2C360&ssl=1","jetpack_sharing_enabled":true,"jetpack_likes_enabled":true,"jetpack-related-posts":[],"_links":{"self":[{"href":"https:\/\/eltrabajo.cl\/portal\/wp-json\/wp\/v2\/posts\/97040","targetHints":{"allow":["GET"]}}],"collection":[{"href":"https:\/\/eltrabajo.cl\/portal\/wp-json\/wp\/v2\/posts"}],"about":[{"href":"https:\/\/eltrabajo.cl\/portal\/wp-json\/wp\/v2\/types\/post"}],"author":[{"embeddable":true,"href":"https:\/\/eltrabajo.cl\/portal\/wp-json\/wp\/v2\/users\/482"}],"replies":[{"embeddable":true,"href":"https:\/\/eltrabajo.cl\/portal\/wp-json\/wp\/v2\/comments?post=97040"}],"version-history":[{"count":0,"href":"https:\/\/eltrabajo.cl\/portal\/wp-json\/wp\/v2\/posts\/97040\/revisions"}],"wp:featuredmedia":[{"embeddable":true,"href":"https:\/\/eltrabajo.cl\/portal\/wp-json\/wp\/v2\/media\/97041"}],"wp:attachment":[{"href":"https:\/\/eltrabajo.cl\/portal\/wp-json\/wp\/v2\/media?parent=97040"}],"wp:term":[{"taxonomy":"category","embeddable":true,"href":"https:\/\/eltrabajo.cl\/portal\/wp-json\/wp\/v2\/categories?post=97040"},{"taxonomy":"post_tag","embeddable":true,"href":"https:\/\/eltrabajo.cl\/portal\/wp-json\/wp\/v2\/tags?post=97040"}],"curies":[{"name":"wp","href":"https:\/\/api.w.org\/{rel}","templated":true}]}}