{"id":97053,"date":"2020-02-24T03:42:35","date_gmt":"2020-02-24T06:42:35","guid":{"rendered":"http:\/\/www.eltrabajo.cl\/portal\/?p=97053"},"modified":"2020-02-24T03:42:35","modified_gmt":"2020-02-24T06:42:35","slug":"se-quita-la-vida-tras-varios-meses-de-no-poder-encontrar-trabajo","status":"publish","type":"post","link":"https:\/\/eltrabajo.cl\/portal\/se-quita-la-vida-tras-varios-meses-de-no-poder-encontrar-trabajo\/","title":{"rendered":"Se quita la vida tras varios meses de no poder encontrar trabajo"},"content":{"rendered":"<p>Un hombre de 35 a\u00f1os de edad, identificado como <strong><em>H\u00e9ctor Alejandro Henr\u00edquez Reyes<\/em><\/strong>, por problemas familiares este s\u00e1bado se suicid\u00f3 en su domicilio en el sector Las Palmas en Llay Llay. La fatal decisi\u00f3n habr\u00eda sido tomada por este vecino a ra\u00edz de no encontrar trabajo desde hace meses, y aparentemente luego de sostener una discusi\u00f3n con su pareja.<\/p>\n<p>La informaci\u00f3n la confirm\u00f3 a Diario El Trabajo por el comisario <strong><em>Luis B\u00e1ez Maldonado<\/em><\/strong>, jefe (S) de la Brigada de Homicidios de la PDI Los Andes, \u00ab<em>en horas de la tarde de este s\u00e1bado y por instrucci\u00f3n del Fiscal de Turno de San Felipe se concurri\u00f3 hasta el sector de Las Palmas en la comuna de Llay Llay para atender el hallazgo del cuerpo sin vida de una persona, funcionarios de nuestra Brigada de Homicidios se trasladaron al sector encontrando en el comedor de una vivienda yac\u00eda el cuerpo en suspensi\u00f3n completa de un individuo de sexo masculino de 35 a\u00f1os de edad y con las iniciales <strong>H.A.H.R.<\/strong>, procediendo entonces con las maniobras de rigor para descolgar el cad\u00e1ver y hacer la revisi\u00f3n externa del mismo, no presentaba su cuerpo lesiones atribuibles a terceros, consider\u00e1ndose la causa posible de la muerte a la asfixia por ahorcamiento de tipo suicida<\/em> (\u2026) <em>nuestras indagaciones indican que la v\u00edctima pasaba por una depresi\u00f3n no tratada medicamente debido a que llevaba mucho tiempo sin trabajo, adem\u00e1s que ya presentaba antecedentes de anteriores intentos de suicidio, luego de una discusi\u00f3n que tuvo con su conyugue y estando ya solo decidi\u00f3 quitarse la vida sin antes enviar algunos mensajes a su pareja manifestando sus intenciones, su pareja fue quien lo hall\u00f3 sin vida en su casa de habitaci\u00f3n, luego de gritar y llamarlo, ingresando tras no tener respuesta encontrando a la v\u00edctima ya sin vida<\/em>\u00bb, indic\u00f3 B\u00e1ez a <strong>Diario El Trabajo<\/strong>.<\/p>\n<p><strong>Roberto Gonz\u00e1lez Short<\/strong><\/p>\n<p>&nbsp;<\/p>\n<figure id=\"attachment_97055\" aria-describedby=\"caption-attachment-97055\" style=\"width: 580px\" class=\"wp-caption alignnone\"><img data-recalc-dims=\"1\" loading=\"lazy\" decoding=\"async\" class=\"size-full wp-image-97055\" src=\"https:\/\/i0.wp.com\/www.eltrabajo.cl\/portal\/wp-content\/uploads\/2020\/02\/Suicidio2.jpg?resize=580%2C358\" alt=\"UNA TRAGEDIA.- Personal especializado del Servicio M\u00e9dico Legal se hizo cargo del cuerpo de H\u00e9ctor Henr\u00edquez. (Referencial)\" width=\"580\" height=\"358\" srcset=\"https:\/\/i0.wp.com\/eltrabajo.cl\/portal\/wp-content\/uploads\/2020\/02\/Suicidio2.jpg?w=580&amp;ssl=1 580w, https:\/\/i0.wp.com\/eltrabajo.cl\/portal\/wp-content\/uploads\/2020\/02\/Suicidio2.jpg?resize=300%2C185&amp;ssl=1 300w, https:\/\/i0.wp.com\/eltrabajo.cl\/portal\/wp-content\/uploads\/2020\/02\/Suicidio2.jpg?resize=200%2C123&amp;ssl=1 200w, https:\/\/i0.wp.com\/eltrabajo.cl\/portal\/wp-content\/uploads\/2020\/02\/Suicidio2.jpg?resize=243%2C150&amp;ssl=1 243w, https:\/\/i0.wp.com\/eltrabajo.cl\/portal\/wp-content\/uploads\/2020\/02\/Suicidio2.jpg?resize=400%2C247&amp;ssl=1 400w\" sizes=\"auto, (max-width: 580px) 100vw, 580px\" \/><figcaption id=\"caption-attachment-97055\" class=\"wp-caption-text\">UNA TRAGEDIA.- Personal especializado del Servicio M\u00e9dico Legal se hizo cargo del cuerpo de H\u00e9ctor Henr\u00edquez. (Referencial)<\/figcaption><\/figure>\n<p>&nbsp;<\/p>\n<figure id=\"attachment_97054\" aria-describedby=\"caption-attachment-97054\" style=\"width: 580px\" class=\"wp-caption alignnone\"><img data-recalc-dims=\"1\" loading=\"lazy\" decoding=\"async\" class=\"size-full wp-image-97054\" src=\"https:\/\/i0.wp.com\/www.eltrabajo.cl\/portal\/wp-content\/uploads\/2020\/02\/Suicidio-2_LUIS-BAEZ-MALDONADO.jpg?resize=580%2C359\" alt=\"Comisario Luis B\u00e1ez Maldonado, jefe (S) de la Brigada de Homicidios de la PDI Los Andes.\" width=\"580\" height=\"359\" srcset=\"https:\/\/i0.wp.com\/eltrabajo.cl\/portal\/wp-content\/uploads\/2020\/02\/Suicidio-2_LUIS-BAEZ-MALDONADO.jpg?w=580&amp;ssl=1 580w, https:\/\/i0.wp.com\/eltrabajo.cl\/portal\/wp-content\/uploads\/2020\/02\/Suicidio-2_LUIS-BAEZ-MALDONADO.jpg?resize=300%2C186&amp;ssl=1 300w, https:\/\/i0.wp.com\/eltrabajo.cl\/portal\/wp-content\/uploads\/2020\/02\/Suicidio-2_LUIS-BAEZ-MALDONADO.jpg?resize=200%2C124&amp;ssl=1 200w, https:\/\/i0.wp.com\/eltrabajo.cl\/portal\/wp-content\/uploads\/2020\/02\/Suicidio-2_LUIS-BAEZ-MALDONADO.jpg?resize=242%2C150&amp;ssl=1 242w, https:\/\/i0.wp.com\/eltrabajo.cl\/portal\/wp-content\/uploads\/2020\/02\/Suicidio-2_LUIS-BAEZ-MALDONADO.jpg?resize=400%2C248&amp;ssl=1 400w\" sizes=\"auto, (max-width: 580px) 100vw, 580px\" \/><figcaption id=\"caption-attachment-97054\" class=\"wp-caption-text\">Comisario Luis B\u00e1ez Maldonado, jefe (S) de la Brigada de Homicidios de la PDI Los Andes.<\/figcaption><\/figure>\n","protected":false},"excerpt":{"rendered":"<p>Un hombre de 35 a\u00f1os de edad, identificado como H\u00e9ctor Alejandro Henr\u00edquez Reyes, por problemas familiares este s\u00e1bado se suicid\u00f3 en su domicilio en el sector Las Palmas en Llay Llay. La&#8230;<\/p>\n","protected":false},"author":482,"featured_media":97055,"comment_status":"open","ping_status":"open","sticky":false,"template":"","format":"standard","meta":{"advanced_seo_description":"","jetpack_seo_html_title":"","jetpack_seo_noindex":false,"_jetpack_memberships_contains_paid_content":false,"footnotes":""},"categories":[21],"tags":[],"class_list":["post-97053","post","type-post","status-publish","format-standard","has-post-thumbnail","hentry","category-policial"],"jetpack_featured_media_url":"https:\/\/i0.wp.com\/eltrabajo.cl\/portal\/wp-content\/uploads\/2020\/02\/Suicidio2.jpg?fit=580%2C358&ssl=1","jetpack_sharing_enabled":true,"jetpack_likes_enabled":true,"jetpack-related-posts":[],"_links":{"self":[{"href":"https:\/\/eltrabajo.cl\/portal\/wp-json\/wp\/v2\/posts\/97053","targetHints":{"allow":["GET"]}}],"collection":[{"href":"https:\/\/eltrabajo.cl\/portal\/wp-json\/wp\/v2\/posts"}],"about":[{"href":"https:\/\/eltrabajo.cl\/portal\/wp-json\/wp\/v2\/types\/post"}],"author":[{"embeddable":true,"href":"https:\/\/eltrabajo.cl\/portal\/wp-json\/wp\/v2\/users\/482"}],"replies":[{"embeddable":true,"href":"https:\/\/eltrabajo.cl\/portal\/wp-json\/wp\/v2\/comments?post=97053"}],"version-history":[{"count":0,"href":"https:\/\/eltrabajo.cl\/portal\/wp-json\/wp\/v2\/posts\/97053\/revisions"}],"wp:featuredmedia":[{"embeddable":true,"href":"https:\/\/eltrabajo.cl\/portal\/wp-json\/wp\/v2\/media\/97055"}],"wp:attachment":[{"href":"https:\/\/eltrabajo.cl\/portal\/wp-json\/wp\/v2\/media?parent=97053"}],"wp:term":[{"taxonomy":"category","embeddable":true,"href":"https:\/\/eltrabajo.cl\/portal\/wp-json\/wp\/v2\/categories?post=97053"},{"taxonomy":"post_tag","embeddable":true,"href":"https:\/\/eltrabajo.cl\/portal\/wp-json\/wp\/v2\/tags?post=97053"}],"curies":[{"name":"wp","href":"https:\/\/api.w.org\/{rel}","templated":true}]}}