{"id":97057,"date":"2020-02-24T03:44:08","date_gmt":"2020-02-24T06:44:08","guid":{"rendered":"http:\/\/www.eltrabajo.cl\/portal\/?p=97057"},"modified":"2020-02-24T10:50:21","modified_gmt":"2020-02-24T13:50:21","slug":"dolor-por-su-polola-muerta-le-llevo-a-quitarse-la-vida","status":"publish","type":"post","link":"https:\/\/eltrabajo.cl\/portal\/dolor-por-su-polola-muerta-le-llevo-a-quitarse-la-vida\/","title":{"rendered":"Dolor por su polola muerta le llev\u00f3 a quitarse la vida"},"content":{"rendered":"<p><span style=\"color: #ff0000;\"><strong>Hallan sin vida a pareja de L\u00eda Fernanda M\u00e9ndez:<\/strong><\/span><\/p>\n<p>Un desgarrador desenlace es el que tuvo la tristemente c\u00e9lebre historia de amor que vivieron una pareja de aconcag\u00fcinos, idilio que se rompi\u00f3 el domingo 9 de diciembre del a\u00f1o pasado, cuando la joven universitaria de 25 a\u00f1os de edad, <strong><em>L\u00eda Fernanda M\u00e9ndez Espinoza<\/em><\/strong>, perdiera la vida en un tr\u00e1gico accidente vehicular, la tragedia ocurri\u00f3 cuando su pareja <strong>Luis Felipe Veas Campos<\/strong> conduc\u00eda el autom\u00f3vil, mismo que termin\u00f3 incrustado al interior del patio de una vivienda ubicada en camino Tocornal de San Felipe.<\/p>\n<p>Lo doblemente tr\u00e1gico ahora, es que Luis Felipe, quien entr\u00f3 en una profunda depresi\u00f3n emocional tras la muerte de su polola, no soport\u00f3 m\u00e1s la angustia y la noche del pasado viernes se quit\u00f3 la vida en el patio de su casa en Villa El Canelo de San Felipe.<\/p>\n<p>&nbsp;<\/p>\n<p><span style=\"color: #ff0000;\"><strong>DEJ\u00d3 UNA CARTA<\/strong><\/span><\/p>\n<p>La informaci\u00f3n fue confirmada a nuestro medio por el comisario <strong><em>Luis B\u00e1ez Maldonado<\/em><\/strong>, jefe (S) de la Brigada de Homicidios de la PDI Los Andes, \u00ab<em>el Fiscal de Turno de la Fiscal\u00eda de San Felipe solicit\u00f3 la concurrencia de personal de la Brigada Especializada, tras el hallazgo del cuerpo sin vida de una persona al interior de un inmueble ubicado en Villa El Canelo de San Felipe, por lo anterior el personal de turno de nuestra Unidad se traslad\u00f3 al domicilio en comento encontrando en el patio posterior de la vivienda en suspensi\u00f3n incompleta el cuerpo de una persona de g\u00e9nero masculino de 26 a\u00f1os de edad <\/em>(\u2026)<em> Se pudo establecer tras la evaluaci\u00f3n externa de nuestro cuerpo policial que \u00e9ste no presentaba lesiones atribuibles a terceros, siendo la causa probable de muerte una asfixia ahorcamiento del tipo suicida la cual ser\u00e1 verificada mediante la necropsia correspondiente del Servicio M\u00e9dico Legal de San Felipe <\/em>(\u2026) <em>tambi\u00e9n se estableci\u00f3 en las declaraciones de testigos que la v\u00edctima se encontraba en una profunda depresi\u00f3n que estaba siendo tratada medicamente por cuanto hace un par de meses hab\u00eda fallecido su pareja en un accidente de tr\u00e1nsito en el sector de Camino Tocornal, lo cual la v\u00edctima no pudo superar, dejando carta de despedida a sus familiares y amigos<\/em>\u00bb, inform\u00f3 el funcionario policial.<\/p>\n<p>Seg\u00fan se inform\u00f3 a las amistades de Luis por redes sociales, sus funerales se desarrollaron en la sede comunitaria de Calle Ej\u00e9rcito Libertador en Putaendo, y las exequias se realizaron ayer domingo en horas de la tarde en la parroquia de esa comuna, descansando luego sus restos mortales en el cementerio parroquial.<\/p>\n<p><strong>Roberto Gonz\u00e1lez Short<\/strong><\/p>\n<p>&nbsp;<\/p>\n<figure id=\"attachment_97058\" aria-describedby=\"caption-attachment-97058\" style=\"width: 580px\" class=\"wp-caption alignnone\"><img data-recalc-dims=\"1\" loading=\"lazy\" decoding=\"async\" class=\"size-full wp-image-97058\" src=\"https:\/\/i0.wp.com\/www.eltrabajo.cl\/portal\/wp-content\/uploads\/2020\/02\/Suicidio1.jpg?resize=580%2C359\" alt=\"TRISTE NOTICIA.- La noticia del mortal accidente fue publicada en nuestro medio el martes 10 de diciembre de 2019.\" width=\"580\" height=\"359\" srcset=\"https:\/\/i0.wp.com\/eltrabajo.cl\/portal\/wp-content\/uploads\/2020\/02\/Suicidio1.jpg?w=580&amp;ssl=1 580w, https:\/\/i0.wp.com\/eltrabajo.cl\/portal\/wp-content\/uploads\/2020\/02\/Suicidio1.jpg?resize=300%2C186&amp;ssl=1 300w, https:\/\/i0.wp.com\/eltrabajo.cl\/portal\/wp-content\/uploads\/2020\/02\/Suicidio1.jpg?resize=200%2C124&amp;ssl=1 200w, https:\/\/i0.wp.com\/eltrabajo.cl\/portal\/wp-content\/uploads\/2020\/02\/Suicidio1.jpg?resize=242%2C150&amp;ssl=1 242w, https:\/\/i0.wp.com\/eltrabajo.cl\/portal\/wp-content\/uploads\/2020\/02\/Suicidio1.jpg?resize=400%2C248&amp;ssl=1 400w\" sizes=\"auto, (max-width: 580px) 100vw, 580px\" \/><figcaption id=\"caption-attachment-97058\" class=\"wp-caption-text\">TRISTE NOTICIA.- La noticia del mortal accidente fue publicada en nuestro medio el martes 10 de diciembre de 2019.<\/figcaption><\/figure>\n<p>&nbsp;<\/p>\n<figure id=\"attachment_97059\" aria-describedby=\"caption-attachment-97059\" style=\"width: 580px\" class=\"wp-caption alignnone\"><img data-recalc-dims=\"1\" loading=\"lazy\" decoding=\"async\" class=\"size-full wp-image-97059\" src=\"https:\/\/i0.wp.com\/www.eltrabajo.cl\/portal\/wp-content\/uploads\/2020\/02\/Suicidio_Luis-Felipe-Veas-Campos.jpg?resize=580%2C598\" alt=\"SE FUE A LO HUMANO.- Luis Felipe Veas Campos, acab\u00f3 con su vida tras perder a su amada L\u00eda Fernanda.\" width=\"580\" height=\"598\" srcset=\"https:\/\/i0.wp.com\/eltrabajo.cl\/portal\/wp-content\/uploads\/2020\/02\/Suicidio_Luis-Felipe-Veas-Campos.jpg?w=580&amp;ssl=1 580w, https:\/\/i0.wp.com\/eltrabajo.cl\/portal\/wp-content\/uploads\/2020\/02\/Suicidio_Luis-Felipe-Veas-Campos.jpg?resize=291%2C300&amp;ssl=1 291w, https:\/\/i0.wp.com\/eltrabajo.cl\/portal\/wp-content\/uploads\/2020\/02\/Suicidio_Luis-Felipe-Veas-Campos.jpg?resize=145%2C150&amp;ssl=1 145w, https:\/\/i0.wp.com\/eltrabajo.cl\/portal\/wp-content\/uploads\/2020\/02\/Suicidio_Luis-Felipe-Veas-Campos.jpg?resize=400%2C412&amp;ssl=1 400w\" sizes=\"auto, (max-width: 580px) 100vw, 580px\" \/><figcaption id=\"caption-attachment-97059\" class=\"wp-caption-text\">SE FUE A LO HUMANO.- Luis Felipe Veas Campos, acab\u00f3 con su vida tras perder a su amada L\u00eda Fernanda.<\/figcaption><\/figure>\n","protected":false},"excerpt":{"rendered":"<p>Hallan sin vida a pareja de L\u00eda Fernanda M\u00e9ndez: Un desgarrador desenlace es el que tuvo la tristemente c\u00e9lebre historia de amor que vivieron una pareja de aconcag\u00fcinos, idilio que se rompi\u00f3&#8230;<\/p>\n","protected":false},"author":482,"featured_media":97058,"comment_status":"open","ping_status":"open","sticky":false,"template":"","format":"standard","meta":{"advanced_seo_description":"","jetpack_seo_html_title":"","jetpack_seo_noindex":false,"_jetpack_memberships_contains_paid_content":false,"footnotes":""},"categories":[21],"tags":[],"class_list":["post-97057","post","type-post","status-publish","format-standard","has-post-thumbnail","hentry","category-policial"],"jetpack_featured_media_url":"https:\/\/i0.wp.com\/eltrabajo.cl\/portal\/wp-content\/uploads\/2020\/02\/Suicidio1.jpg?fit=580%2C359&ssl=1","jetpack_sharing_enabled":true,"jetpack_likes_enabled":true,"jetpack-related-posts":[],"_links":{"self":[{"href":"https:\/\/eltrabajo.cl\/portal\/wp-json\/wp\/v2\/posts\/97057","targetHints":{"allow":["GET"]}}],"collection":[{"href":"https:\/\/eltrabajo.cl\/portal\/wp-json\/wp\/v2\/posts"}],"about":[{"href":"https:\/\/eltrabajo.cl\/portal\/wp-json\/wp\/v2\/types\/post"}],"author":[{"embeddable":true,"href":"https:\/\/eltrabajo.cl\/portal\/wp-json\/wp\/v2\/users\/482"}],"replies":[{"embeddable":true,"href":"https:\/\/eltrabajo.cl\/portal\/wp-json\/wp\/v2\/comments?post=97057"}],"version-history":[{"count":0,"href":"https:\/\/eltrabajo.cl\/portal\/wp-json\/wp\/v2\/posts\/97057\/revisions"}],"wp:featuredmedia":[{"embeddable":true,"href":"https:\/\/eltrabajo.cl\/portal\/wp-json\/wp\/v2\/media\/97058"}],"wp:attachment":[{"href":"https:\/\/eltrabajo.cl\/portal\/wp-json\/wp\/v2\/media?parent=97057"}],"wp:term":[{"taxonomy":"category","embeddable":true,"href":"https:\/\/eltrabajo.cl\/portal\/wp-json\/wp\/v2\/categories?post=97057"},{"taxonomy":"post_tag","embeddable":true,"href":"https:\/\/eltrabajo.cl\/portal\/wp-json\/wp\/v2\/tags?post=97057"}],"curies":[{"name":"wp","href":"https:\/\/api.w.org\/{rel}","templated":true}]}}