{"id":97070,"date":"2020-02-25T05:02:28","date_gmt":"2020-02-25T08:02:28","guid":{"rendered":"http:\/\/www.eltrabajo.cl\/portal\/?p=97070"},"modified":"2020-02-24T21:01:22","modified_gmt":"2020-02-25T00:01:22","slug":"hoy-sera-el-debut-del-uni-uni-en-el-torneo-de-la-primera-b-2020","status":"publish","type":"post","link":"https:\/\/eltrabajo.cl\/portal\/hoy-sera-el-debut-del-uni-uni-en-el-torneo-de-la-primera-b-2020\/","title":{"rendered":"Hoy ser\u00e1 el debut del Un\u00ed Un\u00ed en el torneo de la Primera B 2020"},"content":{"rendered":"<p>Esta noche en el estadio Fiscal de Talca, ante un cuadro que adquiri\u00f3 \u2018chapa\u2019 de favorito, Uni\u00f3n San Felipe rendir\u00e1 su primer examen en el torneo de la Primera Divisi\u00f3n B. Con la baja ya confirmada del volante trasandino <strong>Hern\u00e1n Fredes<\/strong>, m\u00e1s la ausencia obligada por suspensi\u00f3n de <strong>Leandro Fioravanti<\/strong>, el t\u00e9cnico <strong>Erwin Dur\u00e1n<\/strong> ya tiene completamente armado el conjunto que parar\u00e1 frente al \u2018Piduco\u2019.<\/p>\n<p>En la antesala al juego de estreno, el entrenador charl\u00f3 con <strong>Diario El Trabajo<\/strong> para hacer un an\u00e1lisis de c\u00f3mo llega su escuadra al desaf\u00edo de hoy. <em>\u00abHay muchas ganas por jugar, eso se nota en el d\u00eda a d\u00eda; tenemos un gran grupo que por los dem\u00e1s est\u00e1 bien. Iniciamos esta temporada con muchas ansias, ilusi\u00f3n y convicci\u00f3n que lucharemos por cosas importantes\u00bb,<\/em> parti\u00f3 relatando el adiestrador.<\/p>\n<p>El entrenador avis\u00f3 que ha estudiado bien al rival de esta noche: <em>\u00abLo hemos visto en vivo y tambi\u00e9n en videos; sabemos cu\u00e1l ser\u00e1 su posible formaci\u00f3n, adem\u00e1s que en el f\u00fatbol actual todo se sabe por lo que hemos tomado todos los resguardos. Sabemos que Rangers en un equipo de cuidado porque se ha potenciado mucho, pero eso precisamente lo convierte en un rival que motiva mucho el poder enfrentarlo\u00bb,<\/em> explic\u00f3.<\/p>\n<p>Respecto a la baja de Hern\u00e1n Fredes, el coach prefiri\u00f3 no dramatizar. <em>\u00abEs lamentable porque uno sabe lo que genera el jugador, pero tambi\u00e9n siendo un elemento muy importante, es fundamental que el que le toque reemplazarlo lo haga bien, y no tengo dudas que as\u00ed ser\u00e1\u00bb,<\/em> afirm\u00f3.<\/p>\n<p>La posible formaci\u00f3n albirroja ser\u00eda con: Nicol\u00e1s Rodr\u00edguez; Francisco Salinas, Jes\u00fas Pino, Gonzalo Villegas, Jos\u00e9 Vargas; Juan M\u00e9ndez, Enzo Orme\u00f1o, Matt Lagos, Jimmy Cisterna, Gonzalo \u00c1lvarez; Lautaro Palacios.<\/p>\n<p>Los resultados que hasta ahora ha arrojado la primera fecha del torneo son los siguientes:<\/p>\n<p>Magallanes 1 \u2013 Puerto Montt 0; Copiap\u00f3 4 \u2013 Melipilla 1; San Luis 4 \u2013 Barnechea 1; Valdivia 1 \u2013 Santa Cruz 0; Temuco 1 \u2013 \u00d1ublense 2.<\/p>\n<p>&nbsp;<\/p>\n<figure id=\"attachment_97071\" aria-describedby=\"caption-attachment-97071\" style=\"width: 577px\" class=\"wp-caption alignnone\"><img data-recalc-dims=\"1\" loading=\"lazy\" decoding=\"async\" class=\"size-full wp-image-97071\" src=\"https:\/\/i0.wp.com\/www.eltrabajo.cl\/portal\/wp-content\/uploads\/2020\/02\/uni-uni-1.jpg?resize=577%2C360\" alt=\"El plantel sanfelipe\u00f1o es una de sus \u00faltimas pr\u00e1cticas previas al estreno de esta noche.\" width=\"577\" height=\"360\" srcset=\"https:\/\/i0.wp.com\/eltrabajo.cl\/portal\/wp-content\/uploads\/2020\/02\/uni-uni-1.jpg?w=577&amp;ssl=1 577w, https:\/\/i0.wp.com\/eltrabajo.cl\/portal\/wp-content\/uploads\/2020\/02\/uni-uni-1.jpg?resize=300%2C187&amp;ssl=1 300w, https:\/\/i0.wp.com\/eltrabajo.cl\/portal\/wp-content\/uploads\/2020\/02\/uni-uni-1.jpg?resize=200%2C125&amp;ssl=1 200w, https:\/\/i0.wp.com\/eltrabajo.cl\/portal\/wp-content\/uploads\/2020\/02\/uni-uni-1.jpg?resize=240%2C150&amp;ssl=1 240w, https:\/\/i0.wp.com\/eltrabajo.cl\/portal\/wp-content\/uploads\/2020\/02\/uni-uni-1.jpg?resize=400%2C250&amp;ssl=1 400w\" sizes=\"auto, (max-width: 577px) 100vw, 577px\" \/><figcaption id=\"caption-attachment-97071\" class=\"wp-caption-text\">El plantel sanfelipe\u00f1o es una de sus \u00faltimas pr\u00e1cticas previas al estreno de esta noche.<\/figcaption><\/figure>\n","protected":false},"excerpt":{"rendered":"<p>Esta noche en el estadio Fiscal de Talca, ante un cuadro que adquiri\u00f3 \u2018chapa\u2019 de favorito, Uni\u00f3n San Felipe rendir\u00e1 su primer examen en el torneo de la Primera Divisi\u00f3n B. Con&#8230;<\/p>\n","protected":false},"author":482,"featured_media":97071,"comment_status":"open","ping_status":"open","sticky":false,"template":"","format":"standard","meta":{"advanced_seo_description":"","jetpack_seo_html_title":"","jetpack_seo_noindex":false,"_jetpack_memberships_contains_paid_content":false,"footnotes":""},"categories":[19],"tags":[],"class_list":["post-97070","post","type-post","status-publish","format-standard","has-post-thumbnail","hentry","category-deportes"],"jetpack_featured_media_url":"https:\/\/i0.wp.com\/eltrabajo.cl\/portal\/wp-content\/uploads\/2020\/02\/uni-uni-1.jpg?fit=577%2C360&ssl=1","jetpack_sharing_enabled":true,"jetpack_likes_enabled":true,"jetpack-related-posts":[],"_links":{"self":[{"href":"https:\/\/eltrabajo.cl\/portal\/wp-json\/wp\/v2\/posts\/97070","targetHints":{"allow":["GET"]}}],"collection":[{"href":"https:\/\/eltrabajo.cl\/portal\/wp-json\/wp\/v2\/posts"}],"about":[{"href":"https:\/\/eltrabajo.cl\/portal\/wp-json\/wp\/v2\/types\/post"}],"author":[{"embeddable":true,"href":"https:\/\/eltrabajo.cl\/portal\/wp-json\/wp\/v2\/users\/482"}],"replies":[{"embeddable":true,"href":"https:\/\/eltrabajo.cl\/portal\/wp-json\/wp\/v2\/comments?post=97070"}],"version-history":[{"count":0,"href":"https:\/\/eltrabajo.cl\/portal\/wp-json\/wp\/v2\/posts\/97070\/revisions"}],"wp:featuredmedia":[{"embeddable":true,"href":"https:\/\/eltrabajo.cl\/portal\/wp-json\/wp\/v2\/media\/97071"}],"wp:attachment":[{"href":"https:\/\/eltrabajo.cl\/portal\/wp-json\/wp\/v2\/media?parent=97070"}],"wp:term":[{"taxonomy":"category","embeddable":true,"href":"https:\/\/eltrabajo.cl\/portal\/wp-json\/wp\/v2\/categories?post=97070"},{"taxonomy":"post_tag","embeddable":true,"href":"https:\/\/eltrabajo.cl\/portal\/wp-json\/wp\/v2\/tags?post=97070"}],"curies":[{"name":"wp","href":"https:\/\/api.w.org\/{rel}","templated":true}]}}