{"id":97073,"date":"2020-02-25T05:03:55","date_gmt":"2020-02-25T08:03:55","guid":{"rendered":"http:\/\/www.eltrabajo.cl\/portal\/?p=97073"},"modified":"2020-02-24T21:07:39","modified_gmt":"2020-02-25T00:07:39","slug":"con-esquinazo-reggaeton-arabe-y-mucha-alegria-se-realizo-el-cambio-de-folio-91-de-diario-el-trabajo","status":"publish","type":"post","link":"https:\/\/eltrabajo.cl\/portal\/con-esquinazo-reggaeton-arabe-y-mucha-alegria-se-realizo-el-cambio-de-folio-91-de-diario-el-trabajo\/","title":{"rendered":"Con esquinazo, reggaet\u00f3n \u00e1rabe y mucha alegr\u00eda se realiz\u00f3 el Cambio de Folio 91 de Diario El Trabajo"},"content":{"rendered":"<p><span style=\"color: #ff0000;\"><strong>Alcalde Patricio Freire y colaboradores del diario se unieron a nuestra fiesta:<\/strong><\/span><\/p>\n<p>\u00cdntimo, grato, concurrido y muy ameno fue el Cambio de Folio N\u00ba91 de <strong>Diario El Trabajo<\/strong> que se desarroll\u00f3 ayer en nuestra Sala de Redacci\u00f3n con la presencia del alcalde Patricio Freire Canto, instituciones civiles de nuestra comuna y amigos cercanos a nuestro medio. Se trata del tradicional encuentro anual entre quienes producimos el peri\u00f3dico m\u00e1s le\u00eddo en Aconcagua y sus m\u00e1s cercanos colaboradores en el marco de un nuevo aniversario.<\/p>\n<p>\u00ab<em>Como alcalde y a nombre de la comuna y Concejo Municipal de San Felipe hoy quiero saludar cari\u00f1osamente a la Familia Juri y a quienes participan en este importante diario, por estos 91 a\u00f1os de existencia. Debemos recordar que desde hace m\u00e1s de nueve d\u00e9cadas, generaci\u00f3n tras generaci\u00f3n, lo primero que hacemos para actualizarnos diariamente todos los d\u00edas, es leer <strong>Diario El Trabajo<\/strong>, nacimos y crecimos al calor de la noticia bien investigada y las mejores gr\u00e1ficas informativas del acontecer de todo el Valle de Aconcagua, gracias Familia Juri, por estos 91 a\u00f1os de periodismo veraz y actualizado<\/em>\u00bb, dijo emocionado el alcalde <strong>Patricio Freire <\/strong>durante la actividad.<\/p>\n<p>Por su parte el director de nuestro medio <strong>Marco Antonio Juri<\/strong>, visiblemente emocionado tambi\u00e9n agradeci\u00f3 a sus invitados por el permanente apoyo en el tiempo: <em>\u00abEs una satisfacci\u00f3n tremenda poder contar en este d\u00eda tan importante para nosotros, con la presencia de ustedes, amigos de esta casa period\u00edstica. Es una demostraci\u00f3n de cari\u00f1o y afecto muy importante que valoramos, pues demuestra el cari\u00f1o y afecto de una comunidad para con nuestro medio de comunicaci\u00f3n, el m\u00e1s antiguo del valle de Aconcagua y uno de los m\u00e1s antiguos del pa\u00eds. Agradecer tambi\u00e9n al alcalde Patricio Freire por acompa\u00f1arnos en esta tradicional ceremonia, quien fue precisamente el encargado de realizar el cambio de folio de nuestro diario\u00bb,<\/em> coment\u00f3 Juri.<\/p>\n<p>&nbsp;<\/p>\n<p><span style=\"color: #ff0000;\"><strong>NUESTROS INVITADOS<\/strong><\/span><\/p>\n<p>Tambi\u00e9n entre los invitados estuvieron la se\u00f1ora Mar\u00eda G\u00f3mez Ruiz, presidenta de la Cruz Roja de San Felipe; la directora de Bienestar Social, Yilian Morales y su comitiva; Manuel Machuca, de la Corporaci\u00f3n Scouts Ashanti de San Felipe; el tesorero de la UNCO San Felipe, Hugo Venegas; varios miembros de la colonia venezolana con el ritmo de los tremendos bailarines Sara\u00ed Mart\u00ednez y su acompa\u00f1ante Diego Vald\u00e9s; el Club de Cueca Tierra Querida de la Municipalidad de San Felipe; el campe\u00f3n regional del Campeonato de cueca Hermandad, estudiante de la Escuela Agr\u00edcola, Pedro Gonz\u00e1lez, y su acompa\u00f1ante provisional Javiera Castro, as\u00ed como el presidente de la Sociedad de Artesanos La Uni\u00f3n de San Felipe, Jaime Canales y compa\u00f1\u00eda.<\/p>\n<p>Esquinazo de lujo, reggaet\u00f3n \u00e1rabe, comidas y bebidas, regalos para el diario y muchos abrazos fue lo ofrecido para el deleite de los presentes en nuestro aniversario.<\/p>\n<p>Todos quienes laboramos en <strong>Diario El Trabajo<\/strong> agradecemos efusivamente todo el cari\u00f1o, fidelidad y respaldo que a lo largo de estos 91 a\u00f1os los vecinos del Valle de Aconcagua han brindado a este proyecto period\u00edstico al servicio de todos.<\/p>\n<p><strong>Roberto Gonz\u00e1lez Short<\/strong><\/p>\n<p>&nbsp;<\/p>\n<figure id=\"attachment_97075\" aria-describedby=\"caption-attachment-97075\" style=\"width: 580px\" class=\"wp-caption alignnone\"><img data-recalc-dims=\"1\" loading=\"lazy\" decoding=\"async\" class=\"size-full wp-image-97075\" src=\"https:\/\/i0.wp.com\/www.eltrabajo.cl\/portal\/wp-content\/uploads\/2020\/02\/Aniversario1.jpg?resize=580%2C360\" alt=\"SON 91 A\u00d1OS.- Este es el momento justo en que el alcalde Patricio Freire hizo el Cambio de Folio oficial de nuestro peri\u00f3dico en nuestra Sala de Redacci\u00f3n en el Edificio Miguel Ricardo Juri Juri, Salinas 248.\" width=\"580\" height=\"360\" srcset=\"https:\/\/i0.wp.com\/eltrabajo.cl\/portal\/wp-content\/uploads\/2020\/02\/Aniversario1.jpg?w=580&amp;ssl=1 580w, https:\/\/i0.wp.com\/eltrabajo.cl\/portal\/wp-content\/uploads\/2020\/02\/Aniversario1.jpg?resize=300%2C186&amp;ssl=1 300w, https:\/\/i0.wp.com\/eltrabajo.cl\/portal\/wp-content\/uploads\/2020\/02\/Aniversario1.jpg?resize=200%2C124&amp;ssl=1 200w, https:\/\/i0.wp.com\/eltrabajo.cl\/portal\/wp-content\/uploads\/2020\/02\/Aniversario1.jpg?resize=242%2C150&amp;ssl=1 242w, https:\/\/i0.wp.com\/eltrabajo.cl\/portal\/wp-content\/uploads\/2020\/02\/Aniversario1.jpg?resize=400%2C248&amp;ssl=1 400w\" sizes=\"auto, (max-width: 580px) 100vw, 580px\" \/><figcaption id=\"caption-attachment-97075\" class=\"wp-caption-text\">SON 91 A\u00d1OS.- Este es el momento justo en que el alcalde Patricio Freire hizo el Cambio de Folio oficial de nuestro peri\u00f3dico en nuestra Sala de Redacci\u00f3n en el Edificio Miguel Ricardo Juri Juri, Salinas 348.<\/figcaption><\/figure>\n<p>&nbsp;<\/p>\n<figure id=\"attachment_97076\" aria-describedby=\"caption-attachment-97076\" style=\"width: 580px\" class=\"wp-caption alignnone\"><img data-recalc-dims=\"1\" loading=\"lazy\" decoding=\"async\" class=\"size-full wp-image-97076\" src=\"https:\/\/i0.wp.com\/www.eltrabajo.cl\/portal\/wp-content\/uploads\/2020\/02\/Aniversario2.jpg?resize=580%2C358\" alt=\"FIELES AMIGOS.- La delegaci\u00f3n de la Cruz Roja sanfelipe\u00f1a se hizo presente con el cari\u00f1o de siempre para nuestro diario.\" width=\"580\" height=\"358\" srcset=\"https:\/\/i0.wp.com\/eltrabajo.cl\/portal\/wp-content\/uploads\/2020\/02\/Aniversario2.jpg?w=580&amp;ssl=1 580w, https:\/\/i0.wp.com\/eltrabajo.cl\/portal\/wp-content\/uploads\/2020\/02\/Aniversario2.jpg?resize=300%2C185&amp;ssl=1 300w, https:\/\/i0.wp.com\/eltrabajo.cl\/portal\/wp-content\/uploads\/2020\/02\/Aniversario2.jpg?resize=200%2C123&amp;ssl=1 200w, https:\/\/i0.wp.com\/eltrabajo.cl\/portal\/wp-content\/uploads\/2020\/02\/Aniversario2.jpg?resize=243%2C150&amp;ssl=1 243w, https:\/\/i0.wp.com\/eltrabajo.cl\/portal\/wp-content\/uploads\/2020\/02\/Aniversario2.jpg?resize=400%2C247&amp;ssl=1 400w\" sizes=\"auto, (max-width: 580px) 100vw, 580px\" \/><figcaption id=\"caption-attachment-97076\" class=\"wp-caption-text\">FIELES AMIGOS.- La delegaci\u00f3n de la Cruz Roja sanfelipe\u00f1a se hizo presente con el cari\u00f1o de siempre para nuestro diario.<\/figcaption><\/figure>\n<p>&nbsp;<\/p>\n<figure id=\"attachment_97077\" aria-describedby=\"caption-attachment-97077\" style=\"width: 580px\" class=\"wp-caption alignnone\"><img data-recalc-dims=\"1\" loading=\"lazy\" decoding=\"async\" class=\"size-full wp-image-97077\" src=\"https:\/\/i0.wp.com\/www.eltrabajo.cl\/portal\/wp-content\/uploads\/2020\/02\/Aniversario3.jpg?resize=580%2C360\" alt=\"EL GRAN DETALLE.- La primera autoridad comunal de San Felipe, Patricio Freire Canto, hizo entrega a nuestro medio un bello recuerdo a nombre de \u00e9l y todo el Concejo Municipal.\" width=\"580\" height=\"360\" srcset=\"https:\/\/i0.wp.com\/eltrabajo.cl\/portal\/wp-content\/uploads\/2020\/02\/Aniversario3.jpg?w=580&amp;ssl=1 580w, https:\/\/i0.wp.com\/eltrabajo.cl\/portal\/wp-content\/uploads\/2020\/02\/Aniversario3.jpg?resize=300%2C186&amp;ssl=1 300w, https:\/\/i0.wp.com\/eltrabajo.cl\/portal\/wp-content\/uploads\/2020\/02\/Aniversario3.jpg?resize=200%2C124&amp;ssl=1 200w, https:\/\/i0.wp.com\/eltrabajo.cl\/portal\/wp-content\/uploads\/2020\/02\/Aniversario3.jpg?resize=242%2C150&amp;ssl=1 242w, https:\/\/i0.wp.com\/eltrabajo.cl\/portal\/wp-content\/uploads\/2020\/02\/Aniversario3.jpg?resize=400%2C248&amp;ssl=1 400w\" sizes=\"auto, (max-width: 580px) 100vw, 580px\" \/><figcaption id=\"caption-attachment-97077\" class=\"wp-caption-text\">EL GRAN DETALLE.- La primera autoridad comunal de San Felipe, Patricio Freire Canto, hizo entrega a nuestro medio un bello recuerdo a nombre de \u00e9l y todo el Concejo Municipal.<\/figcaption><\/figure>\n<p>&nbsp;<\/p>\n<figure id=\"attachment_97079\" aria-describedby=\"caption-attachment-97079\" style=\"width: 580px\" class=\"wp-caption alignnone\"><img data-recalc-dims=\"1\" loading=\"lazy\" decoding=\"async\" class=\"size-full wp-image-97079\" src=\"https:\/\/i0.wp.com\/www.eltrabajo.cl\/portal\/wp-content\/uploads\/2020\/02\/Aniversario5.jpg?resize=580%2C360\" alt=\"GRANDE CAMPE\u00d3N.- El campe\u00f3n regional del Campeonato de cueca Hermandad, estudiante de la Escuela Agr\u00edcola, Pedro Gonz\u00e1lez y su acompa\u00f1ante provisional Javiera Castro, tambi\u00e9n bailaron su pie de cueca.\" width=\"580\" height=\"360\" srcset=\"https:\/\/i0.wp.com\/eltrabajo.cl\/portal\/wp-content\/uploads\/2020\/02\/Aniversario5.jpg?w=580&amp;ssl=1 580w, https:\/\/i0.wp.com\/eltrabajo.cl\/portal\/wp-content\/uploads\/2020\/02\/Aniversario5.jpg?resize=300%2C186&amp;ssl=1 300w, https:\/\/i0.wp.com\/eltrabajo.cl\/portal\/wp-content\/uploads\/2020\/02\/Aniversario5.jpg?resize=200%2C124&amp;ssl=1 200w, https:\/\/i0.wp.com\/eltrabajo.cl\/portal\/wp-content\/uploads\/2020\/02\/Aniversario5.jpg?resize=242%2C150&amp;ssl=1 242w, https:\/\/i0.wp.com\/eltrabajo.cl\/portal\/wp-content\/uploads\/2020\/02\/Aniversario5.jpg?resize=400%2C248&amp;ssl=1 400w\" sizes=\"auto, (max-width: 580px) 100vw, 580px\" \/><figcaption id=\"caption-attachment-97079\" class=\"wp-caption-text\">GRANDE CAMPE\u00d3N.- El campe\u00f3n regional del Campeonato de cueca Hermandad, estudiante de la Escuela Agr\u00edcola, Pedro Gonz\u00e1lez y su acompa\u00f1ante provisional Javiera Castro, tambi\u00e9n bailaron su pie de cueca.<\/figcaption><\/figure>\n<p>&nbsp;<\/p>\n<figure id=\"attachment_97080\" aria-describedby=\"caption-attachment-97080\" style=\"width: 580px\" class=\"wp-caption alignnone\"><img data-recalc-dims=\"1\" loading=\"lazy\" decoding=\"async\" class=\"size-full wp-image-97080\" src=\"https:\/\/i0.wp.com\/www.eltrabajo.cl\/portal\/wp-content\/uploads\/2020\/02\/Aniversario6.jpg?resize=580%2C360\" alt=\"VISITA CORDIAL.- Personeros de la Sociedad de Artesanos La Uni\u00f3n de San Felipe compartieron tambi\u00e9n con nuestro director algunos minutos.\" width=\"580\" height=\"360\" srcset=\"https:\/\/i0.wp.com\/eltrabajo.cl\/portal\/wp-content\/uploads\/2020\/02\/Aniversario6.jpg?w=580&amp;ssl=1 580w, https:\/\/i0.wp.com\/eltrabajo.cl\/portal\/wp-content\/uploads\/2020\/02\/Aniversario6.jpg?resize=300%2C186&amp;ssl=1 300w, https:\/\/i0.wp.com\/eltrabajo.cl\/portal\/wp-content\/uploads\/2020\/02\/Aniversario6.jpg?resize=200%2C124&amp;ssl=1 200w, https:\/\/i0.wp.com\/eltrabajo.cl\/portal\/wp-content\/uploads\/2020\/02\/Aniversario6.jpg?resize=242%2C150&amp;ssl=1 242w, https:\/\/i0.wp.com\/eltrabajo.cl\/portal\/wp-content\/uploads\/2020\/02\/Aniversario6.jpg?resize=400%2C248&amp;ssl=1 400w\" sizes=\"auto, (max-width: 580px) 100vw, 580px\" \/><figcaption id=\"caption-attachment-97080\" class=\"wp-caption-text\">VISITA CORDIAL.- Personeros de la Sociedad de Artesanos La Uni\u00f3n de San Felipe compartieron tambi\u00e9n con nuestro director algunos minutos.<\/figcaption><\/figure>\n<p>&nbsp;<\/p>\n<figure id=\"attachment_97081\" aria-describedby=\"caption-attachment-97081\" style=\"width: 580px\" class=\"wp-caption alignnone\"><img data-recalc-dims=\"1\" loading=\"lazy\" decoding=\"async\" class=\"size-full wp-image-97081\" src=\"https:\/\/i0.wp.com\/www.eltrabajo.cl\/portal\/wp-content\/uploads\/2020\/02\/Aniversario7.jpg?resize=580%2C359\" alt=\"REGGAETONEROS.- Nuestra diagramadora Mar\u00eda Ang\u00e9lica Juri y el bailar\u00edn Humberto Silva se dieron un gusto con el reggaet\u00f3n \u00e1rabe.\" width=\"580\" height=\"359\" srcset=\"https:\/\/i0.wp.com\/eltrabajo.cl\/portal\/wp-content\/uploads\/2020\/02\/Aniversario7.jpg?w=580&amp;ssl=1 580w, https:\/\/i0.wp.com\/eltrabajo.cl\/portal\/wp-content\/uploads\/2020\/02\/Aniversario7.jpg?resize=300%2C186&amp;ssl=1 300w, https:\/\/i0.wp.com\/eltrabajo.cl\/portal\/wp-content\/uploads\/2020\/02\/Aniversario7.jpg?resize=200%2C124&amp;ssl=1 200w, https:\/\/i0.wp.com\/eltrabajo.cl\/portal\/wp-content\/uploads\/2020\/02\/Aniversario7.jpg?resize=242%2C150&amp;ssl=1 242w, https:\/\/i0.wp.com\/eltrabajo.cl\/portal\/wp-content\/uploads\/2020\/02\/Aniversario7.jpg?resize=400%2C248&amp;ssl=1 400w\" sizes=\"auto, (max-width: 580px) 100vw, 580px\" \/><figcaption id=\"caption-attachment-97081\" class=\"wp-caption-text\">REGGAETONEROS.- Nuestra diagramadora Mar\u00eda Ang\u00e9lica Juri y el bailar\u00edn Humberto Silva se dieron un gusto con el reggaet\u00f3n \u00e1rabe.<\/figcaption><\/figure>\n<p>&nbsp;<\/p>\n<figure id=\"attachment_97082\" aria-describedby=\"caption-attachment-97082\" style=\"width: 580px\" class=\"wp-caption alignnone\"><img data-recalc-dims=\"1\" loading=\"lazy\" decoding=\"async\" class=\"size-full wp-image-97082\" src=\"https:\/\/i0.wp.com\/www.eltrabajo.cl\/portal\/wp-content\/uploads\/2020\/02\/Aniversario8.jpg?resize=580%2C360\" alt=\"SCOUTS REGALONES.- La comitiva de Scouts Ashanti San Felipe no fall\u00f3 este a\u00f1o y nuestro regalo entreg\u00f3.\" width=\"580\" height=\"360\" srcset=\"https:\/\/i0.wp.com\/eltrabajo.cl\/portal\/wp-content\/uploads\/2020\/02\/Aniversario8.jpg?w=580&amp;ssl=1 580w, https:\/\/i0.wp.com\/eltrabajo.cl\/portal\/wp-content\/uploads\/2020\/02\/Aniversario8.jpg?resize=300%2C186&amp;ssl=1 300w, https:\/\/i0.wp.com\/eltrabajo.cl\/portal\/wp-content\/uploads\/2020\/02\/Aniversario8.jpg?resize=200%2C124&amp;ssl=1 200w, https:\/\/i0.wp.com\/eltrabajo.cl\/portal\/wp-content\/uploads\/2020\/02\/Aniversario8.jpg?resize=242%2C150&amp;ssl=1 242w, https:\/\/i0.wp.com\/eltrabajo.cl\/portal\/wp-content\/uploads\/2020\/02\/Aniversario8.jpg?resize=400%2C248&amp;ssl=1 400w\" sizes=\"auto, (max-width: 580px) 100vw, 580px\" \/><figcaption id=\"caption-attachment-97082\" class=\"wp-caption-text\">SCOUTS REGALONES.- La comitiva de Scouts Ashanti San Felipe no fall\u00f3 este a\u00f1o y nuestro regalo entreg\u00f3.<\/figcaption><\/figure>\n<p>&nbsp;<\/p>\n<figure id=\"attachment_97083\" aria-describedby=\"caption-attachment-97083\" style=\"width: 580px\" class=\"wp-caption alignnone\"><img data-recalc-dims=\"1\" loading=\"lazy\" decoding=\"async\" class=\"size-full wp-image-97083\" src=\"https:\/\/i0.wp.com\/www.eltrabajo.cl\/portal\/wp-content\/uploads\/2020\/02\/Aniversario9.jpg?resize=580%2C359\" alt=\"VISITAS MUY ESPECIALES.- Aqu\u00ed tenemos la comitiva venezolana y folcl\u00f3rica asentada en el Valle de Aconcagua, en nuestra Sala de Redacci\u00f3n.\" width=\"580\" height=\"359\" srcset=\"https:\/\/i0.wp.com\/eltrabajo.cl\/portal\/wp-content\/uploads\/2020\/02\/Aniversario9.jpg?w=580&amp;ssl=1 580w, https:\/\/i0.wp.com\/eltrabajo.cl\/portal\/wp-content\/uploads\/2020\/02\/Aniversario9.jpg?resize=300%2C186&amp;ssl=1 300w, https:\/\/i0.wp.com\/eltrabajo.cl\/portal\/wp-content\/uploads\/2020\/02\/Aniversario9.jpg?resize=200%2C124&amp;ssl=1 200w, https:\/\/i0.wp.com\/eltrabajo.cl\/portal\/wp-content\/uploads\/2020\/02\/Aniversario9.jpg?resize=242%2C150&amp;ssl=1 242w, https:\/\/i0.wp.com\/eltrabajo.cl\/portal\/wp-content\/uploads\/2020\/02\/Aniversario9.jpg?resize=400%2C248&amp;ssl=1 400w\" sizes=\"auto, (max-width: 580px) 100vw, 580px\" \/><figcaption id=\"caption-attachment-97083\" class=\"wp-caption-text\">VISITAS MUY ESPECIALES.- Aqu\u00ed tenemos la comitiva venezolana y folcl\u00f3rica asentada en el Valle de Aconcagua, en nuestra Sala de Redacci\u00f3n.<\/figcaption><\/figure>\n<p>&nbsp;<\/p>\n<figure id=\"attachment_97084\" aria-describedby=\"caption-attachment-97084\" style=\"width: 580px\" class=\"wp-caption alignnone\"><img data-recalc-dims=\"1\" loading=\"lazy\" decoding=\"async\" class=\"size-full wp-image-97084\" src=\"https:\/\/i0.wp.com\/www.eltrabajo.cl\/portal\/wp-content\/uploads\/2020\/02\/Aniversario10.jpg?resize=580%2C360\" alt=\"EL DIARIO DEL PUEBLO.- As\u00ed cerramos la fiesta 91 de Diario El Trabajo, esperamos que este nuevo a\u00f1o que empieza sea de bienestar para todos los aconcag\u00fcinos.\" width=\"580\" height=\"360\" srcset=\"https:\/\/i0.wp.com\/eltrabajo.cl\/portal\/wp-content\/uploads\/2020\/02\/Aniversario10.jpg?w=580&amp;ssl=1 580w, https:\/\/i0.wp.com\/eltrabajo.cl\/portal\/wp-content\/uploads\/2020\/02\/Aniversario10.jpg?resize=300%2C186&amp;ssl=1 300w, https:\/\/i0.wp.com\/eltrabajo.cl\/portal\/wp-content\/uploads\/2020\/02\/Aniversario10.jpg?resize=200%2C124&amp;ssl=1 200w, https:\/\/i0.wp.com\/eltrabajo.cl\/portal\/wp-content\/uploads\/2020\/02\/Aniversario10.jpg?resize=242%2C150&amp;ssl=1 242w, https:\/\/i0.wp.com\/eltrabajo.cl\/portal\/wp-content\/uploads\/2020\/02\/Aniversario10.jpg?resize=400%2C248&amp;ssl=1 400w\" sizes=\"auto, (max-width: 580px) 100vw, 580px\" \/><figcaption id=\"caption-attachment-97084\" class=\"wp-caption-text\">EL DIARIO DEL PUEBLO.- As\u00ed cerramos la fiesta 91 de Diario El Trabajo, esperamos que este nuevo a\u00f1o que empieza sea de bienestar para todos los aconcag\u00fcinos.<\/figcaption><\/figure>\n<p>&nbsp;<\/p>\n<figure id=\"attachment_97078\" aria-describedby=\"caption-attachment-97078\" style=\"width: 579px\" class=\"wp-caption alignnone\"><img data-recalc-dims=\"1\" loading=\"lazy\" decoding=\"async\" class=\"size-full wp-image-97078\" src=\"https:\/\/i0.wp.com\/www.eltrabajo.cl\/portal\/wp-content\/uploads\/2020\/02\/Aniversario4.jpg?resize=579%2C800\" alt=\"EL ESQUINAZO.- Aqu\u00ed tenemos al tremendo bailar\u00edn Humberto Silva bailando con la regalona Sara\u00ed Mart\u00ednez, de Venezuela.\" width=\"579\" height=\"800\" srcset=\"https:\/\/i0.wp.com\/eltrabajo.cl\/portal\/wp-content\/uploads\/2020\/02\/Aniversario4.jpg?w=579&amp;ssl=1 579w, https:\/\/i0.wp.com\/eltrabajo.cl\/portal\/wp-content\/uploads\/2020\/02\/Aniversario4.jpg?resize=217%2C300&amp;ssl=1 217w, https:\/\/i0.wp.com\/eltrabajo.cl\/portal\/wp-content\/uploads\/2020\/02\/Aniversario4.jpg?resize=109%2C150&amp;ssl=1 109w, https:\/\/i0.wp.com\/eltrabajo.cl\/portal\/wp-content\/uploads\/2020\/02\/Aniversario4.jpg?resize=400%2C553&amp;ssl=1 400w\" sizes=\"auto, (max-width: 579px) 100vw, 579px\" \/><figcaption id=\"caption-attachment-97078\" class=\"wp-caption-text\">EL ESQUINAZO.- Aqu\u00ed tenemos al tremendo bailar\u00edn Humberto Silva bailando con la regalona Sara\u00ed Mart\u00ednez, de Venezuela.<\/figcaption><\/figure>\n","protected":false},"excerpt":{"rendered":"<p>Alcalde Patricio Freire y colaboradores del diario se unieron a nuestra fiesta: \u00cdntimo, grato, concurrido y muy ameno fue el Cambio de Folio N\u00ba91 de Diario El Trabajo que se desarroll\u00f3 ayer&#8230;<\/p>\n","protected":false},"author":482,"featured_media":97075,"comment_status":"open","ping_status":"open","sticky":false,"template":"","format":"standard","meta":{"advanced_seo_description":"","jetpack_seo_html_title":"","jetpack_seo_noindex":false,"_jetpack_memberships_contains_paid_content":false,"footnotes":""},"categories":[15],"tags":[],"class_list":["post-97073","post","type-post","status-publish","format-standard","has-post-thumbnail","hentry","category-comunidad"],"jetpack_featured_media_url":"https:\/\/i0.wp.com\/eltrabajo.cl\/portal\/wp-content\/uploads\/2020\/02\/Aniversario1.jpg?fit=580%2C360&ssl=1","jetpack_sharing_enabled":true,"jetpack_likes_enabled":true,"jetpack-related-posts":[],"_links":{"self":[{"href":"https:\/\/eltrabajo.cl\/portal\/wp-json\/wp\/v2\/posts\/97073","targetHints":{"allow":["GET"]}}],"collection":[{"href":"https:\/\/eltrabajo.cl\/portal\/wp-json\/wp\/v2\/posts"}],"about":[{"href":"https:\/\/eltrabajo.cl\/portal\/wp-json\/wp\/v2\/types\/post"}],"author":[{"embeddable":true,"href":"https:\/\/eltrabajo.cl\/portal\/wp-json\/wp\/v2\/users\/482"}],"replies":[{"embeddable":true,"href":"https:\/\/eltrabajo.cl\/portal\/wp-json\/wp\/v2\/comments?post=97073"}],"version-history":[{"count":0,"href":"https:\/\/eltrabajo.cl\/portal\/wp-json\/wp\/v2\/posts\/97073\/revisions"}],"wp:featuredmedia":[{"embeddable":true,"href":"https:\/\/eltrabajo.cl\/portal\/wp-json\/wp\/v2\/media\/97075"}],"wp:attachment":[{"href":"https:\/\/eltrabajo.cl\/portal\/wp-json\/wp\/v2\/media?parent=97073"}],"wp:term":[{"taxonomy":"category","embeddable":true,"href":"https:\/\/eltrabajo.cl\/portal\/wp-json\/wp\/v2\/categories?post=97073"},{"taxonomy":"post_tag","embeddable":true,"href":"https:\/\/eltrabajo.cl\/portal\/wp-json\/wp\/v2\/tags?post=97073"}],"curies":[{"name":"wp","href":"https:\/\/api.w.org\/{rel}","templated":true}]}}