{"id":97086,"date":"2020-02-25T05:04:54","date_gmt":"2020-02-25T08:04:54","guid":{"rendered":"http:\/\/www.eltrabajo.cl\/portal\/?p=97086"},"modified":"2020-02-24T21:10:35","modified_gmt":"2020-02-25T00:10:35","slug":"menores-roban-20-millones-en-especies-de-empresa-que-organiza-chaya-en-putaendo","status":"publish","type":"post","link":"https:\/\/eltrabajo.cl\/portal\/menores-roban-20-millones-en-especies-de-empresa-que-organiza-chaya-en-putaendo\/","title":{"rendered":"Menores roban $20 millones en especies de empresa que organiza Chaya en Putaendo"},"content":{"rendered":"<p><span style=\"color: #ff0000;\"><strong>SIP de Carabineros ya recuper\u00f3 $12 millones de lo sustra\u00eddo:<\/strong><\/span><\/p>\n<p>Nuevamente los \u2018amigos de lo ajeno\u2019 hacen de las suyas en Putaendo, en esta oportunidad se robaron unos 20 millones de pesos en implementos de sonido de alt\u00edsima calidad, puntualmente micr\u00f3fonos de alta fidelidad y otros artefactos de uso musical, en el escenario mismo donde se estuvo desarrollando la Fiesta de la Chaya 2020 en el centro de la ciudad.<\/p>\n<p>&nbsp;<\/p>\n<p><span style=\"color: #ff0000;\"><strong>\u00bfY LA VIGILANCIA?<\/strong><\/span><\/p>\n<p>Pese a que la empresa que organiz\u00f3 la Fiesta de la Chaya s\u00ed contaba con personal de vigilancia, en este caso <em>SKAN Eventos<\/em> result\u00f3 afectada por el robo, luego que la ma\u00f1ana del pasado s\u00e1bado varios menores de edad entraron en acci\u00f3n, hall\u00e1ndose entre lo sustra\u00eddo los equipos de sonido, los cuales fueron arrancados de sus bases donde se encontraban guardados, para luego huir del lugar. Las especies fueron avaluadas en la suma de $20.000.000 (veinte millones de pesos), por lo que personal policial de la Tenencia de Putaendo dio cuenta al Fiscal de Turno, quien dispuso que al sitio del suceso concurriera personal de la SIP de Carabineros y realizara diligencias para dar con el paradero de los antisociales.<\/p>\n<p>El personal policial realiz\u00f3 las respectivas diligencias verificando las c\u00e1maras de seguridad, en donde se observ\u00f3 que al t\u00e9rmino del evento y una vez que se retir\u00f3 todo el personal, dos sujetos sacaron desde debajo del escenario unos maletines y una pantalla de la consola de sonido, identificando a los antisociales registrados en las grabaciones de las c\u00e1maras.<\/p>\n<p>Los carabineros con la previa autorizaci\u00f3n del Fiscal de Turno realizaron el correspondiente ingreso a los domicilios de los antisociales, entrevist\u00e1ndose con uno de ellos, el cual indic\u00f3 donde manten\u00eda guardadas algunas de las especies, las cuales fueron recuperadas y avaluadas en la suma de $12.000.000 (doce millones de pesos), siendo devueltas a su propietarios, faltando por recuperar un malet\u00edn con distintos tipos de micr\u00f3fonos, avaluados en $8.000.000. Los dos menores de edad (16 a\u00f1os) quedaron en libertad, apercibidos del Art. 26 del C.P.P., en espera de citaci\u00f3n.<\/p>\n<p><strong>Roberto Gonz\u00e1lez Short<\/strong><\/p>\n<p>&nbsp;<\/p>\n<figure id=\"attachment_97087\" aria-describedby=\"caption-attachment-97087\" style=\"width: 580px\" class=\"wp-caption alignnone\"><img data-recalc-dims=\"1\" loading=\"lazy\" decoding=\"async\" class=\"size-full wp-image-97087\" src=\"https:\/\/i0.wp.com\/www.eltrabajo.cl\/portal\/wp-content\/uploads\/2020\/02\/Recuperados1.jpg?resize=580%2C360\" alt=\"RECUPERADOS.- Estos son parte de los art\u00edculos que los menores robaron a la empresa SKAN Eventos, encargada de producir la Fiesta de la Chaya en Putaendo este a\u00f1o.\" width=\"580\" height=\"360\" srcset=\"https:\/\/i0.wp.com\/eltrabajo.cl\/portal\/wp-content\/uploads\/2020\/02\/Recuperados1.jpg?w=580&amp;ssl=1 580w, https:\/\/i0.wp.com\/eltrabajo.cl\/portal\/wp-content\/uploads\/2020\/02\/Recuperados1.jpg?resize=300%2C186&amp;ssl=1 300w, https:\/\/i0.wp.com\/eltrabajo.cl\/portal\/wp-content\/uploads\/2020\/02\/Recuperados1.jpg?resize=200%2C124&amp;ssl=1 200w, https:\/\/i0.wp.com\/eltrabajo.cl\/portal\/wp-content\/uploads\/2020\/02\/Recuperados1.jpg?resize=242%2C150&amp;ssl=1 242w, https:\/\/i0.wp.com\/eltrabajo.cl\/portal\/wp-content\/uploads\/2020\/02\/Recuperados1.jpg?resize=400%2C248&amp;ssl=1 400w\" sizes=\"auto, (max-width: 580px) 100vw, 580px\" \/><figcaption id=\"caption-attachment-97087\" class=\"wp-caption-text\">RECUPERADOS.- Estos son parte de los art\u00edculos que los menores robaron a la empresa SKAN Eventos, encargada de producir la Fiesta de la Chaya en Putaendo este a\u00f1o.<\/figcaption><\/figure>\n","protected":false},"excerpt":{"rendered":"<p>SIP de Carabineros ya recuper\u00f3 $12 millones de lo sustra\u00eddo: Nuevamente los \u2018amigos de lo ajeno\u2019 hacen de las suyas en Putaendo, en esta oportunidad se robaron unos 20 millones de pesos&#8230;<\/p>\n","protected":false},"author":482,"featured_media":97087,"comment_status":"open","ping_status":"open","sticky":false,"template":"","format":"standard","meta":{"advanced_seo_description":"","jetpack_seo_html_title":"","jetpack_seo_noindex":false,"_jetpack_memberships_contains_paid_content":false,"footnotes":""},"categories":[21],"tags":[],"class_list":["post-97086","post","type-post","status-publish","format-standard","has-post-thumbnail","hentry","category-policial"],"jetpack_featured_media_url":"https:\/\/i0.wp.com\/eltrabajo.cl\/portal\/wp-content\/uploads\/2020\/02\/Recuperados1.jpg?fit=580%2C360&ssl=1","jetpack_sharing_enabled":true,"jetpack_likes_enabled":true,"jetpack-related-posts":[],"_links":{"self":[{"href":"https:\/\/eltrabajo.cl\/portal\/wp-json\/wp\/v2\/posts\/97086","targetHints":{"allow":["GET"]}}],"collection":[{"href":"https:\/\/eltrabajo.cl\/portal\/wp-json\/wp\/v2\/posts"}],"about":[{"href":"https:\/\/eltrabajo.cl\/portal\/wp-json\/wp\/v2\/types\/post"}],"author":[{"embeddable":true,"href":"https:\/\/eltrabajo.cl\/portal\/wp-json\/wp\/v2\/users\/482"}],"replies":[{"embeddable":true,"href":"https:\/\/eltrabajo.cl\/portal\/wp-json\/wp\/v2\/comments?post=97086"}],"version-history":[{"count":0,"href":"https:\/\/eltrabajo.cl\/portal\/wp-json\/wp\/v2\/posts\/97086\/revisions"}],"wp:featuredmedia":[{"embeddable":true,"href":"https:\/\/eltrabajo.cl\/portal\/wp-json\/wp\/v2\/media\/97087"}],"wp:attachment":[{"href":"https:\/\/eltrabajo.cl\/portal\/wp-json\/wp\/v2\/media?parent=97086"}],"wp:term":[{"taxonomy":"category","embeddable":true,"href":"https:\/\/eltrabajo.cl\/portal\/wp-json\/wp\/v2\/categories?post=97086"},{"taxonomy":"post_tag","embeddable":true,"href":"https:\/\/eltrabajo.cl\/portal\/wp-json\/wp\/v2\/tags?post=97086"}],"curies":[{"name":"wp","href":"https:\/\/api.w.org\/{rel}","templated":true}]}}