{"id":97089,"date":"2020-02-25T05:05:39","date_gmt":"2020-02-25T08:05:39","guid":{"rendered":"http:\/\/www.eltrabajo.cl\/portal\/?p=97089"},"modified":"2020-02-24T21:14:34","modified_gmt":"2020-02-25T00:14:34","slug":"a-punta-de-pistola-asaltan-a-mujer-y-le-roban-auto-cuando-salia-de-la-afema","status":"publish","type":"post","link":"https:\/\/eltrabajo.cl\/portal\/a-punta-de-pistola-asaltan-a-mujer-y-le-roban-auto-cuando-salia-de-la-afema\/","title":{"rendered":"A punta de pistola asaltan a mujer y le roban auto cuando sal\u00eda de la Afema"},"content":{"rendered":"<p><span style=\"color: #ff0000;\"><strong>Tres delincuentes siguen a\u00fan sin capturar:<\/strong><\/span><\/p>\n<p>M\u00e1s que tratarse del susto de su vida, lo que vivi\u00f3 \u2018<strong><em>Julia<\/em><\/strong>\u2019, una vecina sanfelipe\u00f1a la ma\u00f1ana de ayer lunes en las inmediaciones de la Feria Mayorista de San Felipe (Afema) fue un vil atraco, pues durante todo el tiempo que ella estuvo comprando sus frutas y verduras al interior de la feria, fue vigilada por quienes le enca\u00f1onaron con un arma de fuego y le robaron su veh\u00edculo a plena luz del d\u00eda.<\/p>\n<p>&nbsp;<\/p>\n<p><span style=\"color: #ff0000;\"><strong>A\u00daN SIN RECUPERAR<\/strong><\/span><\/p>\n<p>Tras el asalto, la v\u00edctima llam\u00f3 a Carabineros, comparti\u00f3 por Redes Sociales la alerta del robo de su auto para intentar recuperarlo, pero sin resultados positivos. As\u00ed lo confirm\u00f3 a <strong>Diario El Trabajo<\/strong> el capit\u00e1n <strong>Franco Herrera<\/strong>, comisario (S) de la Segunda Comisar\u00eda de Carabineros San Felipe: <em>\u00abEste d\u00eda lunes aproximadamente a las 11 de la ma\u00f1ana, en el sector de Hacienda Quilpu\u00e9 ac\u00e1 en San Felipe, en donde una se\u00f1ora en circunstancias que hab\u00eda realizado compras de verduras y otras especies en la Feria Mayorista, luego al concurrir a su veh\u00edculo que manten\u00eda estacionado en la v\u00eda p\u00fablica en las inmediaciones de la feria, y cuando ella se dispon\u00eda a abrir ya el veh\u00edculo fue abordada por tres sujetos desconocidos adultos, con acento chileno y a rostro descubierto, uno de ellos premunido con arma de fuego le intimida y les sustrae en este caso las llaves de su veh\u00edculo y los tipos se dan a la fuga en direcci\u00f3n desconocida, y en el veh\u00edculo en este caso de la v\u00edctima, que corresponde en este caso a un Nissan Qashqai, la persona afectada no result\u00f3 lesionada, sin embargo al interior del veh\u00edculo iban especies particulares de ella, documentos de identificaci\u00f3n personal. Ella llam\u00f3 a personal de Carabineros, en pocos minutos se concurri\u00f3 al sector para prestar en este caso la colaboraci\u00f3n a la v\u00edctima, se dispusieron diferentes controles de control vehicular para dar con el veh\u00edculo sustra\u00eddo, no se obtuvieron resultados positivos, finalmente se acogi\u00f3 esta denuncia por Robo con Intimidaci\u00f3n y se hizo el Encargo del veh\u00edculo a nivel nacional en el Sistema de Encargo que mantiene Carabineros de Chile<\/em>\u00bb, inform\u00f3 Herrera.<\/p>\n<p>&nbsp;<\/p>\n<figure id=\"attachment_97092\" aria-describedby=\"caption-attachment-97092\" style=\"width: 580px\" class=\"wp-caption alignnone\"><img data-recalc-dims=\"1\" loading=\"lazy\" decoding=\"async\" class=\"size-full wp-image-97092\" src=\"https:\/\/i0.wp.com\/www.eltrabajo.cl\/portal\/wp-content\/uploads\/2020\/02\/Robado2.jpg?resize=580%2C359\" alt=\"URGE INFORMACI\u00d3N.- Quienes tengan informaci\u00f3n sobre el paradero de este veh\u00edculo, pueden llamar a Carabineros o bien a su propietaria do\u00f1a Julia, al +56 9 7851 8765.\" width=\"580\" height=\"359\" srcset=\"https:\/\/i0.wp.com\/eltrabajo.cl\/portal\/wp-content\/uploads\/2020\/02\/Robado2.jpg?w=580&amp;ssl=1 580w, https:\/\/i0.wp.com\/eltrabajo.cl\/portal\/wp-content\/uploads\/2020\/02\/Robado2.jpg?resize=300%2C186&amp;ssl=1 300w, https:\/\/i0.wp.com\/eltrabajo.cl\/portal\/wp-content\/uploads\/2020\/02\/Robado2.jpg?resize=200%2C124&amp;ssl=1 200w, https:\/\/i0.wp.com\/eltrabajo.cl\/portal\/wp-content\/uploads\/2020\/02\/Robado2.jpg?resize=242%2C150&amp;ssl=1 242w, https:\/\/i0.wp.com\/eltrabajo.cl\/portal\/wp-content\/uploads\/2020\/02\/Robado2.jpg?resize=400%2C248&amp;ssl=1 400w\" sizes=\"auto, (max-width: 580px) 100vw, 580px\" \/><figcaption id=\"caption-attachment-97092\" class=\"wp-caption-text\">URGE INFORMACI\u00d3N.- Quienes tengan informaci\u00f3n sobre el paradero de este veh\u00edculo, pueden llamar a Carabineros o bien a su propietaria do\u00f1a Julia, al +56 9 7851 8765.<\/figcaption><\/figure>\n<p>&nbsp;<\/p>\n<figure id=\"attachment_97091\" aria-describedby=\"caption-attachment-97091\" style=\"width: 580px\" class=\"wp-caption alignnone\"><img data-recalc-dims=\"1\" loading=\"lazy\" decoding=\"async\" class=\"size-full wp-image-97091\" src=\"https:\/\/i0.wp.com\/www.eltrabajo.cl\/portal\/wp-content\/uploads\/2020\/02\/Robado1.jpg?resize=580%2C359\" alt=\"ATRACO DEL D\u00cdA.- El atraco ocurri\u00f3 cuando la v\u00edctima ya hab\u00eda salido de esta Feria Mayorista en Hacienda Quilpu\u00e9.\" width=\"580\" height=\"359\" srcset=\"https:\/\/i0.wp.com\/eltrabajo.cl\/portal\/wp-content\/uploads\/2020\/02\/Robado1.jpg?w=580&amp;ssl=1 580w, https:\/\/i0.wp.com\/eltrabajo.cl\/portal\/wp-content\/uploads\/2020\/02\/Robado1.jpg?resize=300%2C186&amp;ssl=1 300w, https:\/\/i0.wp.com\/eltrabajo.cl\/portal\/wp-content\/uploads\/2020\/02\/Robado1.jpg?resize=200%2C124&amp;ssl=1 200w, https:\/\/i0.wp.com\/eltrabajo.cl\/portal\/wp-content\/uploads\/2020\/02\/Robado1.jpg?resize=242%2C150&amp;ssl=1 242w, https:\/\/i0.wp.com\/eltrabajo.cl\/portal\/wp-content\/uploads\/2020\/02\/Robado1.jpg?resize=400%2C248&amp;ssl=1 400w\" sizes=\"auto, (max-width: 580px) 100vw, 580px\" \/><figcaption id=\"caption-attachment-97091\" class=\"wp-caption-text\">ATRACO DEL D\u00cdA.- El atraco ocurri\u00f3 cuando la v\u00edctima ya hab\u00eda salido de esta Feria Mayorista en Hacienda Quilpu\u00e9.<\/figcaption><\/figure>\n<p>&nbsp;<\/p>\n<figure id=\"attachment_97093\" aria-describedby=\"caption-attachment-97093\" style=\"width: 580px\" class=\"wp-caption alignnone\"><img data-recalc-dims=\"1\" loading=\"lazy\" decoding=\"async\" class=\"size-full wp-image-97093\" src=\"https:\/\/i0.wp.com\/www.eltrabajo.cl\/portal\/wp-content\/uploads\/2020\/02\/Robado3.jpg?resize=580%2C360\" alt=\"EN S\u00d3LO SEGUNDOS.- La mujer no pudo presentar resistencia, los asaltantes estaban enca\u00f1on\u00e1ndole con un arma de fuego. (Referencial)\" width=\"580\" height=\"360\" srcset=\"https:\/\/i0.wp.com\/eltrabajo.cl\/portal\/wp-content\/uploads\/2020\/02\/Robado3.jpg?w=580&amp;ssl=1 580w, https:\/\/i0.wp.com\/eltrabajo.cl\/portal\/wp-content\/uploads\/2020\/02\/Robado3.jpg?resize=300%2C186&amp;ssl=1 300w, https:\/\/i0.wp.com\/eltrabajo.cl\/portal\/wp-content\/uploads\/2020\/02\/Robado3.jpg?resize=200%2C124&amp;ssl=1 200w, https:\/\/i0.wp.com\/eltrabajo.cl\/portal\/wp-content\/uploads\/2020\/02\/Robado3.jpg?resize=242%2C150&amp;ssl=1 242w, https:\/\/i0.wp.com\/eltrabajo.cl\/portal\/wp-content\/uploads\/2020\/02\/Robado3.jpg?resize=400%2C248&amp;ssl=1 400w\" sizes=\"auto, (max-width: 580px) 100vw, 580px\" \/><figcaption id=\"caption-attachment-97093\" class=\"wp-caption-text\">EN S\u00d3LO SEGUNDOS.- La mujer no pudo presentar resistencia, los asaltantes estaban enca\u00f1on\u00e1ndole con un arma de fuego. (Referencial)<\/figcaption><\/figure>\n<p>&nbsp;<\/p>\n<figure id=\"attachment_97090\" aria-describedby=\"caption-attachment-97090\" style=\"width: 580px\" class=\"wp-caption alignnone\"><img data-recalc-dims=\"1\" loading=\"lazy\" decoding=\"async\" class=\"size-full wp-image-97090\" src=\"https:\/\/i0.wp.com\/www.eltrabajo.cl\/portal\/wp-content\/uploads\/2020\/02\/Robado_Franco-Herrera.jpg?resize=580%2C598\" alt=\"Capit\u00e1n Franco Herrera, comisario (S) de la Segunda Comisar\u00eda de Carabineros San Felipe.\" width=\"580\" height=\"598\" srcset=\"https:\/\/i0.wp.com\/eltrabajo.cl\/portal\/wp-content\/uploads\/2020\/02\/Robado_Franco-Herrera.jpg?w=580&amp;ssl=1 580w, https:\/\/i0.wp.com\/eltrabajo.cl\/portal\/wp-content\/uploads\/2020\/02\/Robado_Franco-Herrera.jpg?resize=291%2C300&amp;ssl=1 291w, https:\/\/i0.wp.com\/eltrabajo.cl\/portal\/wp-content\/uploads\/2020\/02\/Robado_Franco-Herrera.jpg?resize=145%2C150&amp;ssl=1 145w, https:\/\/i0.wp.com\/eltrabajo.cl\/portal\/wp-content\/uploads\/2020\/02\/Robado_Franco-Herrera.jpg?resize=400%2C412&amp;ssl=1 400w\" sizes=\"auto, (max-width: 580px) 100vw, 580px\" \/><figcaption id=\"caption-attachment-97090\" class=\"wp-caption-text\">Capit\u00e1n Franco Herrera, comisario (S) de la Segunda Comisar\u00eda de Carabineros San Felipe.<\/figcaption><\/figure>\n","protected":false},"excerpt":{"rendered":"<p>Tres delincuentes siguen a\u00fan sin capturar: M\u00e1s que tratarse del susto de su vida, lo que vivi\u00f3 \u2018Julia\u2019, una vecina sanfelipe\u00f1a la ma\u00f1ana de ayer lunes en las inmediaciones de la Feria&#8230;<\/p>\n","protected":false},"author":482,"featured_media":97092,"comment_status":"open","ping_status":"open","sticky":false,"template":"","format":"standard","meta":{"advanced_seo_description":"","jetpack_seo_html_title":"","jetpack_seo_noindex":false,"_jetpack_memberships_contains_paid_content":false,"footnotes":""},"categories":[21],"tags":[],"class_list":["post-97089","post","type-post","status-publish","format-standard","has-post-thumbnail","hentry","category-policial"],"jetpack_featured_media_url":"https:\/\/i0.wp.com\/eltrabajo.cl\/portal\/wp-content\/uploads\/2020\/02\/Robado2.jpg?fit=580%2C359&ssl=1","jetpack_sharing_enabled":true,"jetpack_likes_enabled":true,"jetpack-related-posts":[],"_links":{"self":[{"href":"https:\/\/eltrabajo.cl\/portal\/wp-json\/wp\/v2\/posts\/97089","targetHints":{"allow":["GET"]}}],"collection":[{"href":"https:\/\/eltrabajo.cl\/portal\/wp-json\/wp\/v2\/posts"}],"about":[{"href":"https:\/\/eltrabajo.cl\/portal\/wp-json\/wp\/v2\/types\/post"}],"author":[{"embeddable":true,"href":"https:\/\/eltrabajo.cl\/portal\/wp-json\/wp\/v2\/users\/482"}],"replies":[{"embeddable":true,"href":"https:\/\/eltrabajo.cl\/portal\/wp-json\/wp\/v2\/comments?post=97089"}],"version-history":[{"count":0,"href":"https:\/\/eltrabajo.cl\/portal\/wp-json\/wp\/v2\/posts\/97089\/revisions"}],"wp:featuredmedia":[{"embeddable":true,"href":"https:\/\/eltrabajo.cl\/portal\/wp-json\/wp\/v2\/media\/97092"}],"wp:attachment":[{"href":"https:\/\/eltrabajo.cl\/portal\/wp-json\/wp\/v2\/media?parent=97089"}],"wp:term":[{"taxonomy":"category","embeddable":true,"href":"https:\/\/eltrabajo.cl\/portal\/wp-json\/wp\/v2\/categories?post=97089"},{"taxonomy":"post_tag","embeddable":true,"href":"https:\/\/eltrabajo.cl\/portal\/wp-json\/wp\/v2\/tags?post=97089"}],"curies":[{"name":"wp","href":"https:\/\/api.w.org\/{rel}","templated":true}]}}