{"id":97095,"date":"2020-02-26T05:01:29","date_gmt":"2020-02-26T08:01:29","guid":{"rendered":"http:\/\/www.eltrabajo.cl\/portal\/?p=97095"},"modified":"2020-02-25T21:18:57","modified_gmt":"2020-02-26T00:18:57","slug":"cuatro-oncenas-aconcaguinas-avanzaron-a-la-tercera-fase-de-la-orejona-femenina","status":"publish","type":"post","link":"https:\/\/eltrabajo.cl\/portal\/cuatro-oncenas-aconcaguinas-avanzaron-a-la-tercera-fase-de-la-orejona-femenina\/","title":{"rendered":"Cuatro oncenas aconcag\u00fcinas avanzaron a la tercera fase de la Orejona femenina"},"content":{"rendered":"<p>A la par de su similar masculina, pero m\u00e1s avanzada en sus etapas, la Copa de Campeones de mujeres ya tiene a sus clasificados a la tercera ronda. En la competencia est\u00e1 destacando el balompi\u00e9 sanfelipe\u00f1o al poner a sus dos representantes (Mario Inostroza y\u00a0 Alianza) en la siguiente instancia.<\/p>\n<p>Seg\u00fan el cronograma de ARFA Quinta, el sorteo para definir las llaves en la siguiente fase se realizar\u00e1 la pr\u00f3xima semana en Vi\u00f1a del Mar.<\/p>\n<p>Los equipos de la zona que clasificaron son: Mario Inostroza (San Felipe), Valle Alegre (Calle Larga), Alianza Curim\u00f3n (San Felipe) y Central de Putaendo.<\/p>\n<p>&nbsp;<\/p>\n<figure id=\"attachment_97096\" aria-describedby=\"caption-attachment-97096\" style=\"width: 580px\" class=\"wp-caption alignnone\"><img data-recalc-dims=\"1\" loading=\"lazy\" decoding=\"async\" class=\"size-full wp-image-97096\" src=\"https:\/\/i0.wp.com\/www.eltrabajo.cl\/portal\/wp-content\/uploads\/2020\/02\/mujeres.jpg?resize=580%2C359\" alt=\"La tercera etapa de la \u2018Orejona\u2019 femenina tendr\u00e1 una fuerte presencia aconcag\u00fcina.\" width=\"580\" height=\"359\" srcset=\"https:\/\/i0.wp.com\/eltrabajo.cl\/portal\/wp-content\/uploads\/2020\/02\/mujeres.jpg?w=580&amp;ssl=1 580w, https:\/\/i0.wp.com\/eltrabajo.cl\/portal\/wp-content\/uploads\/2020\/02\/mujeres.jpg?resize=300%2C186&amp;ssl=1 300w, https:\/\/i0.wp.com\/eltrabajo.cl\/portal\/wp-content\/uploads\/2020\/02\/mujeres.jpg?resize=200%2C124&amp;ssl=1 200w, https:\/\/i0.wp.com\/eltrabajo.cl\/portal\/wp-content\/uploads\/2020\/02\/mujeres.jpg?resize=242%2C150&amp;ssl=1 242w, https:\/\/i0.wp.com\/eltrabajo.cl\/portal\/wp-content\/uploads\/2020\/02\/mujeres.jpg?resize=400%2C248&amp;ssl=1 400w\" sizes=\"auto, (max-width: 580px) 100vw, 580px\" \/><figcaption id=\"caption-attachment-97096\" class=\"wp-caption-text\">La tercera etapa de la \u2018Orejona\u2019 femenina tendr\u00e1 una fuerte presencia aconcag\u00fcina.<\/figcaption><\/figure>\n","protected":false},"excerpt":{"rendered":"<p>A la par de su similar masculina, pero m\u00e1s avanzada en sus etapas, la Copa de Campeones de mujeres ya tiene a sus clasificados a la tercera ronda. En la competencia est\u00e1&#8230;<\/p>\n","protected":false},"author":482,"featured_media":97096,"comment_status":"open","ping_status":"open","sticky":false,"template":"","format":"standard","meta":{"advanced_seo_description":"","jetpack_seo_html_title":"","jetpack_seo_noindex":false,"_jetpack_memberships_contains_paid_content":false,"footnotes":""},"categories":[19],"tags":[],"class_list":["post-97095","post","type-post","status-publish","format-standard","has-post-thumbnail","hentry","category-deportes"],"jetpack_featured_media_url":"https:\/\/i0.wp.com\/eltrabajo.cl\/portal\/wp-content\/uploads\/2020\/02\/mujeres.jpg?fit=580%2C359&ssl=1","jetpack_sharing_enabled":true,"jetpack_likes_enabled":true,"jetpack-related-posts":[],"_links":{"self":[{"href":"https:\/\/eltrabajo.cl\/portal\/wp-json\/wp\/v2\/posts\/97095","targetHints":{"allow":["GET"]}}],"collection":[{"href":"https:\/\/eltrabajo.cl\/portal\/wp-json\/wp\/v2\/posts"}],"about":[{"href":"https:\/\/eltrabajo.cl\/portal\/wp-json\/wp\/v2\/types\/post"}],"author":[{"embeddable":true,"href":"https:\/\/eltrabajo.cl\/portal\/wp-json\/wp\/v2\/users\/482"}],"replies":[{"embeddable":true,"href":"https:\/\/eltrabajo.cl\/portal\/wp-json\/wp\/v2\/comments?post=97095"}],"version-history":[{"count":0,"href":"https:\/\/eltrabajo.cl\/portal\/wp-json\/wp\/v2\/posts\/97095\/revisions"}],"wp:featuredmedia":[{"embeddable":true,"href":"https:\/\/eltrabajo.cl\/portal\/wp-json\/wp\/v2\/media\/97096"}],"wp:attachment":[{"href":"https:\/\/eltrabajo.cl\/portal\/wp-json\/wp\/v2\/media?parent=97095"}],"wp:term":[{"taxonomy":"category","embeddable":true,"href":"https:\/\/eltrabajo.cl\/portal\/wp-json\/wp\/v2\/categories?post=97095"},{"taxonomy":"post_tag","embeddable":true,"href":"https:\/\/eltrabajo.cl\/portal\/wp-json\/wp\/v2\/tags?post=97095"}],"curies":[{"name":"wp","href":"https:\/\/api.w.org\/{rel}","templated":true}]}}