{"id":97103,"date":"2020-02-26T05:03:53","date_gmt":"2020-02-26T08:03:53","guid":{"rendered":"http:\/\/www.eltrabajo.cl\/portal\/?p=97103"},"modified":"2020-02-25T21:25:39","modified_gmt":"2020-02-26T00:25:39","slug":"macarena-salgado-que-le-pidan-perdon-a-dios-yo-no-soy-quien-para-juzgarlos","status":"publish","type":"post","link":"https:\/\/eltrabajo.cl\/portal\/macarena-salgado-que-le-pidan-perdon-a-dios-yo-no-soy-quien-para-juzgarlos\/","title":{"rendered":"Macarena Salgado: \u00abQue le pidan perd\u00f3n a Dios\u2026 yo no soy qui\u00e9n para juzgarlos\u00bb"},"content":{"rendered":"<p><span style=\"color: #ff0000;\"><strong>Viuda de Pedro Vergara, a los sentenciados:<\/strong><\/span><\/p>\n<p>Ayer se cumpl\u00eda el plazo para que una de las partes, Ministerio P\u00fablico y Defensor\u00eda Penal P\u00fablica, presentara un recurso de nulidad contra la sentencia por el homicidio de <strong>Pedro Vergara<\/strong>, hecho ocurrido en el sector El Cobre de Catemu el d\u00eda 25 de enero del a\u00f1o pasado, a eso de las 09:00 horas, cuando intentaban asaltar con un arma de fuego a una conductora de taxi colectivo.<\/p>\n<p>En esta causa est\u00e1 sentenciado a cadena perpetua simple el sujeto apodado <strong>\u2018El Gaviota\u2019<\/strong>, por dos homicidios, y <strong>\u2018El Peruano\u2019<\/strong>, \u00e9ste \u00faltimo a cinco a\u00f1os y un d\u00eda por robo con intimidaci\u00f3n.<\/p>\n<p>Nuestro medio en conversaci\u00f3n con la viuda de la v\u00edctima, <strong>Macarena Salgado<\/strong>, respecto a la sentencia dijo que estaban conformes, pese a que ninguna condena le iba a devolver a su esposo.<\/p>\n<p>\u00ab<em>Yo qued\u00e9 conforme con el trabajo de la Fiscal\u00eda, Investigaciones, el apoyo que a nosotros nos brindaron y la sentencia que se le dio al \u2018Gaviota\u2019 igual yo qued\u00e9 conforme porque son varios a\u00f1os, y del otro ni\u00f1o no qued\u00e9 muy conforme, creo que tuvo participaci\u00f3n en la muerte de mi marido y no fue condenado. Por eso, independientemente de los a\u00f1os que le hayan dado, a\u00a0 mi marido no me lo van a devolver\u00bb.<\/em><\/p>\n<p>&#8211;<strong> \u00bfHay cierto grado de tranquilidad en la familia en ese sentido?<\/strong><\/p>\n<p>&#8211; Nosotros s\u00ed, porque pr\u00e1cticamente fue un a\u00f1o de espera, obviamente ellos estaban en la c\u00e1rcel porque a la semana que mataron a m\u00ed marido los detuvieron a los dos, pero igual nosotros est\u00e1bamos expectantes a todo lo que iba a pasar, de volver a ver a estos tipos cuando fuera el juicio, entonces igual fue un a\u00f1o bien complicado.<\/p>\n<p>&#8211; <strong>\u00bfUstedes asistieron a las audiencias del juicio oral?<\/strong><\/p>\n<p>&#8211; S\u00ed, a todas y todos los d\u00edas.<\/p>\n<p>&#8211; <strong>\u00bfQu\u00e9 se sent\u00eda en ese momento, al verlos?<\/strong><\/p>\n<p>&#8211; Impotencia m\u00e1s que nada, porque fueron dos tipos que le arrebataron la vida a mi marido y ellos siguen viviendo. Una persona buena como era mi marido ya no est\u00e1, dej\u00f3 a una familia coja, por decirlo de alguna manera, porque \u00e9ramos tres; mi marido, mi hijo y yo, entonces quedamos dos nom\u00e1s con una gran p\u00e9rdida, es un dolor que debe sobrellevarse a medida que va pasando el tiempo.<\/p>\n<p>&#8211; <strong>\u00bfSe sigue viviendo el duelo?<\/strong><\/p>\n<p>&#8211; Siempre, siempre cuando hay una p\u00e9rdida de un ser querido hay un duelo, se sobrelleva, pero siempre va a haber un duelo.<\/p>\n<p>Recuerda que el d\u00eda que asesinaron a su marido, \u00e9l la dej\u00f3 y no pasaron ni cinco minutos cuando lleg\u00f3 un joven indicando que hab\u00eda una persona que estaba tirada en el suelo, ignorando si la hab\u00edan matado o estaba ebria. <em>\u00abNos dice pero si quieren nosotros la llevamos para que vean si es alguien conocido, claro nosotros fuimos con mi mam\u00e1 a ver y tengo la gran sorpresa que era mi marido, que estaba ah\u00ed\u2026 muerto\u00bb,<\/em> dice Macarena.<\/p>\n<p>Comenta que la due\u00f1a del colectivo a quienes los delincuentes asaltaron al llegar al sector de El Cobre, es su t\u00eda.<\/p>\n<p>Sobre la conductora dice que est\u00e1 mal e incluso dej\u00f3 de manejar colectivos por temor a que le suceda una situaci\u00f3n similar: <em>\u00abEs una desconfianza muy grande la que ella tiene, que alguien se le suba y nuevamente le suceda lo mismo, pero yo la vi mal. Igual es comprensible porque a causa de eso hubo una persona muerta que no ten\u00eda nada que ver con lo que estaba pasando\u00bb, <\/em>dice la viuda.<\/p>\n<p>&#8211; <strong>Al tenerlos al frente, \u00bfqu\u00e9 le dir\u00eda a los sujetos?<\/strong><\/p>\n<p>&#8211; Sinceramente\u2026 que le pidan perd\u00f3n a Dios, yo creo que el m\u00e1s justo ac\u00e1 en la Tierra es Dios, yo no soy qui\u00e9n para juzgarlos, al fin y al cabo la justicia divina llega siempre.<\/p>\n<p>Cabe se\u00f1alar que el arma homicida nunca fue encontrada.<\/p>\n<p>De todas maneras la fiscal\u00eda local de San Felipe, representada en este caso por el Fiscal Benjam\u00edn Santib\u00e1\u00f1ez, se manifest\u00f3 conforme con la sentencia obtenida a trav\u00e9s del juicio.<\/p>\n<p>&nbsp;<\/p>\n<figure id=\"attachment_97104\" aria-describedby=\"caption-attachment-97104\" style=\"width: 580px\" class=\"wp-caption alignnone\"><img data-recalc-dims=\"1\" loading=\"lazy\" decoding=\"async\" class=\"size-full wp-image-97104\" src=\"https:\/\/i0.wp.com\/www.eltrabajo.cl\/portal\/wp-content\/uploads\/2020\/02\/PEDRO-VERGARA.jpg?resize=580%2C358\" alt=\"Pedro Vergara fue asesinado el d\u00eda 25 de enero del a\u00f1o pasado, a las 09:00 horas aproximadamente.\" width=\"580\" height=\"358\" srcset=\"https:\/\/i0.wp.com\/eltrabajo.cl\/portal\/wp-content\/uploads\/2020\/02\/PEDRO-VERGARA.jpg?w=580&amp;ssl=1 580w, https:\/\/i0.wp.com\/eltrabajo.cl\/portal\/wp-content\/uploads\/2020\/02\/PEDRO-VERGARA.jpg?resize=300%2C185&amp;ssl=1 300w, https:\/\/i0.wp.com\/eltrabajo.cl\/portal\/wp-content\/uploads\/2020\/02\/PEDRO-VERGARA.jpg?resize=200%2C123&amp;ssl=1 200w, https:\/\/i0.wp.com\/eltrabajo.cl\/portal\/wp-content\/uploads\/2020\/02\/PEDRO-VERGARA.jpg?resize=243%2C150&amp;ssl=1 243w, https:\/\/i0.wp.com\/eltrabajo.cl\/portal\/wp-content\/uploads\/2020\/02\/PEDRO-VERGARA.jpg?resize=400%2C247&amp;ssl=1 400w\" sizes=\"auto, (max-width: 580px) 100vw, 580px\" \/><figcaption id=\"caption-attachment-97104\" class=\"wp-caption-text\">Pedro Vergara fue asesinado el d\u00eda 25 de enero del a\u00f1o pasado, a las 09:00 horas aproximadamente.<\/figcaption><\/figure>\n","protected":false},"excerpt":{"rendered":"<p>Viuda de Pedro Vergara, a los sentenciados: Ayer se cumpl\u00eda el plazo para que una de las partes, Ministerio P\u00fablico y Defensor\u00eda Penal P\u00fablica, presentara un recurso de nulidad contra la sentencia&#8230;<\/p>\n","protected":false},"author":482,"featured_media":97104,"comment_status":"open","ping_status":"open","sticky":false,"template":"","format":"standard","meta":{"advanced_seo_description":"","jetpack_seo_html_title":"","jetpack_seo_noindex":false,"_jetpack_memberships_contains_paid_content":false,"footnotes":""},"categories":[15],"tags":[],"class_list":["post-97103","post","type-post","status-publish","format-standard","has-post-thumbnail","hentry","category-comunidad"],"jetpack_featured_media_url":"https:\/\/i0.wp.com\/eltrabajo.cl\/portal\/wp-content\/uploads\/2020\/02\/PEDRO-VERGARA.jpg?fit=580%2C358&ssl=1","jetpack_sharing_enabled":true,"jetpack_likes_enabled":true,"jetpack-related-posts":[],"_links":{"self":[{"href":"https:\/\/eltrabajo.cl\/portal\/wp-json\/wp\/v2\/posts\/97103","targetHints":{"allow":["GET"]}}],"collection":[{"href":"https:\/\/eltrabajo.cl\/portal\/wp-json\/wp\/v2\/posts"}],"about":[{"href":"https:\/\/eltrabajo.cl\/portal\/wp-json\/wp\/v2\/types\/post"}],"author":[{"embeddable":true,"href":"https:\/\/eltrabajo.cl\/portal\/wp-json\/wp\/v2\/users\/482"}],"replies":[{"embeddable":true,"href":"https:\/\/eltrabajo.cl\/portal\/wp-json\/wp\/v2\/comments?post=97103"}],"version-history":[{"count":0,"href":"https:\/\/eltrabajo.cl\/portal\/wp-json\/wp\/v2\/posts\/97103\/revisions"}],"wp:featuredmedia":[{"embeddable":true,"href":"https:\/\/eltrabajo.cl\/portal\/wp-json\/wp\/v2\/media\/97104"}],"wp:attachment":[{"href":"https:\/\/eltrabajo.cl\/portal\/wp-json\/wp\/v2\/media?parent=97103"}],"wp:term":[{"taxonomy":"category","embeddable":true,"href":"https:\/\/eltrabajo.cl\/portal\/wp-json\/wp\/v2\/categories?post=97103"},{"taxonomy":"post_tag","embeddable":true,"href":"https:\/\/eltrabajo.cl\/portal\/wp-json\/wp\/v2\/tags?post=97103"}],"curies":[{"name":"wp","href":"https:\/\/api.w.org\/{rel}","templated":true}]}}