{"id":97106,"date":"2020-02-26T05:04:50","date_gmt":"2020-02-26T08:04:50","guid":{"rendered":"http:\/\/www.eltrabajo.cl\/portal\/?p=97106"},"modified":"2020-02-25T21:27:21","modified_gmt":"2020-02-26T00:27:21","slug":"postergan-preparacion-de-juicio-oral-porque-gendarmeria-no-traslado-a-uno-de-los-imputados","status":"publish","type":"post","link":"https:\/\/eltrabajo.cl\/portal\/postergan-preparacion-de-juicio-oral-porque-gendarmeria-no-traslado-a-uno-de-los-imputados\/","title":{"rendered":"Postergan preparaci\u00f3n de juicio oral porque Gendarmer\u00eda no traslad\u00f3 a uno de los imputados"},"content":{"rendered":"<p><span style=\"color: #ff0000;\"><strong>Cinematogr\u00e1fico asalto al Servi Estado:<\/strong><\/span><\/p>\n<p>Se suspendi\u00f3 la audiencia de preparaci\u00f3n de juicio oral en el emblem\u00e1tico caso del asalto a la sucursal del Servi Estado en San Felipe, hecho ocurrido el d\u00eda 31 de mayo de 2017. El motivo principal fue que Gendarmer\u00eda no traslad\u00f3 a uno de los imputados por este hecho criminal. De todas formas se va a realizar el d\u00eda 05 de marzo a las 10:00 horas.<\/p>\n<p>La informaci\u00f3n fue entregada por el fiscal a cargo del caso <strong>Benjam\u00edn Santib\u00e1\u00f1ez Contreras<\/strong>, una vez terminada la audiencia ayer: <em>\u00abSe fij\u00f3 d\u00eda y hora para el 05 de marzo a las 10 de la ma\u00f1ana en la sala del Tribunal Oral en Lo Penal de San Felipe\u00bb,<\/em> se\u00f1al\u00f3.<\/p>\n<p>Sobre el motivo principal de esta suspensi\u00f3n, explic\u00f3 que fue debido <em>\u00aba que uno de los imputados que est\u00e1 privado de libertad y que tiene derecho a estar presente en la audiencia, no fue trasladado por Gendarmer\u00eda, por lo tanto el Tribunal ofici\u00f3 a la instituci\u00f3n para que le informaran cu\u00e1l fue el motivo\u00bb,<\/em> indic\u00f3 Santib\u00e1\u00f1ez.<\/p>\n<p>Otro que habl\u00f3 con nuestro medio confirmando la informaci\u00f3n anterior, fue <strong>Oscar Graff Cabrera<\/strong>, abogado de dos imputados (Cristian y Hortensia) para\u00a0 quienes la fiscal\u00eda est\u00e1 pidiendo 15\u00a0 y\u00a0 5 a\u00f1os y un d\u00eda respectivamente.<\/p>\n<p>Sobre la participaci\u00f3n de sus defendidos, espera llevarlos a juicio para demostrar la\u00a0 inocencia de uno de sus representados y modificar la calidad de autor en el il\u00edcito para el otro imputado que defiende: <em>\u00abNo estamos diciendo que somos inocentes, no, sino que la calificaci\u00f3n jur\u00eddica que se les quiere dar o la visi\u00f3n que tiene la fiscal\u00eda discrepa ostensiblemente de lo que este defensor va a demostrar el d\u00eda de ma\u00f1ana en el juicio\u00bb,<\/em> se\u00f1al\u00f3 Graff.<\/p>\n<p>&#8211; <strong>\u00bfEllos est\u00e1n siendo acusados c\u00f3mo c\u00f3mplices?<\/strong><\/p>\n<p>&#8211; Claro, aqu\u00ed son todos los imputados, ahora el grado de participaci\u00f3n var\u00eda\u2026 var\u00eda y eso es lo que vamos a demostrar en el juicio.<\/p>\n<p>&#8211; <strong>\u00bfCu\u00e1l es el grado de participaci\u00f3n que usted le atribuye a sus representados?<\/strong><\/p>\n<p>&#8211; De partida\u2026 yo parto\u00a0 de la base, si ellos son autores en el delito, participaron, pero no c\u00f3mo lo quiere demostrar la fiscal\u00eda, jam\u00e1s mis representados, uno de ellos jam\u00e1s tuvo participaci\u00f3n directa en el hecho, no entr\u00f3.<\/p>\n<p>&#8211; <strong>\u00bfEn qu\u00e9 parte entran en el delito entonces?<\/strong><\/p>\n<p>&#8211; Si usted me pregunta a m\u00ed, yo los voy a insertar c\u00f3mo coautores, no autor directo del delito.<\/p>\n<p>&#8211; <strong>\u00bfO sea, ellos no asaltaron el banco?<\/strong><\/p>\n<p>&#8211; \u00a1No!.<\/p>\n<p>&#8211; <strong>\u00bfCu\u00e1ndo entran a participar en el asalto?<\/strong><\/p>\n<p>&#8211; Uno de ellos entra en el momento que supuestamente presta el local o la casa para guardar un veh\u00edculo que est\u00e1 totalmente fuera de contexto, as\u00ed lo vamos a demostrar y as\u00ed los testigos est\u00e1n conteste en lo que yo le digo.<\/p>\n<p>&#8211; <strong>\u00bfEl otro representado suyo?<\/strong><\/p>\n<p>&#8211; El otro representado m\u00edo no entr\u00f3 en acci\u00f3n en el momento del robo al cajero, si bien es cierto particip\u00f3, la participaci\u00f3n de \u00e9l fue secundaria.<\/p>\n<p>&#8211;<strong> \u00bfQu\u00e9 significa eso?<\/strong><\/p>\n<p>&#8211; Vulgarmente hablando, estaba \u2018sapeando\u2019 que no llegara Carabineros\u00a0 en las afueras, en los alrededores, pero no entr\u00f3 al banco, ni amenaz\u00f3 al guardia de seguridad. Entonces eso es lo que se va a demostrar en la audiencia y esperamos que sea acogida nuestra teor\u00eda del caso y poder bajar el monto, el delito en s\u00ed.<\/p>\n<p>&#8211; <strong>\u00bfUsted va a presentar testigos o va a utilizar los que presente el Ministerio P\u00fablico?<\/strong><\/p>\n<p>&#8211; No, no, los testigos de la defensor\u00eda.<\/p>\n<p>&#8211; <strong>\u00bfC\u00f3mo est\u00e1n ellos, tranquilos?<\/strong><\/p>\n<p>&#8211; S\u00ed, tranquilos, porque est\u00e1n conscientes de lo que se est\u00e1 haciendo, est\u00e1n claro en la participaci\u00f3n como est\u00e1n todos los imputados.<\/p>\n<p>&#8211; <strong>\u00bfCu\u00e1ndo les est\u00e1 pidiendo la fiscal\u00eda a ellos?<\/strong><\/p>\n<p>&#8211; Quince a\u00f1os a uno y al otro cinco y uno.<\/p>\n<p>El Ministerio P\u00fablico tiene entre testigos y peritos unos setenta, pero en definitiva se va a quedar con unos cuarenta.<\/p>\n<p>En cuanto a las penas, el Ministerio P\u00fablico est\u00e1 pidiendo cadena perpetua a uno en raz\u00f3n que tiene reincidencia, pero en general son 15 a\u00f1os.<\/p>\n<p>La preparaci\u00f3n de juicio oral es una audiencia t\u00e9cnica en la cual se discute cu\u00e1les son las pruebas que se van a rendir durante el juicio oral, cu\u00e1les se excluyen y cu\u00e1les van, tanto de la fiscal\u00eda como por parte de la defensa, ese es el objetivo de esta audiencia.<\/p>\n<p>Son alrededor de diez imputados en este caso, lo que llev\u00f3 a realizar en la sala del Tribunal Oral en Lo Penal.<\/p>\n<p>&nbsp;<\/p>\n<figure id=\"attachment_97107\" aria-describedby=\"caption-attachment-97107\" style=\"width: 580px\" class=\"wp-caption alignnone\"><img data-recalc-dims=\"1\" loading=\"lazy\" decoding=\"async\" class=\"size-full wp-image-97107\" src=\"https:\/\/i0.wp.com\/www.eltrabajo.cl\/portal\/wp-content\/uploads\/2020\/02\/Fiscal-Benjamin-Santiba%C3%B1ez-.jpg?resize=580%2C358\" alt=\"El Fiscal Benjam\u00edn Santib\u00e1\u00f1ez trasladando los archivos donde se encuentran los antecedentes del asalto.\" width=\"580\" height=\"358\" srcset=\"https:\/\/i0.wp.com\/eltrabajo.cl\/portal\/wp-content\/uploads\/2020\/02\/Fiscal-Benjamin-Santiba%C3%B1ez-.jpg?w=580&amp;ssl=1 580w, https:\/\/i0.wp.com\/eltrabajo.cl\/portal\/wp-content\/uploads\/2020\/02\/Fiscal-Benjamin-Santiba%C3%B1ez-.jpg?resize=300%2C185&amp;ssl=1 300w, https:\/\/i0.wp.com\/eltrabajo.cl\/portal\/wp-content\/uploads\/2020\/02\/Fiscal-Benjamin-Santiba%C3%B1ez-.jpg?resize=200%2C123&amp;ssl=1 200w, https:\/\/i0.wp.com\/eltrabajo.cl\/portal\/wp-content\/uploads\/2020\/02\/Fiscal-Benjamin-Santiba%C3%B1ez-.jpg?resize=243%2C150&amp;ssl=1 243w, https:\/\/i0.wp.com\/eltrabajo.cl\/portal\/wp-content\/uploads\/2020\/02\/Fiscal-Benjamin-Santiba%C3%B1ez-.jpg?resize=400%2C247&amp;ssl=1 400w\" sizes=\"auto, (max-width: 580px) 100vw, 580px\" \/><figcaption id=\"caption-attachment-97107\" class=\"wp-caption-text\">El Fiscal Benjam\u00edn Santib\u00e1\u00f1ez trasladando los archivos donde se encuentran los antecedentes del asalto.<\/figcaption><\/figure>\n","protected":false},"excerpt":{"rendered":"<p>Cinematogr\u00e1fico asalto al Servi Estado: Se suspendi\u00f3 la audiencia de preparaci\u00f3n de juicio oral en el emblem\u00e1tico caso del asalto a la sucursal del Servi Estado en San Felipe, hecho ocurrido el&#8230;<\/p>\n","protected":false},"author":482,"featured_media":97107,"comment_status":"open","ping_status":"open","sticky":false,"template":"","format":"standard","meta":{"advanced_seo_description":"","jetpack_seo_html_title":"","jetpack_seo_noindex":false,"_jetpack_memberships_contains_paid_content":false,"footnotes":""},"categories":[97],"tags":[],"class_list":["post-97106","post","type-post","status-publish","format-standard","has-post-thumbnail","hentry","category-tribunales"],"jetpack_featured_media_url":"https:\/\/i0.wp.com\/eltrabajo.cl\/portal\/wp-content\/uploads\/2020\/02\/Fiscal-Benjamin-Santiba%C3%B1ez-.jpg?fit=580%2C358&ssl=1","jetpack_sharing_enabled":true,"jetpack_likes_enabled":true,"jetpack-related-posts":[],"_links":{"self":[{"href":"https:\/\/eltrabajo.cl\/portal\/wp-json\/wp\/v2\/posts\/97106","targetHints":{"allow":["GET"]}}],"collection":[{"href":"https:\/\/eltrabajo.cl\/portal\/wp-json\/wp\/v2\/posts"}],"about":[{"href":"https:\/\/eltrabajo.cl\/portal\/wp-json\/wp\/v2\/types\/post"}],"author":[{"embeddable":true,"href":"https:\/\/eltrabajo.cl\/portal\/wp-json\/wp\/v2\/users\/482"}],"replies":[{"embeddable":true,"href":"https:\/\/eltrabajo.cl\/portal\/wp-json\/wp\/v2\/comments?post=97106"}],"version-history":[{"count":0,"href":"https:\/\/eltrabajo.cl\/portal\/wp-json\/wp\/v2\/posts\/97106\/revisions"}],"wp:featuredmedia":[{"embeddable":true,"href":"https:\/\/eltrabajo.cl\/portal\/wp-json\/wp\/v2\/media\/97107"}],"wp:attachment":[{"href":"https:\/\/eltrabajo.cl\/portal\/wp-json\/wp\/v2\/media?parent=97106"}],"wp:term":[{"taxonomy":"category","embeddable":true,"href":"https:\/\/eltrabajo.cl\/portal\/wp-json\/wp\/v2\/categories?post=97106"},{"taxonomy":"post_tag","embeddable":true,"href":"https:\/\/eltrabajo.cl\/portal\/wp-json\/wp\/v2\/tags?post=97106"}],"curies":[{"name":"wp","href":"https:\/\/api.w.org\/{rel}","templated":true}]}}