{"id":97109,"date":"2020-02-26T05:05:26","date_gmt":"2020-02-26T08:05:26","guid":{"rendered":"http:\/\/www.eltrabajo.cl\/portal\/?p=97109"},"modified":"2020-02-25T21:31:28","modified_gmt":"2020-02-26T00:31:28","slug":"vecinos-reclaman-abandono-de-obras-en-hermanos-carrera-norte-con-toromazote","status":"publish","type":"post","link":"https:\/\/eltrabajo.cl\/portal\/vecinos-reclaman-abandono-de-obras-en-hermanos-carrera-norte-con-toromazote\/","title":{"rendered":"Vecinos reclaman abandono de obras en Hermanos Carrera Norte con Toromazote"},"content":{"rendered":"<p><span style=\"color: #ff0000;\"><strong>Serviu asegura que pronto estar\u00e1n terminadas:<\/strong><\/span><\/p>\n<p>Muy molestos est\u00e1n varios vecinos del sector Hermanos Carrera Norte con Toromazote, luego que las obras que el Serviu viene desarrollando en su v\u00eda, pues desde hace varias semanas quedaron paralizadas. La molestia de los vecinos tiene que ver con las pocas medidas de mitigaci\u00f3n para los adultos mayores del lugar, lo que les obliga a respirar mucho polvo en suspensi\u00f3n, caminos inhabilitados para transitar, y menos para desplazarse en silla de ruedas o con bast\u00f3n.<\/p>\n<p><strong>Diario El Trabajo<\/strong> habl\u00f3 con uno de los vecinos afectados, <strong>Rodrigo Retamales<\/strong>, comerciante sanfelipe\u00f1o: <em>\u00abDesde el pasado mes de octubre, cuando empezaron las obras en Hermanos Carrera Norte, que para nosotros es muy beneficioso el tema de la realizaci\u00f3n de estas obras pues tendremos una avenida pavimentada y de doble v\u00eda en ambos sentidos, pero ya hace un mes las obras est\u00e1n paralizadas y no entendemos los vecinos ni tenemos claridad del por qu\u00e9. Sabemos que los trabajadores dejaron de laborar ac\u00e1 y comenzaron a trabajar en Hermanos Carrera Oriente en el sector Agrolub, entonces dejaron de trabajar ac\u00e1 y se fueron a otra parte a repavimentar y las obras quedaron paralizadas ac\u00e1, sin dejar instaladas medidas de mitigaci\u00f3n para los peatones, para los vecinos. No hay cruces de v\u00eda para los peatones; hay hoyos peligrosos por el alcantarillado que se estaba instalando; hay poca seguridad para todos, la gente debe caminar por media calle; luego hay un sif\u00f3n de alcantarillado al aire que no es visible, no hay se\u00f1al\u00e9tica para que los conductores lo vean, por lo que ya varios veh\u00edculos de vecinos han quedado empotrados sobre este sif\u00f3n, hemos tenido que bajarlos entre los vecinos, esto es bastante dif\u00edcil. Y el otro tema es el polvo, justo hoy martes (ayer) volvieron despu\u00e9s de un mes a echar agua, pero en el \u00faltimo mes han venido dos d\u00edas, y con el calor que hace en San Felipe el polvo en suspensi\u00f3n\u00a0 afecta mucho a los vecinos. Esta es una poblaci\u00f3n de personas de tercera edad muchos abuelitos con dificultad de movilidad, en algunas veredas pueden pasar autos, pero no una silla de ruedas ni una abuelita con un bast\u00f3n, es imposible poder pasar por esas veredas, lo que estamos entonces pidiendo al Serviu es que retomen las obras, m\u00e1s preocupaci\u00f3n por los peatones y vecinos\u00bb,<\/em> coment\u00f3 Retamales.<\/p>\n<p>&nbsp;<\/p>\n<p><span style=\"color: #ff0000;\"><strong>SERVIU RESPONDE<\/strong><\/span><\/p>\n<p><strong>Diario El Trabajo<\/strong> habl\u00f3 con la delegada biprovincial del Serviu, <strong>Patricia Boffa<\/strong>, sobre una palmera sin quitar y varios pimientos, quien nos respondi\u00f3 que <em>\u00abya est\u00e1 resuelto el atravieso de piezas de fundido, s\u00f3lo queda conectar por parte de Esval. Independiente de ello se debi\u00f3 iniciar el hormig\u00f3n de los pa\u00f1os, para pronto dar las obras a Tr\u00e1nsito. Respecto de la palmera, la empresa la sacar\u00e1, no se esperar\u00e1 m\u00e1s a los vecinos que la sacar\u00edan. En el caso de los pimientos, falta que la agr\u00f3noma haga trabajo y posterior ser\u00e1 la pavimentaci\u00f3n. Todas estas obras deber\u00edan estar ya siendo entregadas dentro de la quincena de marzo, el tema Esval que atras\u00f3 las faenas <\/em>(\u2026)\u00a0 <em>Se est\u00e1 trabajando en Carrera Norte, ya resuelto lo de Esval, este mi\u00e9rcoles retomaremos los trabajos en Toro Mazote y los dem\u00e1s puntos. Hoy qued\u00f3 hormigonado el empalme con Avenida Ahumada, el jueves se resuelve lo de los pimiento y luego se concluye con el pavimento\u00bb,<\/em> dijo Boffa.<\/p>\n<p><strong>Roberto Gonz\u00e1lez Short<\/strong><\/p>\n<p>&nbsp;<\/p>\n<figure id=\"attachment_97112\" aria-describedby=\"caption-attachment-97112\" style=\"width: 580px\" class=\"wp-caption alignnone\"><img data-recalc-dims=\"1\" loading=\"lazy\" decoding=\"async\" class=\"size-full wp-image-97112\" src=\"https:\/\/i0.wp.com\/www.eltrabajo.cl\/portal\/wp-content\/uploads\/2020\/02\/Mitigacion2.jpg?resize=580%2C359\" alt=\"OBRAS DETENIDAS.- Seg\u00fan reclaman algunos, desde hace m\u00e1s de un mes las obras no avanzan, se respira polvo todo el d\u00eda y los adultos mayores tienen problemas para transitar.\" width=\"580\" height=\"359\" srcset=\"https:\/\/i0.wp.com\/eltrabajo.cl\/portal\/wp-content\/uploads\/2020\/02\/Mitigacion2.jpg?w=580&amp;ssl=1 580w, https:\/\/i0.wp.com\/eltrabajo.cl\/portal\/wp-content\/uploads\/2020\/02\/Mitigacion2.jpg?resize=300%2C186&amp;ssl=1 300w, https:\/\/i0.wp.com\/eltrabajo.cl\/portal\/wp-content\/uploads\/2020\/02\/Mitigacion2.jpg?resize=200%2C124&amp;ssl=1 200w, https:\/\/i0.wp.com\/eltrabajo.cl\/portal\/wp-content\/uploads\/2020\/02\/Mitigacion2.jpg?resize=242%2C150&amp;ssl=1 242w, https:\/\/i0.wp.com\/eltrabajo.cl\/portal\/wp-content\/uploads\/2020\/02\/Mitigacion2.jpg?resize=400%2C248&amp;ssl=1 400w\" sizes=\"auto, (max-width: 580px) 100vw, 580px\" \/><figcaption id=\"caption-attachment-97112\" class=\"wp-caption-text\">OBRAS DETENIDAS.- Seg\u00fan reclaman algunos, desde hace m\u00e1s de un mes las obras no avanzan, se respira polvo todo el d\u00eda y los adultos mayores tienen problemas para transitar.<\/figcaption><\/figure>\n<p>&nbsp;<\/p>\n<figure id=\"attachment_97111\" aria-describedby=\"caption-attachment-97111\" style=\"width: 580px\" class=\"wp-caption alignnone\"><img data-recalc-dims=\"1\" loading=\"lazy\" decoding=\"async\" class=\"size-full wp-image-97111\" src=\"https:\/\/i0.wp.com\/www.eltrabajo.cl\/portal\/wp-content\/uploads\/2020\/02\/Mitigacion1.jpg?resize=580%2C360\" alt=\"CASI INTRANSITABLE.- Este es el escenario que las c\u00e1maras de Diario El Trabajo registraron la ma\u00f1ana de ayer martes en la esquina de Hermanos Carrera Norte con Toromazote.\" width=\"580\" height=\"360\" srcset=\"https:\/\/i0.wp.com\/eltrabajo.cl\/portal\/wp-content\/uploads\/2020\/02\/Mitigacion1.jpg?w=580&amp;ssl=1 580w, https:\/\/i0.wp.com\/eltrabajo.cl\/portal\/wp-content\/uploads\/2020\/02\/Mitigacion1.jpg?resize=300%2C186&amp;ssl=1 300w, https:\/\/i0.wp.com\/eltrabajo.cl\/portal\/wp-content\/uploads\/2020\/02\/Mitigacion1.jpg?resize=200%2C124&amp;ssl=1 200w, https:\/\/i0.wp.com\/eltrabajo.cl\/portal\/wp-content\/uploads\/2020\/02\/Mitigacion1.jpg?resize=242%2C150&amp;ssl=1 242w, https:\/\/i0.wp.com\/eltrabajo.cl\/portal\/wp-content\/uploads\/2020\/02\/Mitigacion1.jpg?resize=400%2C248&amp;ssl=1 400w\" sizes=\"auto, (max-width: 580px) 100vw, 580px\" \/><figcaption id=\"caption-attachment-97111\" class=\"wp-caption-text\">CASI INTRANSITABLE.- Este es el escenario que las c\u00e1maras de Diario El Trabajo registraron la ma\u00f1ana de ayer martes en la esquina de Hermanos Carrera Norte con Toromazote.<\/figcaption><\/figure>\n<p>&nbsp;<\/p>\n<figure id=\"attachment_97113\" aria-describedby=\"caption-attachment-97113\" style=\"width: 580px\" class=\"wp-caption alignnone\"><img data-recalc-dims=\"1\" loading=\"lazy\" decoding=\"async\" class=\"size-full wp-image-97113\" src=\"https:\/\/i0.wp.com\/www.eltrabajo.cl\/portal\/wp-content\/uploads\/2020\/02\/Mitigacion3.jpg?resize=580%2C359\" alt=\"COINCIDENCIA.- Un cami\u00f3n cisterna de la empresa constructora reg\u00f3 agua ayer en ese sector, \u00bfser\u00e1 porque estaba ah\u00ed la prensa?\" width=\"580\" height=\"359\" srcset=\"https:\/\/i0.wp.com\/eltrabajo.cl\/portal\/wp-content\/uploads\/2020\/02\/Mitigacion3.jpg?w=580&amp;ssl=1 580w, https:\/\/i0.wp.com\/eltrabajo.cl\/portal\/wp-content\/uploads\/2020\/02\/Mitigacion3.jpg?resize=300%2C186&amp;ssl=1 300w, https:\/\/i0.wp.com\/eltrabajo.cl\/portal\/wp-content\/uploads\/2020\/02\/Mitigacion3.jpg?resize=200%2C124&amp;ssl=1 200w, https:\/\/i0.wp.com\/eltrabajo.cl\/portal\/wp-content\/uploads\/2020\/02\/Mitigacion3.jpg?resize=242%2C150&amp;ssl=1 242w, https:\/\/i0.wp.com\/eltrabajo.cl\/portal\/wp-content\/uploads\/2020\/02\/Mitigacion3.jpg?resize=400%2C248&amp;ssl=1 400w\" sizes=\"auto, (max-width: 580px) 100vw, 580px\" \/><figcaption id=\"caption-attachment-97113\" class=\"wp-caption-text\">COINCIDENCIA.- Un cami\u00f3n cisterna de la empresa constructora reg\u00f3 agua ayer en ese sector, \u00bfser\u00e1 porque estaba ah\u00ed la prensa?<\/figcaption><\/figure>\n<p>&nbsp;<\/p>\n<figure id=\"attachment_97110\" aria-describedby=\"caption-attachment-97110\" style=\"width: 580px\" class=\"wp-caption alignnone\"><img data-recalc-dims=\"1\" loading=\"lazy\" decoding=\"async\" class=\"size-full wp-image-97110\" src=\"https:\/\/i0.wp.com\/www.eltrabajo.cl\/portal\/wp-content\/uploads\/2020\/02\/Mitigacion_Rodrigo-Retamales.jpg?resize=580%2C600\" alt=\"Rodrigo Retamales, comerciante sanfelipe\u00f1o.\" width=\"580\" height=\"600\" srcset=\"https:\/\/i0.wp.com\/eltrabajo.cl\/portal\/wp-content\/uploads\/2020\/02\/Mitigacion_Rodrigo-Retamales.jpg?w=580&amp;ssl=1 580w, https:\/\/i0.wp.com\/eltrabajo.cl\/portal\/wp-content\/uploads\/2020\/02\/Mitigacion_Rodrigo-Retamales.jpg?resize=290%2C300&amp;ssl=1 290w, https:\/\/i0.wp.com\/eltrabajo.cl\/portal\/wp-content\/uploads\/2020\/02\/Mitigacion_Rodrigo-Retamales.jpg?resize=145%2C150&amp;ssl=1 145w, https:\/\/i0.wp.com\/eltrabajo.cl\/portal\/wp-content\/uploads\/2020\/02\/Mitigacion_Rodrigo-Retamales.jpg?resize=400%2C414&amp;ssl=1 400w\" sizes=\"auto, (max-width: 580px) 100vw, 580px\" \/><figcaption id=\"caption-attachment-97110\" class=\"wp-caption-text\">Rodrigo Retamales, comerciante sanfelipe\u00f1o.<\/figcaption><\/figure>\n<p>&nbsp;<\/p>\n<figure id=\"attachment_97115\" aria-describedby=\"caption-attachment-97115\" style=\"width: 579px\" class=\"wp-caption alignnone\"><img data-recalc-dims=\"1\" loading=\"lazy\" decoding=\"async\" class=\"size-full wp-image-97115\" src=\"https:\/\/i0.wp.com\/www.eltrabajo.cl\/portal\/wp-content\/uploads\/2020\/02\/Mitigacion5.jpg?resize=579%2C773\" alt=\"YA CASI LISTAS.- Aqu\u00ed vemos c\u00f3mo quedaron hormigonados algunos trechos ayer de la v\u00eda en construcci\u00f3n.\" width=\"579\" height=\"773\" srcset=\"https:\/\/i0.wp.com\/eltrabajo.cl\/portal\/wp-content\/uploads\/2020\/02\/Mitigacion5.jpg?w=579&amp;ssl=1 579w, https:\/\/i0.wp.com\/eltrabajo.cl\/portal\/wp-content\/uploads\/2020\/02\/Mitigacion5.jpg?resize=225%2C300&amp;ssl=1 225w, https:\/\/i0.wp.com\/eltrabajo.cl\/portal\/wp-content\/uploads\/2020\/02\/Mitigacion5.jpg?resize=112%2C150&amp;ssl=1 112w, https:\/\/i0.wp.com\/eltrabajo.cl\/portal\/wp-content\/uploads\/2020\/02\/Mitigacion5.jpg?resize=400%2C534&amp;ssl=1 400w\" sizes=\"auto, (max-width: 579px) 100vw, 579px\" \/><figcaption id=\"caption-attachment-97115\" class=\"wp-caption-text\">YA CASI LISTAS.- Aqu\u00ed vemos c\u00f3mo quedaron hormigonados algunos trechos ayer de la v\u00eda en construcci\u00f3n.<\/figcaption><\/figure>\n<p>&nbsp;<\/p>\n<figure id=\"attachment_97114\" aria-describedby=\"caption-attachment-97114\" style=\"width: 580px\" class=\"wp-caption alignnone\"><img data-recalc-dims=\"1\" loading=\"lazy\" decoding=\"async\" class=\"size-full wp-image-97114\" src=\"https:\/\/i0.wp.com\/www.eltrabajo.cl\/portal\/wp-content\/uploads\/2020\/02\/Mitigacion4.jpg?resize=580%2C870\" alt=\"VECINOS PREOCUPADOS.- Rodrigo Retamales instal\u00f3 esta pieza pl\u00e1stica de colores para visibilizar el sif\u00f3n en media calle.\" width=\"580\" height=\"870\" srcset=\"https:\/\/i0.wp.com\/eltrabajo.cl\/portal\/wp-content\/uploads\/2020\/02\/Mitigacion4.jpg?w=580&amp;ssl=1 580w, https:\/\/i0.wp.com\/eltrabajo.cl\/portal\/wp-content\/uploads\/2020\/02\/Mitigacion4.jpg?resize=200%2C300&amp;ssl=1 200w, https:\/\/i0.wp.com\/eltrabajo.cl\/portal\/wp-content\/uploads\/2020\/02\/Mitigacion4.jpg?resize=100%2C150&amp;ssl=1 100w, https:\/\/i0.wp.com\/eltrabajo.cl\/portal\/wp-content\/uploads\/2020\/02\/Mitigacion4.jpg?resize=400%2C600&amp;ssl=1 400w\" sizes=\"auto, (max-width: 580px) 100vw, 580px\" \/><figcaption id=\"caption-attachment-97114\" class=\"wp-caption-text\">VECINOS PREOCUPADOS.- Rodrigo Retamales instal\u00f3 esta pieza pl\u00e1stica de colores para visibilizar el sif\u00f3n en media calle.<\/figcaption><\/figure>\n","protected":false},"excerpt":{"rendered":"<p>Serviu asegura que pronto estar\u00e1n terminadas: Muy molestos est\u00e1n varios vecinos del sector Hermanos Carrera Norte con Toromazote, luego que las obras que el Serviu viene desarrollando en su v\u00eda, pues desde&#8230;<\/p>\n","protected":false},"author":482,"featured_media":97112,"comment_status":"open","ping_status":"open","sticky":false,"template":"","format":"standard","meta":{"advanced_seo_description":"","jetpack_seo_html_title":"","jetpack_seo_noindex":false,"_jetpack_memberships_contains_paid_content":false,"footnotes":""},"categories":[15],"tags":[],"class_list":["post-97109","post","type-post","status-publish","format-standard","has-post-thumbnail","hentry","category-comunidad"],"jetpack_featured_media_url":"https:\/\/i0.wp.com\/eltrabajo.cl\/portal\/wp-content\/uploads\/2020\/02\/Mitigacion2.jpg?fit=580%2C359&ssl=1","jetpack_sharing_enabled":true,"jetpack_likes_enabled":true,"jetpack-related-posts":[],"_links":{"self":[{"href":"https:\/\/eltrabajo.cl\/portal\/wp-json\/wp\/v2\/posts\/97109","targetHints":{"allow":["GET"]}}],"collection":[{"href":"https:\/\/eltrabajo.cl\/portal\/wp-json\/wp\/v2\/posts"}],"about":[{"href":"https:\/\/eltrabajo.cl\/portal\/wp-json\/wp\/v2\/types\/post"}],"author":[{"embeddable":true,"href":"https:\/\/eltrabajo.cl\/portal\/wp-json\/wp\/v2\/users\/482"}],"replies":[{"embeddable":true,"href":"https:\/\/eltrabajo.cl\/portal\/wp-json\/wp\/v2\/comments?post=97109"}],"version-history":[{"count":0,"href":"https:\/\/eltrabajo.cl\/portal\/wp-json\/wp\/v2\/posts\/97109\/revisions"}],"wp:featuredmedia":[{"embeddable":true,"href":"https:\/\/eltrabajo.cl\/portal\/wp-json\/wp\/v2\/media\/97112"}],"wp:attachment":[{"href":"https:\/\/eltrabajo.cl\/portal\/wp-json\/wp\/v2\/media?parent=97109"}],"wp:term":[{"taxonomy":"category","embeddable":true,"href":"https:\/\/eltrabajo.cl\/portal\/wp-json\/wp\/v2\/categories?post=97109"},{"taxonomy":"post_tag","embeddable":true,"href":"https:\/\/eltrabajo.cl\/portal\/wp-json\/wp\/v2\/tags?post=97109"}],"curies":[{"name":"wp","href":"https:\/\/api.w.org\/{rel}","templated":true}]}}