{"id":97117,"date":"2020-02-26T05:06:39","date_gmt":"2020-02-26T08:06:39","guid":{"rendered":"http:\/\/www.eltrabajo.cl\/portal\/?p=97117"},"modified":"2020-02-25T21:32:57","modified_gmt":"2020-02-26T00:32:57","slug":"delincuentes-a-punta-de-pistolas-asaltan-a-propietario-de-la-casa-grande","status":"publish","type":"post","link":"https:\/\/eltrabajo.cl\/portal\/delincuentes-a-punta-de-pistolas-asaltan-a-propietario-de-la-casa-grande\/","title":{"rendered":"Delincuentes a punta de pistolas asaltan a propietario de la \u2018Casa Grande\u2019"},"content":{"rendered":"<p><span style=\"color: #ff0000;\"><strong>\u00a1Ola de robos a mano armada en San Felipe!:<\/strong><\/span><\/p>\n<p>A los dos robos de veh\u00edculos ocurridos el d\u00eda domingo y este lunes, ambos a punta de pistolas, ahora se supo de un asalto a mano armada que sufri\u00f3 el due\u00f1o del conocido local \u2018Casa Grande\u2019 en los momentos que regresaba a su casa en San Felipe.<\/p>\n<p>La v\u00edctima, el conocido empresario <strong>Orlando Bustamante<\/strong>, cuenta que este hecho ocurri\u00f3 en la madrugada del d\u00eda domingo 16 de febrero, al momento de llegar a su casa, donde fueron abordados y agredidos por dos sujetos que a punta de pistolas y movilizados en un veh\u00edculo le arrebataron el dinero que portaba su esposa en una cartera.<\/p>\n<p>Cuenta que ese d\u00eda conduc\u00eda su veh\u00edculo a no m\u00e1s de sesenta kil\u00f3metros, sin embargo\u00a0 le\u00a0 llam\u00f3 mucho la atenci\u00f3n que detr\u00e1s, a unos 50 metros,\u00a0 transitaba un veh\u00edculo que seg\u00fan \u00e9l lo sigui\u00f3 desde que sali\u00f3 de su local ubicado camino a Putaendo, hasta doblar en el puente Enc\u00f3n para dirigirse a su domicilio ubicado en San Felipe.<\/p>\n<p>Todo lo anterior lo observ\u00f3 por el espejo retrovisor, sin darle mayor importancia.<\/p>\n<p>Sin embargo cuando llegaron a su casa, detr\u00e1s se estacion\u00f3 un veh\u00edculo con las luces altas, pens\u00f3 que eran vecinos porque siempre lo esperan. No obstante se trataba de dos delincuentes que\u00a0 se bajaron del veh\u00edculo, uno por cada lado, provistos de pistolas, quienes procedieron a agredirlo en el rostro, mientras que el otro empuj\u00f3 al suelo a su\u00a0 se\u00f1ora. Ah\u00ed se produjo una lucha porque la mujer no quer\u00eda soltar la cartera, sin embargo todo fue en vano porque definitivamente lograron arrebatarle el accesorio donde portaba el dinero para luego huir del lugar, mientras los afectados ped\u00edan auxilio a sus vecinos.<\/p>\n<p>Seg\u00fan la v\u00edctima se tratar\u00eda de sujetos de aproximadamente unos 30 a\u00f1os de edad.<\/p>\n<p>Reconoce que m\u00e1s que afectado f\u00edsicamente, qued\u00f3 muy choqueado con esta acci\u00f3n que le toc\u00f3 vivir esa madrugada.<\/p>\n<p>Dice que los sujetos actuaron \u00abdateados\u00bb.<\/p>\n<p>Hizo la denuncia en Carabineros de quienes est\u00e1 muy agradecido por su actuar.<\/p>\n<p>No quiso entregar la cifra exacta, pero superar\u00eda el mill\u00f3n de pesos.<\/p>\n<p>&nbsp;<\/p>\n<figure id=\"attachment_97118\" aria-describedby=\"caption-attachment-97118\" style=\"width: 580px\" class=\"wp-caption alignnone\"><img data-recalc-dims=\"1\" loading=\"lazy\" decoding=\"async\" class=\"size-full wp-image-97118\" src=\"https:\/\/i0.wp.com\/www.eltrabajo.cl\/portal\/wp-content\/uploads\/2020\/02\/portonazo.jpg?resize=580%2C359\" alt=\"En los \u00faltimos d\u00edas se ha sabido de al menos tres asaltos con armas de fuego que han afectado a automovilistas, en uno de ellos incluso le arrebataron su veh\u00edculo a una mujer, en un preocupante caso de \u2018Portonazo\u2019 que no se hab\u00edan dado en la zona.\" width=\"580\" height=\"359\" srcset=\"https:\/\/i0.wp.com\/eltrabajo.cl\/portal\/wp-content\/uploads\/2020\/02\/portonazo.jpg?w=580&amp;ssl=1 580w, https:\/\/i0.wp.com\/eltrabajo.cl\/portal\/wp-content\/uploads\/2020\/02\/portonazo.jpg?resize=300%2C186&amp;ssl=1 300w, https:\/\/i0.wp.com\/eltrabajo.cl\/portal\/wp-content\/uploads\/2020\/02\/portonazo.jpg?resize=200%2C124&amp;ssl=1 200w, https:\/\/i0.wp.com\/eltrabajo.cl\/portal\/wp-content\/uploads\/2020\/02\/portonazo.jpg?resize=242%2C150&amp;ssl=1 242w, https:\/\/i0.wp.com\/eltrabajo.cl\/portal\/wp-content\/uploads\/2020\/02\/portonazo.jpg?resize=400%2C248&amp;ssl=1 400w\" sizes=\"auto, (max-width: 580px) 100vw, 580px\" \/><figcaption id=\"caption-attachment-97118\" class=\"wp-caption-text\">En los \u00faltimos d\u00edas se ha sabido de al menos tres asaltos con armas de fuego que han afectado a automovilistas, en uno de ellos incluso le arrebataron su veh\u00edculo a una mujer, en un preocupante caso de \u2018Portonazo\u2019 que no se hab\u00edan dado en la zona.<\/figcaption><\/figure>\n","protected":false},"excerpt":{"rendered":"<p>\u00a1Ola de robos a mano armada en San Felipe!: A los dos robos de veh\u00edculos ocurridos el d\u00eda domingo y este lunes, ambos a punta de pistolas, ahora se supo de un&#8230;<\/p>\n","protected":false},"author":482,"featured_media":97118,"comment_status":"open","ping_status":"open","sticky":false,"template":"","format":"standard","meta":{"advanced_seo_description":"","jetpack_seo_html_title":"","jetpack_seo_noindex":false,"_jetpack_memberships_contains_paid_content":false,"footnotes":""},"categories":[21],"tags":[],"class_list":["post-97117","post","type-post","status-publish","format-standard","has-post-thumbnail","hentry","category-policial"],"jetpack_featured_media_url":"https:\/\/i0.wp.com\/eltrabajo.cl\/portal\/wp-content\/uploads\/2020\/02\/portonazo.jpg?fit=580%2C359&ssl=1","jetpack_sharing_enabled":true,"jetpack_likes_enabled":true,"jetpack-related-posts":[],"_links":{"self":[{"href":"https:\/\/eltrabajo.cl\/portal\/wp-json\/wp\/v2\/posts\/97117","targetHints":{"allow":["GET"]}}],"collection":[{"href":"https:\/\/eltrabajo.cl\/portal\/wp-json\/wp\/v2\/posts"}],"about":[{"href":"https:\/\/eltrabajo.cl\/portal\/wp-json\/wp\/v2\/types\/post"}],"author":[{"embeddable":true,"href":"https:\/\/eltrabajo.cl\/portal\/wp-json\/wp\/v2\/users\/482"}],"replies":[{"embeddable":true,"href":"https:\/\/eltrabajo.cl\/portal\/wp-json\/wp\/v2\/comments?post=97117"}],"version-history":[{"count":0,"href":"https:\/\/eltrabajo.cl\/portal\/wp-json\/wp\/v2\/posts\/97117\/revisions"}],"wp:featuredmedia":[{"embeddable":true,"href":"https:\/\/eltrabajo.cl\/portal\/wp-json\/wp\/v2\/media\/97118"}],"wp:attachment":[{"href":"https:\/\/eltrabajo.cl\/portal\/wp-json\/wp\/v2\/media?parent=97117"}],"wp:term":[{"taxonomy":"category","embeddable":true,"href":"https:\/\/eltrabajo.cl\/portal\/wp-json\/wp\/v2\/categories?post=97117"},{"taxonomy":"post_tag","embeddable":true,"href":"https:\/\/eltrabajo.cl\/portal\/wp-json\/wp\/v2\/tags?post=97117"}],"curies":[{"name":"wp","href":"https:\/\/api.w.org\/{rel}","templated":true}]}}