{"id":97120,"date":"2020-02-26T05:07:03","date_gmt":"2020-02-26T08:07:03","guid":{"rendered":"http:\/\/www.eltrabajo.cl\/portal\/?p=97120"},"modified":"2020-02-25T21:35:12","modified_gmt":"2020-02-26T00:35:12","slug":"en-plena-calle-tendra-que-celebrar-su-cumpleanos-la-sociedad-de-artesanos","status":"publish","type":"post","link":"https:\/\/eltrabajo.cl\/portal\/en-plena-calle-tendra-que-celebrar-su-cumpleanos-la-sociedad-de-artesanos\/","title":{"rendered":"En plena calle tendr\u00e1 que celebrar su cumplea\u00f1os la Sociedad de Artesanos"},"content":{"rendered":"<p><span style=\"color: #ff0000;\"><strong>Sin poder entrar a su edificio por pleito legal con concesionario:<\/strong><\/span><\/p>\n<p>Muchos sanfelipe\u00f1os quiz\u00e1 habr\u00e1n notado que desde hace ya bastantes meses el Casino de la Sociedad de Artesanos La Uni\u00f3n permanece cerrado, situaci\u00f3n que ha significado penas a los due\u00f1os y socios, pues entre los concesionarios y el directorio de la Sociedad en alg\u00fan momento entraron en disputas legales que, aunque no son ahora la noticia, s\u00ed han afectado el presente de estos servidores p\u00fablicos en su accionar como Sociedad.<\/p>\n<p>&nbsp;<\/p>\n<p><span style=\"color: #ff0000;\"><strong>CERRAR\u00c1N COIMAS<\/strong><\/span><\/p>\n<p>Es por ello que los 128 a\u00f1os que cumplir\u00e1n este viernes tendr\u00e1n que celebrarlos en plena calle, situaci\u00f3n que fue confirmada por <strong><em>Jaime Canales Meneses<\/em><\/strong>, presidente de la Sociedad de Artesanos La Uni\u00f3n de San Felipe.<\/p>\n<p>\u00ab<em>Estamos todos los 79 socios de nuestra Sociedad conmemorando este viernes 28 de febrero los 128 a\u00f1os de existencia de nuestra instituci\u00f3n. Esta fecha nos alcanza con una situaci\u00f3n por resolver tras muchos meses de ardua lucha judicial en pos de recuperar el inmueble que por m\u00e1s de un siglo nos ha acogido para desarrollar nuestros trabajos filiales. Es por eso que este a\u00f1o la ceremonia solemne se realizar\u00e1 no al interior de nuestra sede central, sino m\u00e1s bien en el frontis de nuestra instituci\u00f3n. El directorio de nuestra Sociedad quiere a la vez informar a nuestros socios y p\u00fablico en general, que en los pr\u00f3ximos d\u00edas el Juzgado Civil de San Felipe se pronunciar\u00e1 con una sentencia final en este caso que aqueja a nuestra instituci\u00f3n, por lo que agradece y ruega por la paciencia brindada hasta el momento. Tambi\u00e9n nuestro directorio ha mantenido un trabajo arduo con lo que respecta al atender este juicio y nuestros papeles al d\u00eda en todo. Para este viernes a las 10:00 horas en Coimas 1482 estaremos conmemorando nuestro 128\u00ba aniversario, junto a nuestras autoridades comunales y provinciales, adem\u00e1s invitamos a todos nuestros socios y amigos de la instituci\u00f3n. La calle estar\u00e1 cerrada por una hora, se dir\u00e1n los discursos protocolares por parte de algunas de nuestras autoridades. Para el d\u00eda s\u00e1bado a las 12:00 horas haremos un acto solemne en el mausoleo de la Sociedad, donde depositaremos ofrendas florales y recordaremos a nuestros socios fallecidos<\/em>\u00bb, dijo Canales.<\/p>\n<p>&nbsp;<\/p>\n<p><span style=\"color: #ff0000;\"><strong>BREVE RESE\u00d1A<\/strong><\/span><\/p>\n<p>Los Artesanos crearon las primeras escuelas primarias de la regi\u00f3n, alfabetizaron al San Felipe de Ayer, abrieron nuevos caminos al desarrollo como sociedad. All\u00e1 por el a\u00f1o 1892 se cre\u00f3 la Sociedad de Artesanos La Uni\u00f3n. En aquellos tiempos no hab\u00eda escuelas primarias y tampoco maneras de ganarse la vida fabricando cosas para la venta. En ese tiempo lleg\u00f3 a San Felipe un se\u00f1or llamado <strong>Manuel Ladr\u00f3n de Guevara<\/strong>, quien ide\u00f3 crear la agrupaci\u00f3n. El analfabetismo en aquellos a\u00f1os era casi general y no exist\u00edan oportunidades de empleo, no exist\u00edan escuelas y estos problemas parecer\u00edan no tener soluci\u00f3n.<\/p>\n<p>Manuel Ladr\u00f3n entonces ide\u00f3 impartir clases de alfabetizaci\u00f3n, instruir a los sanfelipe\u00f1os que en aquella \u00e9poca no sab\u00edan leer ni escribir; con el pasar de los a\u00f1os, as\u00ed la Sociedad fue impulsando proyectos para ayudar a crear escuelas de Primaria en la provincia. Pero la labor de estos artesanos no se limitaba a simplemente aprender a leer y escribir, en dicha Sociedad aprendieron tambi\u00e9n a desarrollar habilidades manuales que los ayudaron a crear arte y cultura en cada uno de sus trabajos.<\/p>\n<p>Poco a poco se fueron asociando muchas personas a dicha sociedad, se elaboraban artesan\u00edas en cuero, barro, tela, madera y otros materiales. Los Bomberos de San Felipe fueron fundados por artesanos de esta Sociedad, en esos talleres se impart\u00edan clases de costura, pintura, carpinteros, sombrereros y de cocina. Con esas ganas de trabajar el se\u00f1or Ladr\u00f3n se mantuvo por 30 a\u00f1os como presidente de la Sociedad de Artesanos La Uni\u00f3n de San Felipe.<\/p>\n<p>&nbsp;<\/p>\n<p><span style=\"color: #ff0000;\"><strong>GRANDES FIGURAS<\/strong><\/span><\/p>\n<p>Ha sido tal la importancia que la Sociedad de Artesanos La Uni\u00f3n de San Felipe ha tenido en el desarrollo de la provincia, que grandes pioneros del comercio y la educaci\u00f3n de la regi\u00f3n se asociaron y dirigieron esta instituci\u00f3n. Grandes personalidades de nuestra provincia fueron socios de esta Sociedad, personas como el Doctor Segismundo Iturra y don Zacar\u00edas Amar (padre del exalcalde Jaime Amar), y otros ilustres personajes eran parte de esta agrupaci\u00f3n.<\/p>\n<p><strong>Roberto Gonz\u00e1lez Short<\/strong><\/p>\n<p>&nbsp;<\/p>\n<figure id=\"attachment_97121\" aria-describedby=\"caption-attachment-97121\" style=\"width: 580px\" class=\"wp-caption alignnone\"><img data-recalc-dims=\"1\" loading=\"lazy\" decoding=\"async\" class=\"size-full wp-image-97121\" src=\"https:\/\/i0.wp.com\/www.eltrabajo.cl\/portal\/wp-content\/uploads\/2020\/02\/Artesanos1.jpg?resize=580%2C360\" alt=\"TRISTE REALIDAD.- Muy c\u00f3modos celebraron por a\u00f1os los socios sus aniversarios y reuniones de trabajo en sus propias instalaciones; ahora lo har\u00e1n en la calle, frente a su edificio. (Archivo)\" width=\"580\" height=\"360\" srcset=\"https:\/\/i0.wp.com\/eltrabajo.cl\/portal\/wp-content\/uploads\/2020\/02\/Artesanos1.jpg?w=580&amp;ssl=1 580w, https:\/\/i0.wp.com\/eltrabajo.cl\/portal\/wp-content\/uploads\/2020\/02\/Artesanos1.jpg?resize=300%2C186&amp;ssl=1 300w, https:\/\/i0.wp.com\/eltrabajo.cl\/portal\/wp-content\/uploads\/2020\/02\/Artesanos1.jpg?resize=200%2C124&amp;ssl=1 200w, https:\/\/i0.wp.com\/eltrabajo.cl\/portal\/wp-content\/uploads\/2020\/02\/Artesanos1.jpg?resize=242%2C150&amp;ssl=1 242w, https:\/\/i0.wp.com\/eltrabajo.cl\/portal\/wp-content\/uploads\/2020\/02\/Artesanos1.jpg?resize=400%2C248&amp;ssl=1 400w\" sizes=\"auto, (max-width: 580px) 100vw, 580px\" \/><figcaption id=\"caption-attachment-97121\" class=\"wp-caption-text\">TRISTE REALIDAD.- Muy c\u00f3modos celebraron por a\u00f1os los socios sus aniversarios y reuniones de trabajo en sus propias instalaciones; ahora lo har\u00e1n en la calle, frente a su edificio. (Archivo)<\/figcaption><\/figure>\n<p>&nbsp;<\/p>\n<figure id=\"attachment_97122\" aria-describedby=\"caption-attachment-97122\" style=\"width: 578px\" class=\"wp-caption alignnone\"><img data-recalc-dims=\"1\" loading=\"lazy\" decoding=\"async\" class=\"size-full wp-image-97122\" src=\"https:\/\/i0.wp.com\/www.eltrabajo.cl\/portal\/wp-content\/uploads\/2020\/02\/Artesanos2.jpg?resize=578%2C284\" alt=\"PIONEROS DEL PROGRESO.- En el a\u00f1o de 1940 fue tomada esta fotograf\u00eda. Prestigiosas personas que en esa \u00e9poca dieron mucho por la Sociedad y por ende, por San Felipe. De pie, cuarto de izquierda a derecha, Zacar\u00edas Amar, padre del exalcalde Jaime Amar.\" width=\"578\" height=\"284\" srcset=\"https:\/\/i0.wp.com\/eltrabajo.cl\/portal\/wp-content\/uploads\/2020\/02\/Artesanos2.jpg?w=578&amp;ssl=1 578w, https:\/\/i0.wp.com\/eltrabajo.cl\/portal\/wp-content\/uploads\/2020\/02\/Artesanos2.jpg?resize=300%2C147&amp;ssl=1 300w, https:\/\/i0.wp.com\/eltrabajo.cl\/portal\/wp-content\/uploads\/2020\/02\/Artesanos2.jpg?resize=200%2C98&amp;ssl=1 200w, https:\/\/i0.wp.com\/eltrabajo.cl\/portal\/wp-content\/uploads\/2020\/02\/Artesanos2.jpg?resize=400%2C197&amp;ssl=1 400w\" sizes=\"auto, (max-width: 578px) 100vw, 578px\" \/><figcaption id=\"caption-attachment-97122\" class=\"wp-caption-text\">PIONEROS DEL PROGRESO.- En el a\u00f1o de 1940 fue tomada esta fotograf\u00eda. Prestigiosas personas que en esa \u00e9poca dieron mucho por la Sociedad y por ende, por San Felipe. De pie, cuarto de izquierda a derecha, Zacar\u00edas Amar, padre del exalcalde Jaime Amar.<\/figcaption><\/figure>\n<p>&nbsp;<\/p>\n<figure id=\"attachment_97123\" aria-describedby=\"caption-attachment-97123\" style=\"width: 580px\" class=\"wp-caption alignnone\"><img data-recalc-dims=\"1\" loading=\"lazy\" decoding=\"async\" class=\"size-full wp-image-97123\" src=\"https:\/\/i0.wp.com\/www.eltrabajo.cl\/portal\/wp-content\/uploads\/2020\/02\/Artesanos_Jaime-Canales.jpg?resize=580%2C600\" alt=\"Jaime Canales Meneses, presidente de la Sociedad de Artesanos La Uni\u00f3n, de San Felipe.\" width=\"580\" height=\"600\" srcset=\"https:\/\/i0.wp.com\/eltrabajo.cl\/portal\/wp-content\/uploads\/2020\/02\/Artesanos_Jaime-Canales.jpg?w=580&amp;ssl=1 580w, https:\/\/i0.wp.com\/eltrabajo.cl\/portal\/wp-content\/uploads\/2020\/02\/Artesanos_Jaime-Canales.jpg?resize=290%2C300&amp;ssl=1 290w, https:\/\/i0.wp.com\/eltrabajo.cl\/portal\/wp-content\/uploads\/2020\/02\/Artesanos_Jaime-Canales.jpg?resize=145%2C150&amp;ssl=1 145w, https:\/\/i0.wp.com\/eltrabajo.cl\/portal\/wp-content\/uploads\/2020\/02\/Artesanos_Jaime-Canales.jpg?resize=400%2C414&amp;ssl=1 400w\" sizes=\"auto, (max-width: 580px) 100vw, 580px\" \/><figcaption id=\"caption-attachment-97123\" class=\"wp-caption-text\">Jaime Canales Meneses, presidente de la Sociedad de Artesanos La Uni\u00f3n, de San Felipe.<\/figcaption><\/figure>\n","protected":false},"excerpt":{"rendered":"<p>Sin poder entrar a su edificio por pleito legal con concesionario: Muchos sanfelipe\u00f1os quiz\u00e1 habr\u00e1n notado que desde hace ya bastantes meses el Casino de la Sociedad de Artesanos La Uni\u00f3n permanece&#8230;<\/p>\n","protected":false},"author":482,"featured_media":97121,"comment_status":"open","ping_status":"open","sticky":false,"template":"","format":"standard","meta":{"advanced_seo_description":"","jetpack_seo_html_title":"","jetpack_seo_noindex":false,"_jetpack_memberships_contains_paid_content":false,"footnotes":""},"categories":[15],"tags":[],"class_list":["post-97120","post","type-post","status-publish","format-standard","has-post-thumbnail","hentry","category-comunidad"],"jetpack_featured_media_url":"https:\/\/i0.wp.com\/eltrabajo.cl\/portal\/wp-content\/uploads\/2020\/02\/Artesanos1.jpg?fit=580%2C360&ssl=1","jetpack_sharing_enabled":true,"jetpack_likes_enabled":true,"jetpack-related-posts":[],"_links":{"self":[{"href":"https:\/\/eltrabajo.cl\/portal\/wp-json\/wp\/v2\/posts\/97120","targetHints":{"allow":["GET"]}}],"collection":[{"href":"https:\/\/eltrabajo.cl\/portal\/wp-json\/wp\/v2\/posts"}],"about":[{"href":"https:\/\/eltrabajo.cl\/portal\/wp-json\/wp\/v2\/types\/post"}],"author":[{"embeddable":true,"href":"https:\/\/eltrabajo.cl\/portal\/wp-json\/wp\/v2\/users\/482"}],"replies":[{"embeddable":true,"href":"https:\/\/eltrabajo.cl\/portal\/wp-json\/wp\/v2\/comments?post=97120"}],"version-history":[{"count":0,"href":"https:\/\/eltrabajo.cl\/portal\/wp-json\/wp\/v2\/posts\/97120\/revisions"}],"wp:featuredmedia":[{"embeddable":true,"href":"https:\/\/eltrabajo.cl\/portal\/wp-json\/wp\/v2\/media\/97121"}],"wp:attachment":[{"href":"https:\/\/eltrabajo.cl\/portal\/wp-json\/wp\/v2\/media?parent=97120"}],"wp:term":[{"taxonomy":"category","embeddable":true,"href":"https:\/\/eltrabajo.cl\/portal\/wp-json\/wp\/v2\/categories?post=97120"},{"taxonomy":"post_tag","embeddable":true,"href":"https:\/\/eltrabajo.cl\/portal\/wp-json\/wp\/v2\/tags?post=97120"}],"curies":[{"name":"wp","href":"https:\/\/api.w.org\/{rel}","templated":true}]}}