{"id":97134,"date":"2020-02-27T05:03:10","date_gmt":"2020-02-27T08:03:10","guid":{"rendered":"http:\/\/www.eltrabajo.cl\/portal\/?p=97134"},"modified":"2020-02-26T21:27:41","modified_gmt":"2020-02-27T00:27:41","slug":"comerciantes-sanfelipenos-aceptan-las-protestas-pero-que-sean-pacificas","status":"publish","type":"post","link":"https:\/\/eltrabajo.cl\/portal\/comerciantes-sanfelipenos-aceptan-las-protestas-pero-que-sean-pacificas\/","title":{"rendered":"Comerciantes sanfelipe\u00f1os aceptan las protestas, pero que sean pac\u00edficas"},"content":{"rendered":"<p><span style=\"color: #ff0000;\"><strong>Grandes y peque\u00f1os est\u00e1n m\u00e1s que preocupados:<\/strong><\/span><\/p>\n<p>Gran preocupaci\u00f3n es la que reina en la mayor\u00eda de comerciantes sanfelipe\u00f1os tras los anuncios hechos en redes sociales referentes a convocatorias a nivel nacional para hacer marchas y protestas, en algunos casos tambi\u00e9n se habla de violentas protestas, lo que genera expectaci\u00f3n y temor, pues algunos comerciante de San Felipe sufrieron millonarias p\u00e9rdidas durante las manifestaciones.<\/p>\n<p>La violencia fue tal en algunas ocasiones que los locales comerciales como Farmacia Ahumada, Abcdin y Farmacia Cruz Verde fueron saqueadas violentamente, un escenario que nadie quiere que se repita, por lo que <strong>Diario El Trabajo<\/strong> realiz\u00f3 ayer mi\u00e9rcoles un sondeo entre los comerciantes de nuestra ciudad para conocer sus opiniones sobre estas anunciadas manifestaciones.<\/p>\n<p>&nbsp;<\/p>\n<p><span style=\"color: #ff0000;\"><strong>\u00abQUEMA DE CHILE POR LOS CUATRO COSTADOS\u00bb<\/strong><\/span><\/p>\n<p>Quisimos en este art\u00edculo incluir la postura y opini\u00f3n del Core <strong>Iv\u00e1n Reyes<\/strong>, un militante de Renovaci\u00f3n Nacional que, al ser consultado por nuestro medio por estos anuncios y convocatorias a salir a las calles a protestar, serenamente nos respondi\u00f3 a nuestras consultas.<\/p>\n<p>&#8211; <strong>Anuncian nuevas protestas en todo el pa\u00eds, \u00bfqu\u00e9 se espera para Aconcagua?<\/strong><\/p>\n<p>&#8211; Yo creo definitivamente que las demandas sociales todo el mundo las comparte y nadie est\u00e1 ajeno a lo que la ciudadan\u00eda hoy d\u00eda est\u00e1 reclamando, pero creo que el camino no es la violencia, m\u00e1s bien pienso que el camino es la conversaci\u00f3n y el di\u00e1logo, es el trabajar es el aportar, yo creo que cuando se terminan los argumentos es cuando nace la violencia, creo que tenemos que trabajar en la funci\u00f3n del respeto, nadie es due\u00f1o absoluto de la verdad, yo no lo soy y el sector pol\u00edtico que represento tengo claro que tampoco es due\u00f1o absoluto de la verdad, creo que Chile lo tenemos que construir entre todos, pero mientras estemos ejerciendo la violencia, incendiando locales y llamando a m\u00e1s protestas violentas entonces ah\u00ed definitivamente no estamos creando el clima necesario que nos permita poder dialogar.<\/p>\n<p>&#8211; <strong>\u00bfTriunfar\u00e1 la violencia en esta segunda ola?<\/strong><\/p>\n<p>&#8211; Yo creo que todos aquellos que est\u00e1n llamando para que a partir del 8 de marzo a seguir violentando, creo que est\u00e1n en un camino equivocado, la violencia no los va a conducir a nada, no podemos colocar en riesgo lo que el pa\u00eds ha ganado porque tampoco podemos desconocer que Chile no es un pa\u00eds que est\u00e9 mal en lo econ\u00f3mico, existen desigualdades y eso lo tenemos todos claro, tenemos una serie de problemas en nuestro pa\u00eds como el tema de las pensiones, tenemos el tema de los abusos, las colusiones, y eso todos lo compartimos, pero eso se tiene que trabajar y conversar y hacer aportes pero desde la trinchera de la violencia no vamos a lograr nada.<\/p>\n<p>&#8211; <strong>\u00bfConviene una nueva Constituci\u00f3n a los chilenos?<\/strong><\/p>\n<p>&#8211; Hoy d\u00eda por ejemplo han pedido un plebiscito, unos plantean una nueva Constituci\u00f3n, otros creemos que no tenemos por qu\u00e9 partir de cero, yo en lo personal creo que no es bueno partir de cero porque adem\u00e1s el camino es m\u00e1s largo, pero yo creo s\u00ed en una reforma profunda con participaci\u00f3n de la ciudadan\u00eda no tan s\u00f3lo de los parlamentarios, sino que hagamos algo entre todos que seamos capaces de construir una Carta Magna que nos permita legitimarla a trav\u00e9s despu\u00e9s de una votaci\u00f3n, pero siempre centrados en el di\u00e1logo siempre en el respeto, no tenemos que pensar todos de la misma manera todos tenemos distintas miradas pues hay un solo fin el de tener un pa\u00eds mucho m\u00e1s justo m\u00e1s solidario y tranquilo, con mucha mejor salud y educaci\u00f3n pero eso tenemos que construirlo con paz y tranquilidad.<\/p>\n<p>&#8211; <strong>En esta convocatoria no hay Factor Sorpresa. \u00bfEl Gobierno prepara medidas espec\u00edficas ahora?<\/strong><\/p>\n<p>&#8211; La verdad yo siento y creo que el Gobierno debe estar prepar\u00e1ndose, porque efectivamente por distintos medios se ha estado llamando y anunciando que para el d\u00eda 8 de marzo pr\u00e1cticamente van a quemar Chile por los cuatro costados, yo creo que eso no va a pasar, finalmente creo que la gente caer\u00e1 en un grado de sensatez y de hecho (\u2026) cuando las primeras marchas fueron mayoritariamente de concurrencias muy altas, la gente sali\u00f3 porque ya estaba cansada, pero sali\u00f3 a protestar y a manifestar esa molestia pero sin la intenci\u00f3n de hacer da\u00f1o, pero en la medida que se ha ido violentando, en la medida que estas protestas fueron infiltradas de una u otra manera por el Lumpen, porque el Lumpen tambi\u00e9n se ha aprovechado de las protestas y esto para nadie es un misterio que eso tambi\u00e9n ha sucedido, la gente que sali\u00f3 a protestar se han empezado a restar ahora porque ya ha entendido que las cosas a trav\u00e9s de la violencia no se pueden solucionar.<\/p>\n<p>&#8211; <strong>\u00bfMensaje para quienes piensen manifestarse en estas marchas?<\/strong><\/p>\n<p>Decirles que todos tienen justo de expresarse, estamos en un pa\u00eds democr\u00e1tico, todo el mundo tiene derecho a expresarse a marchar, pero hag\u00e1moslo como corresponde, sin violencia porque, \u00bfpor qu\u00e9 tenemos que imponernos a trav\u00e9s de la violencia?<\/p>\n<p>&nbsp;<\/p>\n<p><span style=\"color: #ff0000;\"><strong>LOS COMERCIANTES<\/strong><\/span><\/p>\n<p><strong>Diario El Trabajo<\/strong> habl\u00f3 tambi\u00e9n con las personas que dan Fuerza y Vigor a nuestra ciudad, los comerciantes, aqu\u00ed algunos de sus comentarios:<\/p>\n<p><strong>Jaime Amar Amar, exalcalde y Qu\u00edmico Farmac\u00e9utico<\/strong>: \u00ab<em>Este 1\u00ba de marzo si se inicia una etapa nueva de violencia en nuestro pa\u00eds, creo que es el perjuicio m\u00e1s enorme que se hace a la democracia chilena y particularmente a la convivencia en nuestra ciudad, yo estoy confiado en que el Pa\u00eds ha tomado una decisi\u00f3n de iniciar un plebiscito para que la forma democr\u00e1tica se pueda resolver los problemas que puedan afectar un pa\u00eds o bien darle una\u00a0 conducci\u00f3n m\u00e1s democr\u00e1tica a los procesos de desarrollo de nuestro pa\u00eds. Si en marzo se inician nuevas jornadas de violencia el perjuicio indudablemente es enorme en nuestro valle y particularmente nuestra ciudad est\u00e1 viviendo una crisis muy compleja producto en primer lugar de la sequ\u00eda, en segundo lugar por situaciones que se han generado producto del cierre y traslados de empresas, e iniciar un proceso nuevo de violencia, indudablemente que ser\u00eda una situaci\u00f3n muy compleja para nuestra ciudad. Yo estoy confiado en que con sabidur\u00eda de sanfelipe\u00f1os tendr\u00e1n la fuerza necesaria para contrarrestar estos aspectos y no darles la conducci\u00f3n si es que corresponde a estos grupos minoritarios. Yo fui violentado dos veces saqueadas dos veces en San Felipe y tambi\u00e9n las farmacias en Los Andes, y hay que sentir y vivir la experiencia de esta naturaleza no tengo palabras, si estas resolvieran los problemas entonces yo podr\u00eda tener algunos signos de interrogaci\u00f3n pero esto no tiene absolutamente ning\u00fan sentido. Yo solamente espero que la convivencia la democracia triunfe finalmente en nuestra ciudad, porque siempre las grandes decisiones se toman en un contexto de participaci\u00f3n cercana como es el plebiscito que nos va a definir el camino a seguir para nuestra Patria y nuestra ciudad<\/em>\u00bb.<\/p>\n<p><strong>Jeannette Ahumada, comerciante<\/strong>: \u00ab<em>Est\u00e1 bien que marchen y protesten, pero no con el maltrato a nuestros locales, llevamos m\u00e1s de 50 a\u00f1os en este comercio y somos parte de la ciudad, ni merecemos da\u00f1os, somos un aporte al pueblo de San Felipe. No es justo tampoco la violencia porque genera desempleo y cierre de empresas<\/em>\u00bb.<\/p>\n<p><strong>Wilson Castro, vendedor ambulante<\/strong>: \u00ab<em>Estoy de acuerdo con estas protestas y con las marchas, pero ojala que no sean violentos y no da\u00f1en nuestros locales comerciales<\/em>\u00bb.<\/p>\n<p><strong>Mario Saavedra Verdugo, comerciante<\/strong>: \u00ab<em>Est\u00e1 bien que protesten, ojala que no haya violencia, yo tambi\u00e9n protestar\u00eda a nivel local por los bolardos en calle Prat y Salinas, varios vecinos y clientes se han ca\u00eddo ya, porque est\u00e1n instalados en la vereda y no en la calle, por eso protestar\u00eda tambi\u00e9n<\/em>\u00bb.<\/p>\n<p><strong>Johanna Romero, comerciante<\/strong>: \u00ab<em>Que protesten sin violencia. Es triste andar por la ciudad y ver todo cerrado, que no destruyan nuestros locales<\/em>\u00bb.<\/p>\n<p><strong>Marcela Ferreira, comerciante<\/strong>: \u00ab<em>Ojala que si hay protesta exista una buena seguridad policial, esto nos afecta a todos los comerciantes, pienso que no hay que crear una nueva constituci\u00f3n, m\u00e1s bien hay que cambiar los decretos desfavorables para el pueblo<\/em>\u00bb.<\/p>\n<p><strong>Roberto Gonz\u00e1lez Short<\/strong><\/p>\n<p>&nbsp;<\/p>\n<figure id=\"attachment_97135\" aria-describedby=\"caption-attachment-97135\" style=\"width: 580px\" class=\"wp-caption alignnone\"><img data-recalc-dims=\"1\" loading=\"lazy\" decoding=\"async\" class=\"size-full wp-image-97135\" src=\"https:\/\/i0.wp.com\/www.eltrabajo.cl\/portal\/wp-content\/uploads\/2020\/02\/Marchas1.jpg?resize=580%2C360\" alt=\"SIN VIOLENCIA.- As\u00ed ser\u00edan las marchas que todos en San Felipe est\u00e1n dispuestos a apoyar y hasta participar.\" width=\"580\" height=\"360\" srcset=\"https:\/\/i0.wp.com\/eltrabajo.cl\/portal\/wp-content\/uploads\/2020\/02\/Marchas1.jpg?w=580&amp;ssl=1 580w, https:\/\/i0.wp.com\/eltrabajo.cl\/portal\/wp-content\/uploads\/2020\/02\/Marchas1.jpg?resize=300%2C186&amp;ssl=1 300w, https:\/\/i0.wp.com\/eltrabajo.cl\/portal\/wp-content\/uploads\/2020\/02\/Marchas1.jpg?resize=200%2C124&amp;ssl=1 200w, https:\/\/i0.wp.com\/eltrabajo.cl\/portal\/wp-content\/uploads\/2020\/02\/Marchas1.jpg?resize=242%2C150&amp;ssl=1 242w, https:\/\/i0.wp.com\/eltrabajo.cl\/portal\/wp-content\/uploads\/2020\/02\/Marchas1.jpg?resize=400%2C248&amp;ssl=1 400w\" sizes=\"auto, (max-width: 580px) 100vw, 580px\" \/><figcaption id=\"caption-attachment-97135\" class=\"wp-caption-text\">SIN VIOLENCIA.- As\u00ed ser\u00edan las marchas que todos en San Felipe est\u00e1n dispuestos a apoyar y hasta participar.<\/figcaption><\/figure>\n<p>&nbsp;<\/p>\n<figure id=\"attachment_97136\" aria-describedby=\"caption-attachment-97136\" style=\"width: 580px\" class=\"wp-caption alignnone\"><img data-recalc-dims=\"1\" loading=\"lazy\" decoding=\"async\" class=\"size-full wp-image-97136\" src=\"https:\/\/i0.wp.com\/www.eltrabajo.cl\/portal\/wp-content\/uploads\/2020\/02\/Marchas2.jpg?resize=580%2C359\" alt=\"TRISTE RECUERDO.- Este tristemente c\u00e9lebre escenario es el que preocupa a todos en nuestra comuna.\" width=\"580\" height=\"359\" srcset=\"https:\/\/i0.wp.com\/eltrabajo.cl\/portal\/wp-content\/uploads\/2020\/02\/Marchas2.jpg?w=580&amp;ssl=1 580w, https:\/\/i0.wp.com\/eltrabajo.cl\/portal\/wp-content\/uploads\/2020\/02\/Marchas2.jpg?resize=300%2C186&amp;ssl=1 300w, https:\/\/i0.wp.com\/eltrabajo.cl\/portal\/wp-content\/uploads\/2020\/02\/Marchas2.jpg?resize=200%2C124&amp;ssl=1 200w, https:\/\/i0.wp.com\/eltrabajo.cl\/portal\/wp-content\/uploads\/2020\/02\/Marchas2.jpg?resize=242%2C150&amp;ssl=1 242w, https:\/\/i0.wp.com\/eltrabajo.cl\/portal\/wp-content\/uploads\/2020\/02\/Marchas2.jpg?resize=400%2C248&amp;ssl=1 400w\" sizes=\"auto, (max-width: 580px) 100vw, 580px\" \/><figcaption id=\"caption-attachment-97136\" class=\"wp-caption-text\">TRISTE RECUERDO.- Este tristemente c\u00e9lebre escenario es el que preocupa a todos en nuestra comuna.<\/figcaption><\/figure>\n<p>&nbsp;<\/p>\n<figure id=\"attachment_97138\" aria-describedby=\"caption-attachment-97138\" style=\"width: 580px\" class=\"wp-caption alignnone\"><img data-recalc-dims=\"1\" loading=\"lazy\" decoding=\"async\" class=\"size-full wp-image-97138\" src=\"https:\/\/i0.wp.com\/www.eltrabajo.cl\/portal\/wp-content\/uploads\/2020\/02\/Marchas_Ivan-Reyes.jpg?resize=580%2C600\" alt=\"Consejero Regional Iv\u00e1n Reyes.\" width=\"580\" height=\"600\" srcset=\"https:\/\/i0.wp.com\/eltrabajo.cl\/portal\/wp-content\/uploads\/2020\/02\/Marchas_Ivan-Reyes.jpg?w=580&amp;ssl=1 580w, https:\/\/i0.wp.com\/eltrabajo.cl\/portal\/wp-content\/uploads\/2020\/02\/Marchas_Ivan-Reyes.jpg?resize=290%2C300&amp;ssl=1 290w, https:\/\/i0.wp.com\/eltrabajo.cl\/portal\/wp-content\/uploads\/2020\/02\/Marchas_Ivan-Reyes.jpg?resize=145%2C150&amp;ssl=1 145w, https:\/\/i0.wp.com\/eltrabajo.cl\/portal\/wp-content\/uploads\/2020\/02\/Marchas_Ivan-Reyes.jpg?resize=400%2C414&amp;ssl=1 400w\" sizes=\"auto, (max-width: 580px) 100vw, 580px\" \/><figcaption id=\"caption-attachment-97138\" class=\"wp-caption-text\">Consejero Regional Iv\u00e1n Reyes.<\/figcaption><\/figure>\n<p>&nbsp;<\/p>\n<figure id=\"attachment_97139\" aria-describedby=\"caption-attachment-97139\" style=\"width: 579px\" class=\"wp-caption alignnone\"><img data-recalc-dims=\"1\" loading=\"lazy\" decoding=\"async\" class=\"size-full wp-image-97139\" src=\"https:\/\/i0.wp.com\/www.eltrabajo.cl\/portal\/wp-content\/uploads\/2020\/02\/Marchas_Jaime-Amar.jpg?resize=579%2C600\" alt=\"Jaime Amar Amar, exalcalde y Qu\u00edmico Farmac\u00e9utico.\" width=\"579\" height=\"600\" srcset=\"https:\/\/i0.wp.com\/eltrabajo.cl\/portal\/wp-content\/uploads\/2020\/02\/Marchas_Jaime-Amar.jpg?w=579&amp;ssl=1 579w, https:\/\/i0.wp.com\/eltrabajo.cl\/portal\/wp-content\/uploads\/2020\/02\/Marchas_Jaime-Amar.jpg?resize=290%2C300&amp;ssl=1 290w, https:\/\/i0.wp.com\/eltrabajo.cl\/portal\/wp-content\/uploads\/2020\/02\/Marchas_Jaime-Amar.jpg?resize=145%2C150&amp;ssl=1 145w, https:\/\/i0.wp.com\/eltrabajo.cl\/portal\/wp-content\/uploads\/2020\/02\/Marchas_Jaime-Amar.jpg?resize=400%2C415&amp;ssl=1 400w\" sizes=\"auto, (max-width: 579px) 100vw, 579px\" \/><figcaption id=\"caption-attachment-97139\" class=\"wp-caption-text\">Jaime Amar Amar, exalcalde y Qu\u00edmico Farmac\u00e9utico.<\/figcaption><\/figure>\n<p>&nbsp;<\/p>\n<figure id=\"attachment_97137\" aria-describedby=\"caption-attachment-97137\" style=\"width: 580px\" class=\"wp-caption alignnone\"><img data-recalc-dims=\"1\" loading=\"lazy\" decoding=\"async\" class=\"size-full wp-image-97137\" src=\"https:\/\/i0.wp.com\/www.eltrabajo.cl\/portal\/wp-content\/uploads\/2020\/02\/Marchas-Protestas_Johanna-Romero.jpg?resize=580%2C600\" alt=\"Johanna Romero, comerciante muy conocida en San Felipe.\" width=\"580\" height=\"600\" srcset=\"https:\/\/i0.wp.com\/eltrabajo.cl\/portal\/wp-content\/uploads\/2020\/02\/Marchas-Protestas_Johanna-Romero.jpg?w=580&amp;ssl=1 580w, https:\/\/i0.wp.com\/eltrabajo.cl\/portal\/wp-content\/uploads\/2020\/02\/Marchas-Protestas_Johanna-Romero.jpg?resize=290%2C300&amp;ssl=1 290w, https:\/\/i0.wp.com\/eltrabajo.cl\/portal\/wp-content\/uploads\/2020\/02\/Marchas-Protestas_Johanna-Romero.jpg?resize=145%2C150&amp;ssl=1 145w, https:\/\/i0.wp.com\/eltrabajo.cl\/portal\/wp-content\/uploads\/2020\/02\/Marchas-Protestas_Johanna-Romero.jpg?resize=400%2C414&amp;ssl=1 400w\" sizes=\"auto, (max-width: 580px) 100vw, 580px\" \/><figcaption id=\"caption-attachment-97137\" class=\"wp-caption-text\">Johanna Romero, comerciante muy conocida en San Felipe.<\/figcaption><\/figure>\n<p>&nbsp;<\/p>\n<figure id=\"attachment_97143\" aria-describedby=\"caption-attachment-97143\" style=\"width: 580px\" class=\"wp-caption alignnone\"><img data-recalc-dims=\"1\" loading=\"lazy\" decoding=\"async\" class=\"size-full wp-image-97143\" src=\"https:\/\/i0.wp.com\/www.eltrabajo.cl\/portal\/wp-content\/uploads\/2020\/02\/Marchas_Wilson-Castro.jpg?resize=580%2C598\" alt=\"Wilson Castro, vendedor ambulante.\" width=\"580\" height=\"598\" srcset=\"https:\/\/i0.wp.com\/eltrabajo.cl\/portal\/wp-content\/uploads\/2020\/02\/Marchas_Wilson-Castro.jpg?w=580&amp;ssl=1 580w, https:\/\/i0.wp.com\/eltrabajo.cl\/portal\/wp-content\/uploads\/2020\/02\/Marchas_Wilson-Castro.jpg?resize=291%2C300&amp;ssl=1 291w, https:\/\/i0.wp.com\/eltrabajo.cl\/portal\/wp-content\/uploads\/2020\/02\/Marchas_Wilson-Castro.jpg?resize=145%2C150&amp;ssl=1 145w, https:\/\/i0.wp.com\/eltrabajo.cl\/portal\/wp-content\/uploads\/2020\/02\/Marchas_Wilson-Castro.jpg?resize=400%2C412&amp;ssl=1 400w\" sizes=\"auto, (max-width: 580px) 100vw, 580px\" \/><figcaption id=\"caption-attachment-97143\" class=\"wp-caption-text\">Wilson Castro, vendedor ambulante.<\/figcaption><\/figure>\n<p>&nbsp;<\/p>\n<figure id=\"attachment_97142\" aria-describedby=\"caption-attachment-97142\" style=\"width: 579px\" class=\"wp-caption alignnone\"><img data-recalc-dims=\"1\" loading=\"lazy\" decoding=\"async\" class=\"size-full wp-image-97142\" src=\"https:\/\/i0.wp.com\/www.eltrabajo.cl\/portal\/wp-content\/uploads\/2020\/02\/Marchas_Mario-Saavedra.jpg?resize=579%2C600\" alt=\"Mario Saavedra, comerciante de los libros en nuestra ciudad.\" width=\"579\" height=\"600\" srcset=\"https:\/\/i0.wp.com\/eltrabajo.cl\/portal\/wp-content\/uploads\/2020\/02\/Marchas_Mario-Saavedra.jpg?w=579&amp;ssl=1 579w, https:\/\/i0.wp.com\/eltrabajo.cl\/portal\/wp-content\/uploads\/2020\/02\/Marchas_Mario-Saavedra.jpg?resize=290%2C300&amp;ssl=1 290w, https:\/\/i0.wp.com\/eltrabajo.cl\/portal\/wp-content\/uploads\/2020\/02\/Marchas_Mario-Saavedra.jpg?resize=145%2C150&amp;ssl=1 145w, https:\/\/i0.wp.com\/eltrabajo.cl\/portal\/wp-content\/uploads\/2020\/02\/Marchas_Mario-Saavedra.jpg?resize=400%2C415&amp;ssl=1 400w\" sizes=\"auto, (max-width: 579px) 100vw, 579px\" \/><figcaption id=\"caption-attachment-97142\" class=\"wp-caption-text\">Mario Saavedra, comerciante de los libros en nuestra ciudad.<\/figcaption><\/figure>\n<p>&nbsp;<\/p>\n<figure id=\"attachment_97141\" aria-describedby=\"caption-attachment-97141\" style=\"width: 580px\" class=\"wp-caption alignnone\"><img data-recalc-dims=\"1\" loading=\"lazy\" decoding=\"async\" class=\"size-full wp-image-97141\" src=\"https:\/\/i0.wp.com\/www.eltrabajo.cl\/portal\/wp-content\/uploads\/2020\/02\/Marchas_Marcela-Ferreira.jpg?resize=580%2C598\" alt=\"Marcela Ferreira, conocida comerciante de nuestra comuna.\" width=\"580\" height=\"598\" srcset=\"https:\/\/i0.wp.com\/eltrabajo.cl\/portal\/wp-content\/uploads\/2020\/02\/Marchas_Marcela-Ferreira.jpg?w=580&amp;ssl=1 580w, https:\/\/i0.wp.com\/eltrabajo.cl\/portal\/wp-content\/uploads\/2020\/02\/Marchas_Marcela-Ferreira.jpg?resize=291%2C300&amp;ssl=1 291w, https:\/\/i0.wp.com\/eltrabajo.cl\/portal\/wp-content\/uploads\/2020\/02\/Marchas_Marcela-Ferreira.jpg?resize=145%2C150&amp;ssl=1 145w, https:\/\/i0.wp.com\/eltrabajo.cl\/portal\/wp-content\/uploads\/2020\/02\/Marchas_Marcela-Ferreira.jpg?resize=400%2C412&amp;ssl=1 400w\" sizes=\"auto, (max-width: 580px) 100vw, 580px\" \/><figcaption id=\"caption-attachment-97141\" class=\"wp-caption-text\">Marcela Ferreira, conocida comerciante de nuestra comuna.<\/figcaption><\/figure>\n<p>&nbsp;<\/p>\n<figure id=\"attachment_97140\" aria-describedby=\"caption-attachment-97140\" style=\"width: 580px\" class=\"wp-caption alignnone\"><img data-recalc-dims=\"1\" loading=\"lazy\" decoding=\"async\" class=\"size-full wp-image-97140\" src=\"https:\/\/i0.wp.com\/www.eltrabajo.cl\/portal\/wp-content\/uploads\/2020\/02\/Marchas_Jeannette-Ahumada.jpg?resize=580%2C600\" alt=\"Jeannette Ahumada, comerciante sanfelipe\u00f1a.\" width=\"580\" height=\"600\" srcset=\"https:\/\/i0.wp.com\/eltrabajo.cl\/portal\/wp-content\/uploads\/2020\/02\/Marchas_Jeannette-Ahumada.jpg?w=580&amp;ssl=1 580w, https:\/\/i0.wp.com\/eltrabajo.cl\/portal\/wp-content\/uploads\/2020\/02\/Marchas_Jeannette-Ahumada.jpg?resize=290%2C300&amp;ssl=1 290w, https:\/\/i0.wp.com\/eltrabajo.cl\/portal\/wp-content\/uploads\/2020\/02\/Marchas_Jeannette-Ahumada.jpg?resize=145%2C150&amp;ssl=1 145w, https:\/\/i0.wp.com\/eltrabajo.cl\/portal\/wp-content\/uploads\/2020\/02\/Marchas_Jeannette-Ahumada.jpg?resize=400%2C414&amp;ssl=1 400w\" sizes=\"auto, (max-width: 580px) 100vw, 580px\" \/><figcaption id=\"caption-attachment-97140\" class=\"wp-caption-text\">Jeannette Ahumada, comerciante sanfelipe\u00f1a.<\/figcaption><\/figure>\n","protected":false},"excerpt":{"rendered":"<p>Grandes y peque\u00f1os est\u00e1n m\u00e1s que preocupados: Gran preocupaci\u00f3n es la que reina en la mayor\u00eda de comerciantes sanfelipe\u00f1os tras los anuncios hechos en redes sociales referentes a convocatorias a nivel nacional&#8230;<\/p>\n","protected":false},"author":482,"featured_media":97135,"comment_status":"open","ping_status":"open","sticky":false,"template":"","format":"standard","meta":{"advanced_seo_description":"","jetpack_seo_html_title":"","jetpack_seo_noindex":false,"_jetpack_memberships_contains_paid_content":false,"footnotes":""},"categories":[15],"tags":[],"class_list":["post-97134","post","type-post","status-publish","format-standard","has-post-thumbnail","hentry","category-comunidad"],"jetpack_featured_media_url":"https:\/\/i0.wp.com\/eltrabajo.cl\/portal\/wp-content\/uploads\/2020\/02\/Marchas1.jpg?fit=580%2C360&ssl=1","jetpack_sharing_enabled":true,"jetpack_likes_enabled":true,"jetpack-related-posts":[],"_links":{"self":[{"href":"https:\/\/eltrabajo.cl\/portal\/wp-json\/wp\/v2\/posts\/97134","targetHints":{"allow":["GET"]}}],"collection":[{"href":"https:\/\/eltrabajo.cl\/portal\/wp-json\/wp\/v2\/posts"}],"about":[{"href":"https:\/\/eltrabajo.cl\/portal\/wp-json\/wp\/v2\/types\/post"}],"author":[{"embeddable":true,"href":"https:\/\/eltrabajo.cl\/portal\/wp-json\/wp\/v2\/users\/482"}],"replies":[{"embeddable":true,"href":"https:\/\/eltrabajo.cl\/portal\/wp-json\/wp\/v2\/comments?post=97134"}],"version-history":[{"count":0,"href":"https:\/\/eltrabajo.cl\/portal\/wp-json\/wp\/v2\/posts\/97134\/revisions"}],"wp:featuredmedia":[{"embeddable":true,"href":"https:\/\/eltrabajo.cl\/portal\/wp-json\/wp\/v2\/media\/97135"}],"wp:attachment":[{"href":"https:\/\/eltrabajo.cl\/portal\/wp-json\/wp\/v2\/media?parent=97134"}],"wp:term":[{"taxonomy":"category","embeddable":true,"href":"https:\/\/eltrabajo.cl\/portal\/wp-json\/wp\/v2\/categories?post=97134"},{"taxonomy":"post_tag","embeddable":true,"href":"https:\/\/eltrabajo.cl\/portal\/wp-json\/wp\/v2\/tags?post=97134"}],"curies":[{"name":"wp","href":"https:\/\/api.w.org\/{rel}","templated":true}]}}