{"id":97145,"date":"2020-02-27T05:04:56","date_gmt":"2020-02-27T08:04:56","guid":{"rendered":"http:\/\/www.eltrabajo.cl\/portal\/?p=97145"},"modified":"2020-02-26T21:29:23","modified_gmt":"2020-02-27T00:29:23","slug":"justicia-perdona-al-ex-dt-del-uni-uni-por-agredir-a-funcionario-de-la-pdi","status":"publish","type":"post","link":"https:\/\/eltrabajo.cl\/portal\/justicia-perdona-al-ex-dt-del-uni-uni-por-agredir-a-funcionario-de-la-pdi\/","title":{"rendered":"Justicia perdona al ex DT del Un\u00ed Un\u00ed por agredir a funcionario de la PDI"},"content":{"rendered":"<p><span style=\"color: #ff0000;\"><strong>Suspensi\u00f3n condicional del procedimiento:<\/strong><\/span><\/p>\n<p>Este lunes en el Tribunal de Garant\u00eda de San Felipe, se realiz\u00f3 un audiencia de suspensi\u00f3n condicional por el caso donde se vio involucrado el ex director t\u00e9cnico de San Felipe, <strong>Germ\u00e1n Corengia<\/strong>, acusado de agredir a un funcionario de la PDI al interior de la tienda Fashion\u2019s Park ubicada en calle Santo Domingo de San Felipe.<\/p>\n<p>La agresi\u00f3n se origin\u00f3 luego que el funcionario policial interviniera en una acalorada discusi\u00f3n protagonizada por el DT, uno de sus ayudantes y el guardia de seguridad de la tienda, discusi\u00f3n originada luego que acusaran a la mujer del t\u00e9cnico de hurtar vestimentas en la mencionada tienda.<\/p>\n<p>El fiscal a cargo de este caso, <strong>Julio Palacios Bobadilla<\/strong>, confirm\u00f3 la informaci\u00f3n indicando lo siguiente: <em>\u00abS\u00ed, se llev\u00f3 a cabo una audiencia con la finalidad de ofrecer una salida alternativa, en este caso la suspensi\u00f3n condicional del procedimiento, teniendo presente que tanto el imputado Germ\u00e1n Corengia como el imputado <strong>Ca\u00f1ete<\/strong>, ambos tienen irreprochable conducta anterior y nunca hab\u00edan pasado por los tribunales; es por ello que se ofreci\u00f3 una salida alternativa que se llama suspensi\u00f3n condicional del procedimiento\u00bb.<\/em><\/p>\n<p>&#8211; <strong>\u00bfEn palabras simples qu\u00e9 significa?<\/strong><\/p>\n<p>&#8211; Que se fijaron como condiciones prohibici\u00f3n de acercarse a la v\u00edctima, que ellos habr\u00edan agredido, y adem\u00e1s deben fijar domicilio por lapso de un a\u00f1o, significa que si dentro del plazo de este a\u00f1o ellos no se ven formalizados por alguna otra investigaci\u00f3n, \u00e9sta se terminar\u00eda y se dictar\u00eda sobreseimiento definitivo respecto de esa causa. Es decir, ellos dentro de un a\u00f1o est\u00e1n sujetos a esta condici\u00f3n; prohibici\u00f3n de acercarse a la v\u00edctima y fijar domicilio.<\/p>\n<p>&#8211; <strong>\u00bfHay alguna investigaci\u00f3n m\u00e1s que se tenga que realizar?<\/strong><\/p>\n<p>&#8211; No, como dije se suspende el procedimiento.<\/p>\n<p>&#8211; <strong>\u00bfEn caso que \u00e9l vuelva a cometer una situaci\u00f3n similar o algo, se reabre el caso o no?<\/strong><\/p>\n<p>&#8211; Claro, en ese caso se formaliza por el nuevo delito, y en este caso en el cual est\u00e1 con suspensi\u00f3n condicional del procedimiento, se deja sin efecto y tambi\u00e9n se contin\u00faa con ese caso, o sea tendr\u00eda dos investigaciones pendientes.<\/p>\n<p>&#8211; <strong>\u00bfQu\u00e9 se logr\u00f3 averiguar, hay responsabilidad de \u00e9l, hubo un poco de ultraje o un vejamen a la esposa?, porque esto se origina en una tienda comercial.<\/strong><\/p>\n<p>&#8211; Claro, ac\u00e1 no se estaba viendo eso, la audiencia de ahora fue solamente por la agresi\u00f3n que \u00e9l hizo en contra de una persona.<\/p>\n<p>&#8211; <strong>\u00bfContra el guardia?<\/strong><\/p>\n<p>&#8211; Contra una persona de la PDI que fue, en ese caso, a defender al guardia.<\/p>\n<p>&#8211; <strong>\u00bfTuvo alguna lesi\u00f3n el funcionario de la PDI?<\/strong><\/p>\n<p>&#8211; Son lesiones leves.<\/p>\n<p>&#8211; <strong>\u00bfEso ya est\u00e1 clarificado?<\/strong><\/p>\n<p>&#8211; S\u00ed.<\/p>\n<p>&#8211; <strong>\u00bfEntonces ahora hay que esperar que en un a\u00f1o no suceda\u00a0 nada y despu\u00e9s se termina la causa?<\/strong><\/p>\n<p>&#8211; De ah\u00ed se termina la causa, sobreseimiento definitivo.<\/p>\n<p>&#8211;<strong> \u00bfArriesgaba alguna pena, en caso que hubiera sido encontrado culpable?<\/strong><\/p>\n<p>&#8211; S\u00ed, la pena de presidio\u00a0 menor en su grado m\u00ednimo, es decir de 61 d\u00edas a 540 d\u00edas.<\/p>\n<p>Reiter\u00f3 que esta causa queda en suspensi\u00f3n condicional.<\/p>\n<p>&nbsp;<\/p>\n<p><span style=\"color: #ff0000;\"><strong>UN POCO DE CONTEXTO<\/strong><\/span><\/p>\n<p>Recordar que la detenci\u00f3n del ex director t\u00e9cnico del Uni Uni, Germ\u00e1n Corengia, se produjo el d\u00eda lunes 3 de junio de 2019, en horas de la tarde al interior de la tienda. En esa ocasi\u00f3n fue detenido junto a un analista visual del equipo, <strong>Felipe Ca\u00f1ete<\/strong>, por agresi\u00f3n, siendo formalizados por los delitos de amenazas y agresiones hacia un guardia de seguridad y un funcionario de la PDI. Esto tras un violento enfrentamiento ocurrido dentro del establecimiento comercial, lugar donde la esposa de Germ\u00e1n Corengia fue acusada de estar hurtando prendas de vestir, situaci\u00f3n que molest\u00f3 al t\u00e9cnico que lleg\u00f3 al lugar despu\u00e9s que su esposa llam\u00f3 v\u00eda telef\u00f3nica.<\/p>\n<p>En esa ocasi\u00f3n el abogado <strong>Eduardo Olivares<\/strong>, quien represent\u00f3 a ambos acusados en el Juzgado de Garant\u00eda, dijo que <em>\u00abGerm\u00e1n concurri\u00f3 r\u00e1pidamente a encontrarse con su se\u00f1ora y le relat\u00f3 lo que la hab\u00eda ocurrido en la tienda, que hab\u00eda sido acusada injustamente de hurtar algo y que hab\u00eda sido llevada por un guardia var\u00f3n al interior de un cub\u00edculo para cambiarse de ropa; fue obligada a sacarse su ropa y abrir sus vestimentas, bajar en parte sus calzas, comprobando que no hab\u00eda nada, entonces ella se retira molesta y asustada (\u2026) Germ\u00e1n busc\u00f3 al guardia para hablar con \u00e9l, en eso se origin\u00f3 un altercado, una batahola, intervino un cliente que estaba ah\u00ed, pero antes de intervenir se puso una placa de PDI, pero en los segundos en que estaba ocurriendo la batahola, de manera que nadie tuvo tiempo de percatarse de qui\u00e9n era y qu\u00e9 calidad ten\u00eda esta persona, pero en el minuto que se para le toma del buzo a Corengia y le dice: \u2018Yo soy Polic\u00eda\u2019, se coordina y se acaba la historia\u00bb.<\/em><\/p>\n<p>Germ\u00e1n Corengia actualmente dirige a Coquimbo Unido.<\/p>\n<p>&nbsp;<\/p>\n<figure id=\"attachment_97146\" aria-describedby=\"caption-attachment-97146\" style=\"width: 580px\" class=\"wp-caption alignnone\"><img data-recalc-dims=\"1\" loading=\"lazy\" decoding=\"async\" class=\"size-full wp-image-97146\" src=\"https:\/\/i0.wp.com\/www.eltrabajo.cl\/portal\/wp-content\/uploads\/2020\/02\/GERMAN-CORENGIA.jpg?resize=580%2C359\" alt=\"Germ\u00e1n Corengia cuando sal\u00eda del cuartel de la PDI en San Felipe con destino al control de detenci\u00f3n.\" width=\"580\" height=\"359\" srcset=\"https:\/\/i0.wp.com\/eltrabajo.cl\/portal\/wp-content\/uploads\/2020\/02\/GERMAN-CORENGIA.jpg?w=580&amp;ssl=1 580w, https:\/\/i0.wp.com\/eltrabajo.cl\/portal\/wp-content\/uploads\/2020\/02\/GERMAN-CORENGIA.jpg?resize=300%2C186&amp;ssl=1 300w, https:\/\/i0.wp.com\/eltrabajo.cl\/portal\/wp-content\/uploads\/2020\/02\/GERMAN-CORENGIA.jpg?resize=200%2C124&amp;ssl=1 200w, https:\/\/i0.wp.com\/eltrabajo.cl\/portal\/wp-content\/uploads\/2020\/02\/GERMAN-CORENGIA.jpg?resize=242%2C150&amp;ssl=1 242w, https:\/\/i0.wp.com\/eltrabajo.cl\/portal\/wp-content\/uploads\/2020\/02\/GERMAN-CORENGIA.jpg?resize=400%2C248&amp;ssl=1 400w\" sizes=\"auto, (max-width: 580px) 100vw, 580px\" \/><figcaption id=\"caption-attachment-97146\" class=\"wp-caption-text\">Germ\u00e1n Corengia cuando sal\u00eda del cuartel de la PDI en San Felipe con destino al control de detenci\u00f3n.<\/figcaption><\/figure>\n","protected":false},"excerpt":{"rendered":"<p>Suspensi\u00f3n condicional del procedimiento: Este lunes en el Tribunal de Garant\u00eda de San Felipe, se realiz\u00f3 un audiencia de suspensi\u00f3n condicional por el caso donde se vio involucrado el ex director t\u00e9cnico&#8230;<\/p>\n","protected":false},"author":482,"featured_media":97146,"comment_status":"open","ping_status":"open","sticky":false,"template":"","format":"standard","meta":{"advanced_seo_description":"","jetpack_seo_html_title":"","jetpack_seo_noindex":false,"_jetpack_memberships_contains_paid_content":false,"footnotes":""},"categories":[97],"tags":[],"class_list":["post-97145","post","type-post","status-publish","format-standard","has-post-thumbnail","hentry","category-tribunales"],"jetpack_featured_media_url":"https:\/\/i0.wp.com\/eltrabajo.cl\/portal\/wp-content\/uploads\/2020\/02\/GERMAN-CORENGIA.jpg?fit=580%2C359&ssl=1","jetpack_sharing_enabled":true,"jetpack_likes_enabled":true,"jetpack-related-posts":[],"_links":{"self":[{"href":"https:\/\/eltrabajo.cl\/portal\/wp-json\/wp\/v2\/posts\/97145","targetHints":{"allow":["GET"]}}],"collection":[{"href":"https:\/\/eltrabajo.cl\/portal\/wp-json\/wp\/v2\/posts"}],"about":[{"href":"https:\/\/eltrabajo.cl\/portal\/wp-json\/wp\/v2\/types\/post"}],"author":[{"embeddable":true,"href":"https:\/\/eltrabajo.cl\/portal\/wp-json\/wp\/v2\/users\/482"}],"replies":[{"embeddable":true,"href":"https:\/\/eltrabajo.cl\/portal\/wp-json\/wp\/v2\/comments?post=97145"}],"version-history":[{"count":0,"href":"https:\/\/eltrabajo.cl\/portal\/wp-json\/wp\/v2\/posts\/97145\/revisions"}],"wp:featuredmedia":[{"embeddable":true,"href":"https:\/\/eltrabajo.cl\/portal\/wp-json\/wp\/v2\/media\/97146"}],"wp:attachment":[{"href":"https:\/\/eltrabajo.cl\/portal\/wp-json\/wp\/v2\/media?parent=97145"}],"wp:term":[{"taxonomy":"category","embeddable":true,"href":"https:\/\/eltrabajo.cl\/portal\/wp-json\/wp\/v2\/categories?post=97145"},{"taxonomy":"post_tag","embeddable":true,"href":"https:\/\/eltrabajo.cl\/portal\/wp-json\/wp\/v2\/tags?post=97145"}],"curies":[{"name":"wp","href":"https:\/\/api.w.org\/{rel}","templated":true}]}}