{"id":97148,"date":"2020-02-27T05:05:30","date_gmt":"2020-02-27T08:05:30","guid":{"rendered":"http:\/\/www.eltrabajo.cl\/portal\/?p=97148"},"modified":"2020-02-28T02:36:21","modified_gmt":"2020-02-28T05:36:21","slug":"el-10-de-marzo-se-realizara-juicio-oral-contra-patricia-boffa-y-mauricio-quiroz","status":"publish","type":"post","link":"https:\/\/eltrabajo.cl\/portal\/el-10-de-marzo-se-realizara-juicio-oral-contra-patricia-boffa-y-mauricio-quiroz\/","title":{"rendered":"El 10 de marzo se realizar\u00e1 juicio oral contra Patricia Boffa y Mauricio Quiroz"},"content":{"rendered":"<p><span style=\"color: #ff0000;\"><strong>Querella por calumnias e injurias:<\/strong><\/span><\/p>\n<ul>\n<li><strong>En el Tribunal de Putaendo se ver\u00e1n las caras con el alcalde Patricio Freire, quien entabl\u00f3 una querella criminal contra ambos personeros pol\u00edticos debido a declaraciones formuladas en una radioemisora.<\/strong><\/li>\n<\/ul>\n<p>Para el d\u00eda 10 de marzo est\u00e1 programada la audiencia de realizaci\u00f3n de un juicio oral contra la concejal <strong>Patricia Boffa Casas<\/strong> y <strong>Mauricio Quiroz<\/strong>, por calumnias e injurias contra el alcalde de San Felipe, <strong>Patricio Freire Canto<\/strong>. La informaci\u00f3n fue confirmada por la abogada de \u00e9ste \u00faltimo, <strong>Celeste Jim\u00e9nez<\/strong>, quien aprovech\u00f3 para recordar la g\u00e9nesis de todo esto que tiene enfrentadas a las partes.<\/p>\n<p>Dijo que la querella se gesta luego que en un programa que se emite dentro de la regi\u00f3n y por redes sociales,\u00a0 en este caso Facebook a trav\u00e9s de un sistema <em>lite<\/em>, que significa que se transmite y las personas pueden ver desde sus aparatos celulares y del mundo lo que ocurre en ese programa, <em>\u00abesa transmisi\u00f3n fue ininterrumpida y durante esa transmisi\u00f3n es que ocurren los dichos de Patricia Boffa y Mauricio Quiroz, denostando, injuriando, calumniando al se\u00f1or alcalde que luego, al\u00a0 enterarse, porque esto es p\u00fablico, \u00e9l decide interponer una querella y est\u00e1 ejerciendo todo su derecho\u00bb,<\/em> indic\u00f3 la abogada.<\/p>\n<p>&#8211; <strong>La querella se basa en esos dichos y el tenor de esta es por calumnias e injurias.<\/strong><\/p>\n<p>&#8211; S\u00ed, la querella es por calumnias y por injurias graves con publicidad, ambos delitos corresponden a afectaciones a la honra de las personas. Todos nosotros, los ciudadanos de este pa\u00eds, tenemos derecho a la honra, que nadie hable algo de nosotros, ni lo hable, ni lo escriban, ni lo publiquen; algo que sea falso, algo que nos enlode, que no corresponda a la realidad y mucho menos en medio de un programa en que las personas saben que deben estar cuidando sus palabras; aqu\u00ed no las cuidaron, todo lo contrario, utilizaron ese medio, esa plataforma e incluso la posibilidad de que se siguiera hablando de este tema, porque se ha seguido hablando y eso es lo que enloda finalmente\u00a0\u00a0 la honra de una persona.<\/p>\n<p>&#8211; <strong>En ese mismo contexto, \u00bfse puede recordar los dichos o no?<\/strong><\/p>\n<p>&#8211; Hay varias frases que son bien fuertes, hablan de sociedades\u2026 sociedades con \u2018palos blancos\u2019; se trata de especulaci\u00f3n. Se habla de una existencia de unos bienes ra\u00edces que no est\u00e1n inscritos, hay falsedades graves, hay cosas que sencillamente no son posibles de comprobar de manera alguna y por eso hemos decidido llevar la causa a juicio oral porque simplemente esto es inconcebible.<\/p>\n<p>&#8211; <strong>\u00bfEl juicio oral se va a realizar ac\u00e1 en San Felipe?<\/strong><\/p>\n<p>&#8211; En el tribunal de Putaendo, se va a realizar el juicio el d\u00eda 10 de marzo, es un juicio p\u00fablico al que pueden asistir todas las personas que quieran a la audiencia. Pueden estar dentro de la sala del tribunal, ver como declaran los testigos, de los alegatos que se van a realizar\u2026 es una audiencia p\u00fablica.<\/p>\n<p>&#8211; <strong>\u00bfVan a presentar testigos o s\u00f3lo se van a quedar con lo que aparece en el video en lo esencial?<\/strong><\/p>\n<p>&#8211; La prueba del video es la m\u00e1s importante y est\u00e1 acompa\u00f1ada de la veracidad que da el conocimiento que todos tenemos de las redes sociales y de c\u00f3mo funcionan hoy en d\u00eda las comunicaciones. La red Facebook que es una red p\u00fablica que puede llegar a cualquier lugar del mundo, que tiene una alta connotaci\u00f3n y facilidad de conexi\u00f3n, por tanto el video es muy importante como medio de prueba. Y junto a eso entendemos que la contraparte tiene un n\u00famero importante de testigos que est\u00e1 acompa\u00f1ando, y bueno esos testigos ser\u00e1n interrogados por esta parte.<\/p>\n<p>&#8211; <strong>\u00bfEl que se haya tratado de una conversaci\u00f3n privada, cuando ya se hab\u00edan ido a comerciales, puede jugarle en contra a usted o no?<\/strong><\/p>\n<p>&#8211; No, para nada, es que no es una conversaci\u00f3n privada, cuando usted se encuentra en un programa que est\u00e1 siendo transmitido en vivo, es como si usted dijera estamos transmitiendo en vivo el festival de Vi\u00f1a del Mar, y resulta que mientras van a comerciales all\u00e1 siguen pasando cosas, \u00bfcierto?. \u00bfQu\u00e9 pasa si arriba del escenario pasa algo mientras nosotros no estamos viendo ac\u00e1, significa que no lo dejaron de ver 500 mil personas, cierto?. Esto es como dejar un micr\u00f3fono abierto y saber que las cosas est\u00e1n ocurriendo, \u00bfya?, porque todos los que estaban en ese programa sab\u00edan que la conversaci\u00f3n estaba saliendo en vivo mediante la red Facebook Lite, y eso nadie lo puede negar.<\/p>\n<p>&#8211; <strong>\u00bfCu\u00e1l es la pena que pueden llegar a tener estas personas?<\/strong><\/p>\n<p>&#8211; La verdad que la pena de las injurias\u00a0 y calumnias no es muy alta en Chile, y dado que estas personas no tienen antecedentes penales, no deber\u00edan por qu\u00e9 cumplir una pena en principio privados de libertad, si es eso lo que usted se pregunta. No necesariamente terminan presos, pero quedar con una anotaci\u00f3n en sus antecedentes penales, por cierto que puede significar una merma a sus posibilidades futuras, desde encontrar un trabajo hasta exponerse en una vida p\u00fablica normal. Ahora yo creo que quien comete un delito debe tener una pena, y aqu\u00ed la pena creo a mi juicio debiera ser de 541 d\u00edas hacia arriba para cada una de estas personas.<\/p>\n<p>&#8211; <strong>\u00bfEso es lo que usted va a pedir en el alegato de apertura en el fondo?<\/strong><\/p>\n<p>&#8211; Yo mucho m\u00e1s se\u00f1or, yo estoy diciendo cual es lo m\u00ednimo que\u00a0 podr\u00eda llegar a dar un tribunal, pero si usted me dice cu\u00e1nto es lo que voy a pedir en el apertura&#8230; yo voy a pedir\u00a0 mucho m\u00e1s, una accesoria y tambi\u00e9n voy a pedir que se les condene dentro del caso, a emitir alguna forma de disculpas. Es evidente que cuando una persona comete una falta, lo que m\u00e1s le importa al otro es que quede claro la reivindicaci\u00f3n de su honra, lo que se persigue en esta causa es la reivindicaci\u00f3n de la honra, la verdad que terminar con personas condenadas \u00bfes justo?&#8230; s\u00ed, pero no es lo que cien por ciento\u00a0 logra resarcir la honra de una persona que ya ha sido da\u00f1ada.<\/p>\n<p>&#8211; <strong>\u00bfEllos podr\u00edan defenderse en el sentido que no hubo intenci\u00f3n de calumniar ni injuriar, podr\u00eda ser una atenuante que podr\u00edan\u00a0 tener los demandados o no?<\/strong><\/p>\n<p>&#8211; O sea no tener intenci\u00f3n, todos podemos decir que no tenemos intenci\u00f3n de muchas cosas que hacemos, pero estamos hablando de personas adultas que saben perfectamente lo que est\u00e1n diciendo, c\u00f3mo lo est\u00e1n diciendo, de qui\u00e9n lo est\u00e1n diciendo y en qu\u00e9 circunstancias. El s\u00f3lo hecho de que ellos hayan estado dentro de un programa de radio, sabiendo que estaba esto saliendo al aire y que potencialmente lo estaban viendo miles de personas, es una irresponsabilidad y las responsabilidades se traducen en delitos por tanto debe ser castigado\u2026 no hay justificaci\u00f3n.<\/p>\n<p>&nbsp;<\/p>\n<p><span style=\"color: #ff0000;\"><strong>LO QUE DICEN LOS QUERELLADOS<\/strong><\/span><\/p>\n<p>Consultados ambos querellados, Patricia Boffa Casas y Mauricio Quiroz, indicaron que es prematuro referirse a la situaci\u00f3n y que dejan todo en manos de sus respectivos abogados.<\/p>\n<p>&nbsp;<\/p>\n<p><span style=\"color: #ff0000;\"><strong>DELITO DE CALUMNIA E INJURIA<\/strong><\/span><\/p>\n<p>La calumnia es la imputaci\u00f3n a una persona de un delito determinado, pero falso y que actualmente puede perseguirse de oficio. La calumnia por escrito y con publicidad es una figura a\u00fan m\u00e1s grave.<\/p>\n<p>La injuria, en tanto, es toda expresi\u00f3n declarada o acci\u00f3n ejecutada en deshonra, descr\u00e9dito o menosprecio de otra persona. Cabe destacar que este tipo de delitos no acepta prueba de verdad. Es decir, no importa si las imputaciones son falsas o verdaderas; simplemente no se puede injuriar u ofender a una persona.<\/p>\n<p>Reiterar que el juicio oral se va a realizar el d\u00eda 10 de marzo.<\/p>\n<p>&nbsp;<\/p>\n<figure id=\"attachment_97150\" aria-describedby=\"caption-attachment-97150\" style=\"width: 580px\" class=\"wp-caption alignnone\"><img data-recalc-dims=\"1\" loading=\"lazy\" decoding=\"async\" class=\"size-full wp-image-97150\" src=\"https:\/\/i0.wp.com\/www.eltrabajo.cl\/portal\/wp-content\/uploads\/2020\/02\/mauricio-quiroz-boffa-freire.jpg?resize=580%2C360\" alt=\"Mauricio Quiroz y Patricia Boffa, ambos querellados por el alcalde Patricio Freire.\" width=\"580\" height=\"360\" srcset=\"https:\/\/i0.wp.com\/eltrabajo.cl\/portal\/wp-content\/uploads\/2020\/02\/mauricio-quiroz-boffa-freire.jpg?w=580&amp;ssl=1 580w, https:\/\/i0.wp.com\/eltrabajo.cl\/portal\/wp-content\/uploads\/2020\/02\/mauricio-quiroz-boffa-freire.jpg?resize=300%2C186&amp;ssl=1 300w, https:\/\/i0.wp.com\/eltrabajo.cl\/portal\/wp-content\/uploads\/2020\/02\/mauricio-quiroz-boffa-freire.jpg?resize=200%2C124&amp;ssl=1 200w, https:\/\/i0.wp.com\/eltrabajo.cl\/portal\/wp-content\/uploads\/2020\/02\/mauricio-quiroz-boffa-freire.jpg?resize=242%2C150&amp;ssl=1 242w, https:\/\/i0.wp.com\/eltrabajo.cl\/portal\/wp-content\/uploads\/2020\/02\/mauricio-quiroz-boffa-freire.jpg?resize=400%2C248&amp;ssl=1 400w\" sizes=\"auto, (max-width: 580px) 100vw, 580px\" \/><figcaption id=\"caption-attachment-97150\" class=\"wp-caption-text\">Mauricio Quiroz y Patricia Boffa, ambos querellados por el alcalde Patricio Freire.<\/figcaption><\/figure>\n<p>&nbsp;<\/p>\n<figure id=\"attachment_97151\" aria-describedby=\"caption-attachment-97151\" style=\"width: 580px\" class=\"wp-caption alignnone\"><img data-recalc-dims=\"1\" loading=\"lazy\" decoding=\"async\" class=\"size-full wp-image-97151\" src=\"https:\/\/i0.wp.com\/www.eltrabajo.cl\/portal\/wp-content\/uploads\/2020\/02\/Patricio-Freire.jpg?resize=580%2C565\" alt=\"Alcalde Patricio Freire.\" width=\"580\" height=\"565\" srcset=\"https:\/\/i0.wp.com\/eltrabajo.cl\/portal\/wp-content\/uploads\/2020\/02\/Patricio-Freire.jpg?w=580&amp;ssl=1 580w, https:\/\/i0.wp.com\/eltrabajo.cl\/portal\/wp-content\/uploads\/2020\/02\/Patricio-Freire.jpg?resize=300%2C292&amp;ssl=1 300w, https:\/\/i0.wp.com\/eltrabajo.cl\/portal\/wp-content\/uploads\/2020\/02\/Patricio-Freire.jpg?resize=154%2C150&amp;ssl=1 154w, https:\/\/i0.wp.com\/eltrabajo.cl\/portal\/wp-content\/uploads\/2020\/02\/Patricio-Freire.jpg?resize=400%2C390&amp;ssl=1 400w\" sizes=\"auto, (max-width: 580px) 100vw, 580px\" \/><figcaption id=\"caption-attachment-97151\" class=\"wp-caption-text\">Alcalde Patricio Freire.<\/figcaption><\/figure>\n<p>&nbsp;<\/p>\n<figure id=\"attachment_97149\" aria-describedby=\"caption-attachment-97149\" style=\"width: 577px\" class=\"wp-caption alignnone\"><img data-recalc-dims=\"1\" loading=\"lazy\" decoding=\"async\" class=\"size-full wp-image-97149\" src=\"https:\/\/i0.wp.com\/www.eltrabajo.cl\/portal\/wp-content\/uploads\/2020\/02\/Celeste.jpg?resize=577%2C360\" alt=\"Celeste Jim\u00e9nez, abogada del alcalde Patricio Freire Canto.\" width=\"577\" height=\"360\" srcset=\"https:\/\/i0.wp.com\/eltrabajo.cl\/portal\/wp-content\/uploads\/2020\/02\/Celeste.jpg?w=577&amp;ssl=1 577w, https:\/\/i0.wp.com\/eltrabajo.cl\/portal\/wp-content\/uploads\/2020\/02\/Celeste.jpg?resize=300%2C187&amp;ssl=1 300w, https:\/\/i0.wp.com\/eltrabajo.cl\/portal\/wp-content\/uploads\/2020\/02\/Celeste.jpg?resize=200%2C125&amp;ssl=1 200w, https:\/\/i0.wp.com\/eltrabajo.cl\/portal\/wp-content\/uploads\/2020\/02\/Celeste.jpg?resize=240%2C150&amp;ssl=1 240w, https:\/\/i0.wp.com\/eltrabajo.cl\/portal\/wp-content\/uploads\/2020\/02\/Celeste.jpg?resize=400%2C250&amp;ssl=1 400w\" sizes=\"auto, (max-width: 577px) 100vw, 577px\" \/><figcaption id=\"caption-attachment-97149\" class=\"wp-caption-text\">Celeste Jim\u00e9nez, abogada del alcalde Patricio Freire Canto.<\/figcaption><\/figure>\n","protected":false},"excerpt":{"rendered":"<p>Querella por calumnias e injurias: En el Tribunal de Putaendo se ver\u00e1n las caras con el alcalde Patricio Freire, quien entabl\u00f3 una querella criminal contra ambos personeros pol\u00edticos debido a declaraciones formuladas&#8230;<\/p>\n","protected":false},"author":482,"featured_media":97150,"comment_status":"closed","ping_status":"open","sticky":false,"template":"","format":"standard","meta":{"advanced_seo_description":"","jetpack_seo_html_title":"","jetpack_seo_noindex":false,"_jetpack_memberships_contains_paid_content":false,"footnotes":""},"categories":[97],"tags":[],"class_list":["post-97148","post","type-post","status-publish","format-standard","has-post-thumbnail","hentry","category-tribunales"],"jetpack_featured_media_url":"https:\/\/i0.wp.com\/eltrabajo.cl\/portal\/wp-content\/uploads\/2020\/02\/mauricio-quiroz-boffa-freire.jpg?fit=580%2C360&ssl=1","jetpack_sharing_enabled":true,"jetpack_likes_enabled":true,"jetpack-related-posts":[],"_links":{"self":[{"href":"https:\/\/eltrabajo.cl\/portal\/wp-json\/wp\/v2\/posts\/97148","targetHints":{"allow":["GET"]}}],"collection":[{"href":"https:\/\/eltrabajo.cl\/portal\/wp-json\/wp\/v2\/posts"}],"about":[{"href":"https:\/\/eltrabajo.cl\/portal\/wp-json\/wp\/v2\/types\/post"}],"author":[{"embeddable":true,"href":"https:\/\/eltrabajo.cl\/portal\/wp-json\/wp\/v2\/users\/482"}],"replies":[{"embeddable":true,"href":"https:\/\/eltrabajo.cl\/portal\/wp-json\/wp\/v2\/comments?post=97148"}],"version-history":[{"count":0,"href":"https:\/\/eltrabajo.cl\/portal\/wp-json\/wp\/v2\/posts\/97148\/revisions"}],"wp:featuredmedia":[{"embeddable":true,"href":"https:\/\/eltrabajo.cl\/portal\/wp-json\/wp\/v2\/media\/97150"}],"wp:attachment":[{"href":"https:\/\/eltrabajo.cl\/portal\/wp-json\/wp\/v2\/media?parent=97148"}],"wp:term":[{"taxonomy":"category","embeddable":true,"href":"https:\/\/eltrabajo.cl\/portal\/wp-json\/wp\/v2\/categories?post=97148"},{"taxonomy":"post_tag","embeddable":true,"href":"https:\/\/eltrabajo.cl\/portal\/wp-json\/wp\/v2\/tags?post=97148"}],"curies":[{"name":"wp","href":"https:\/\/api.w.org\/{rel}","templated":true}]}}