{"id":97158,"date":"2020-02-28T05:02:27","date_gmt":"2020-02-28T08:02:27","guid":{"rendered":"http:\/\/www.eltrabajo.cl\/portal\/?p=97158"},"modified":"2020-02-27T21:09:02","modified_gmt":"2020-02-28T00:09:02","slug":"este-sabado-a-las-930-se-realizara-la-primera-bordaton-en-nuestra-plaza-de-armas","status":"publish","type":"post","link":"https:\/\/eltrabajo.cl\/portal\/este-sabado-a-las-930-se-realizara-la-primera-bordaton-en-nuestra-plaza-de-armas\/","title":{"rendered":"Este s\u00e1bado a las 9:30 se realizar\u00e1 la primera Bordat\u00f3n en nuestra Plaza de Armas"},"content":{"rendered":"<p><span style=\"color: #ff0000;\"><strong>Bordadoras de Aconcagua tienen una cita en San Felipe:<\/strong><\/span><\/p>\n<p>Ma\u00f1ana s\u00e1bado tal cual lo anunciamos ayer en nuestra Portada, se realizar\u00e1 en la Plaza de Armas de San Felipe la primera Bordat\u00f3n 2020, una iniciativa desarrollada por la joven profesora hondure\u00f1a <strong><em>F\u00e1tima Madrid Ramos<\/em><\/strong>, y respaldada por muchas mujeres amantes del bordado de todo el Valle de Aconcagua.<\/p>\n<p>\u00ab<em>La idea es simple y ya son muchas las personas que me han confirmado su asistencia para participar en esta Bordat\u00f3n, iniciaremos a las 9:30 a las 13:00 horas, yo llevar\u00e9 telas con dibujos, las interesadas tambi\u00e9n pueden llevar su silla, una manta y sus telas dibujadas, habr\u00e1 a la venta material de trabajo para quienes no lleven. La idea tambi\u00e9n es lograr realizar al menos unas tres bordatones al a\u00f1o, a t\u00edtulo personal estoy muy contenta porque mi oficio es una herencia de mi madre, mi mam\u00e1 Rosa Ramos me ense\u00f1\u00f3 a bordar desde que yo era una ni\u00f1a chica de 6 a\u00f1os de edad, soy la segunda de tres hermanos, nac\u00ed y crec\u00ed en la regi\u00f3n occidental de Honduras, en Cop\u00e1n. Las t\u00e9cnicas de mis bordados son el estilo Centroamericano, muy similar al mexicano, el brasile\u00f1o, ruso y el ayacuchano, adem\u00e1s este a\u00f1o 2020 estar\u00e9 impartiendo cursos de bordado con \u2018aguja m\u00e1gica\u2019<\/em>\u00bb, coment\u00f3 Madrid.<\/p>\n<p>&#8211; <strong>\u00bfC\u00f3mo te has proyectado aqu\u00ed en San Felipe?<\/strong><\/p>\n<p>&#8211; En 2019 me desarroll\u00e9 en San Felipe con la Oficina Municipal de la Mujer como monitora de bordado, espero postular en febrero para seguir compartiendo con m\u00e1s mujeres mis conocimientos.<\/p>\n<p>&#8211; <strong>\u00bfCu\u00e1ndo iniciaste con este emprendimiento de los talleres de bordado?<\/strong><\/p>\n<p>&#8211; Mi emprendimiento parti\u00f3 desde que me titul\u00e9 de profesora en Honduras, porque me gusta ense\u00f1ar, ya en Chile empec\u00e9 a dar clases en Putaendo en 2018 en un Club del Adulto Mayor, luego en San Felipe de manera particular, siempre he pensado que m\u00e1s que ense\u00f1ar a bordar, lo verdaderamente importante es el poder transmitir el amor y valorizaci\u00f3n de apreciar lo que es hecho a mano y no por m\u00e1quinas de forma masiva, s\u00e9 que a muchas de mis estudiantes les ayuda mis cursos porque, pese a que ya saben bordar bien, siguen en mis talleres para compartir con otras personas, para hablar y ampliar sus c\u00edrculos sociales, o sea, hasta de terapia sirven estos talleres. Importante se\u00f1alar que ya varias alumnas m\u00edas han hecho su emprendimiento y ahora se ayudan financieramente en su hogar.<\/p>\n<p>Los interesados en aprender a bordar o a mejorar sus t\u00e9cnicas de bordado, pueden contactar a F\u00e1tima al <strong>+569 41454286<\/strong>.<\/p>\n<p><strong>Roberto Gonz\u00e1lez Short<\/strong><\/p>\n<p>&nbsp;<\/p>\n<figure id=\"attachment_97160\" aria-describedby=\"caption-attachment-97160\" style=\"width: 580px\" class=\"wp-caption alignnone\"><img data-recalc-dims=\"1\" loading=\"lazy\" decoding=\"async\" class=\"size-full wp-image-97160\" src=\"https:\/\/i0.wp.com\/www.eltrabajo.cl\/portal\/wp-content\/uploads\/2020\/02\/Bordaton1.jpg?resize=580%2C359\" alt=\"VIENE BORDAT\u00d3N.- Seg\u00fan inform\u00f3 la centroamericana, la actividad dar\u00e1 inicio a las 9:30 horas y finalizar\u00e1 a las 13:00 horas en nuestra Plaza de Armas.\" width=\"580\" height=\"359\" srcset=\"https:\/\/i0.wp.com\/eltrabajo.cl\/portal\/wp-content\/uploads\/2020\/02\/Bordaton1.jpg?w=580&amp;ssl=1 580w, https:\/\/i0.wp.com\/eltrabajo.cl\/portal\/wp-content\/uploads\/2020\/02\/Bordaton1.jpg?resize=300%2C186&amp;ssl=1 300w, https:\/\/i0.wp.com\/eltrabajo.cl\/portal\/wp-content\/uploads\/2020\/02\/Bordaton1.jpg?resize=200%2C124&amp;ssl=1 200w, https:\/\/i0.wp.com\/eltrabajo.cl\/portal\/wp-content\/uploads\/2020\/02\/Bordaton1.jpg?resize=242%2C150&amp;ssl=1 242w, https:\/\/i0.wp.com\/eltrabajo.cl\/portal\/wp-content\/uploads\/2020\/02\/Bordaton1.jpg?resize=400%2C248&amp;ssl=1 400w\" sizes=\"auto, (max-width: 580px) 100vw, 580px\" \/><figcaption id=\"caption-attachment-97160\" class=\"wp-caption-text\">VIENE BORDAT\u00d3N.- Seg\u00fan inform\u00f3 la centroamericana, la actividad dar\u00e1 inicio a las 9:30 horas y finalizar\u00e1 a las 13:00 horas en nuestra Plaza de Armas.<\/figcaption><\/figure>\n<p>&nbsp;<\/p>\n<figure id=\"attachment_97161\" aria-describedby=\"caption-attachment-97161\" style=\"width: 580px\" class=\"wp-caption alignnone\"><img data-recalc-dims=\"1\" loading=\"lazy\" decoding=\"async\" class=\"size-full wp-image-97161\" src=\"https:\/\/i0.wp.com\/www.eltrabajo.cl\/portal\/wp-content\/uploads\/2020\/02\/Bordaton2.jpg?resize=580%2C360\" alt=\"EN 3D.- Aqu\u00ed tenemos este bello bordado, las plumas del flamingo son en relieve y parecieran ser verdaderas.\" width=\"580\" height=\"360\" srcset=\"https:\/\/i0.wp.com\/eltrabajo.cl\/portal\/wp-content\/uploads\/2020\/02\/Bordaton2.jpg?w=580&amp;ssl=1 580w, https:\/\/i0.wp.com\/eltrabajo.cl\/portal\/wp-content\/uploads\/2020\/02\/Bordaton2.jpg?resize=300%2C186&amp;ssl=1 300w, https:\/\/i0.wp.com\/eltrabajo.cl\/portal\/wp-content\/uploads\/2020\/02\/Bordaton2.jpg?resize=200%2C124&amp;ssl=1 200w, https:\/\/i0.wp.com\/eltrabajo.cl\/portal\/wp-content\/uploads\/2020\/02\/Bordaton2.jpg?resize=242%2C150&amp;ssl=1 242w, https:\/\/i0.wp.com\/eltrabajo.cl\/portal\/wp-content\/uploads\/2020\/02\/Bordaton2.jpg?resize=400%2C248&amp;ssl=1 400w\" sizes=\"auto, (max-width: 580px) 100vw, 580px\" \/><figcaption id=\"caption-attachment-97161\" class=\"wp-caption-text\">EN 3D.- Aqu\u00ed tenemos este bello bordado, las plumas del flamingo son en relieve y parecieran ser verdaderas.<\/figcaption><\/figure>\n<p>&nbsp;<\/p>\n<figure id=\"attachment_97159\" aria-describedby=\"caption-attachment-97159\" style=\"width: 579px\" class=\"wp-caption alignnone\"><img data-recalc-dims=\"1\" loading=\"lazy\" decoding=\"async\" class=\"size-full wp-image-97159\" src=\"https:\/\/i0.wp.com\/www.eltrabajo.cl\/portal\/wp-content\/uploads\/2020\/02\/Bordaton_Fatima-Madrid.jpg?resize=579%2C600\" alt=\"F\u00e1tima Madrid, profesora que se desarrolla en Chile como instructora de bordado.\" width=\"579\" height=\"600\" srcset=\"https:\/\/i0.wp.com\/eltrabajo.cl\/portal\/wp-content\/uploads\/2020\/02\/Bordaton_Fatima-Madrid.jpg?w=579&amp;ssl=1 579w, https:\/\/i0.wp.com\/eltrabajo.cl\/portal\/wp-content\/uploads\/2020\/02\/Bordaton_Fatima-Madrid.jpg?resize=290%2C300&amp;ssl=1 290w, https:\/\/i0.wp.com\/eltrabajo.cl\/portal\/wp-content\/uploads\/2020\/02\/Bordaton_Fatima-Madrid.jpg?resize=145%2C150&amp;ssl=1 145w, https:\/\/i0.wp.com\/eltrabajo.cl\/portal\/wp-content\/uploads\/2020\/02\/Bordaton_Fatima-Madrid.jpg?resize=400%2C415&amp;ssl=1 400w\" sizes=\"auto, (max-width: 579px) 100vw, 579px\" \/><figcaption id=\"caption-attachment-97159\" class=\"wp-caption-text\">F\u00e1tima Madrid, profesora que se desarrolla en Chile como instructora de bordado.<\/figcaption><\/figure>\n","protected":false},"excerpt":{"rendered":"<p>Bordadoras de Aconcagua tienen una cita en San Felipe: Ma\u00f1ana s\u00e1bado tal cual lo anunciamos ayer en nuestra Portada, se realizar\u00e1 en la Plaza de Armas de San Felipe la primera Bordat\u00f3n&#8230;<\/p>\n","protected":false},"author":482,"featured_media":0,"comment_status":"open","ping_status":"open","sticky":false,"template":"","format":"standard","meta":{"advanced_seo_description":"","jetpack_seo_html_title":"","jetpack_seo_noindex":false,"_jetpack_memberships_contains_paid_content":false,"footnotes":""},"categories":[15],"tags":[],"class_list":["post-97158","post","type-post","status-publish","format-standard","hentry","category-comunidad"],"jetpack_featured_media_url":"","jetpack_sharing_enabled":true,"jetpack_likes_enabled":true,"jetpack-related-posts":[],"_links":{"self":[{"href":"https:\/\/eltrabajo.cl\/portal\/wp-json\/wp\/v2\/posts\/97158","targetHints":{"allow":["GET"]}}],"collection":[{"href":"https:\/\/eltrabajo.cl\/portal\/wp-json\/wp\/v2\/posts"}],"about":[{"href":"https:\/\/eltrabajo.cl\/portal\/wp-json\/wp\/v2\/types\/post"}],"author":[{"embeddable":true,"href":"https:\/\/eltrabajo.cl\/portal\/wp-json\/wp\/v2\/users\/482"}],"replies":[{"embeddable":true,"href":"https:\/\/eltrabajo.cl\/portal\/wp-json\/wp\/v2\/comments?post=97158"}],"version-history":[{"count":0,"href":"https:\/\/eltrabajo.cl\/portal\/wp-json\/wp\/v2\/posts\/97158\/revisions"}],"wp:attachment":[{"href":"https:\/\/eltrabajo.cl\/portal\/wp-json\/wp\/v2\/media?parent=97158"}],"wp:term":[{"taxonomy":"category","embeddable":true,"href":"https:\/\/eltrabajo.cl\/portal\/wp-json\/wp\/v2\/categories?post=97158"},{"taxonomy":"post_tag","embeddable":true,"href":"https:\/\/eltrabajo.cl\/portal\/wp-json\/wp\/v2\/tags?post=97158"}],"curies":[{"name":"wp","href":"https:\/\/api.w.org\/{rel}","templated":true}]}}