{"id":97173,"date":"2020-02-28T05:05:24","date_gmt":"2020-02-28T08:05:24","guid":{"rendered":"http:\/\/www.eltrabajo.cl\/portal\/?p=97173"},"modified":"2020-02-27T21:15:30","modified_gmt":"2020-02-28T00:15:30","slug":"conductor-de-tractor-choca-motociclista-y-huye-dejandolo-herido-de-gravedad","status":"publish","type":"post","link":"https:\/\/eltrabajo.cl\/portal\/conductor-de-tractor-choca-motociclista-y-huye-dejandolo-herido-de-gravedad\/","title":{"rendered":"Conductor de tractor choca motociclista y huye dej\u00e1ndolo herido de gravedad"},"content":{"rendered":"<p>Con fracturas en tibia y peron\u00e9 de su pierna derecha result\u00f3 un joven de 18 a\u00f1os de edad que el d\u00eda s\u00e1bado, en horas de la noche, fue chocado por un tractor en calle Canto, sector Calle El Medio en la comuna de Santa Mar\u00eda. Tras el incidente, el conductor del tractor se dio a la fuga, sin prestar la ayuda necesaria a la v\u00edctima, identificado como <strong>Manuel Alejandro Mu\u00f1oz Contreras<\/strong>, de 18 a\u00f1os de edad.<\/p>\n<p>Carabineros de Santa Mar\u00eda confirm\u00f3 esta informaci\u00f3n se\u00f1alando que ellos se enteraron del accidente que se produjo el d\u00eda s\u00e1bado 22 de febrero, a eso de las 20:00 horas aproximadamente, luego que la Central de Comunicaciones de Carabineros de San Felipe informara del hecho ocurrido\u00a0 en calle Canto del sector Calle El Medio. Debido a lo anterior el personal de servicio se traslada de inmediato al lugar, una vez all\u00ed se constat\u00f3 la veracidad de lo denunciado, encontrando a la persona tendida en el suelo.<\/p>\n<p>El herido estaba siendo atendido por personal del SAMU e inmediatamente fue trasladado al Hospital San Juan de Dios de Los Andes.<\/p>\n<p>Carabineros de la tenencia de Santa Mar\u00eda concurri\u00f3 hasta el Hospital de Los Andes para entrevistarse con el herido, quien les manifest\u00f3 que momento antes, cuando conduc\u00eda su motocicleta por calle Canto en direcci\u00f3n oriente a poniente, al llegar a la altura del kil\u00f3metro 1680, procedi\u00f3 a efectuar una maniobra de adelantamiento a un tractor que lo anteced\u00eda, sin embargo el conductor, sin se\u00f1alizar y en forma sorpresiva, vir\u00f3 para ingresar a un predio agr\u00edcola, impactando su motocicleta en el costado derecho, acci\u00f3n que lo llev\u00f3 a perder el control, cayendo al pavimento.<\/p>\n<p>Dijo que el conductor del tractor, una vez ocurrido el accidente, no le prest\u00f3 la ayuda necesaria y m\u00e1s encima huy\u00f3 del lugar.<\/p>\n<p>Personal de todas maneras volvi\u00f3 al lugar del accidente con la finalidad de recabar antecedentes sobre el conductor, pero no fue posible.<\/p>\n<p>A consecuencia de lo anterior, el joven conductor de la motocicleta result\u00f3 adem\u00e1s de su fractura, con una herida cortante en su pierna izquierda y hematoma en brazo izquierdo.<\/p>\n<p>Su madre <strong>Ana Contreras<\/strong> lamenta que el chofer del veh\u00edculo pesado no le haya prestado ayuda: <em>\u00abTengo rabia e indignaci\u00f3n porque dej\u00f3 botado a mi hijo, no fue capaz de ayudarlo\u00bb,<\/em> se\u00f1al\u00f3.<\/p>\n<p>Reconoce que fue el casco que llevaba su hijo el que le salv\u00f3 la vida cuando se dirig\u00eda a la casa de un amigo.<\/p>\n<p>Hasta el momento no saben nada sobre la identidad del\u00a0 conductor del veh\u00edculo pesado.<\/p>\n<p>Efectuado el examen de intoxilyzer, arroj\u00f3 0 grado de alcohol en el cuerpo del joven motociclista.<\/p>\n<p>&nbsp;<\/p>\n<figure id=\"attachment_97174\" aria-describedby=\"caption-attachment-97174\" style=\"width: 580px\" class=\"wp-caption alignnone\"><img data-recalc-dims=\"1\" loading=\"lazy\" decoding=\"async\" class=\"size-full wp-image-97174\" src=\"https:\/\/i0.wp.com\/www.eltrabajo.cl\/portal\/wp-content\/uploads\/2020\/02\/Motoquero1.jpg?resize=580%2C358\" alt=\"Esta es la moto donde se movilizaba el joven de 18 a\u00f1os de edad.\" width=\"580\" height=\"358\" srcset=\"https:\/\/i0.wp.com\/eltrabajo.cl\/portal\/wp-content\/uploads\/2020\/02\/Motoquero1.jpg?w=580&amp;ssl=1 580w, https:\/\/i0.wp.com\/eltrabajo.cl\/portal\/wp-content\/uploads\/2020\/02\/Motoquero1.jpg?resize=300%2C185&amp;ssl=1 300w, https:\/\/i0.wp.com\/eltrabajo.cl\/portal\/wp-content\/uploads\/2020\/02\/Motoquero1.jpg?resize=200%2C123&amp;ssl=1 200w, https:\/\/i0.wp.com\/eltrabajo.cl\/portal\/wp-content\/uploads\/2020\/02\/Motoquero1.jpg?resize=243%2C150&amp;ssl=1 243w, https:\/\/i0.wp.com\/eltrabajo.cl\/portal\/wp-content\/uploads\/2020\/02\/Motoquero1.jpg?resize=400%2C247&amp;ssl=1 400w\" sizes=\"auto, (max-width: 580px) 100vw, 580px\" \/><figcaption id=\"caption-attachment-97174\" class=\"wp-caption-text\">Esta es la moto donde se movilizaba el joven de 18 a\u00f1os de edad.<\/figcaption><\/figure>\n<p>&nbsp;<\/p>\n<figure id=\"attachment_97175\" aria-describedby=\"caption-attachment-97175\" style=\"width: 579px\" class=\"wp-caption alignnone\"><img data-recalc-dims=\"1\" loading=\"lazy\" decoding=\"async\" class=\"size-full wp-image-97175\" src=\"https:\/\/i0.wp.com\/www.eltrabajo.cl\/portal\/wp-content\/uploads\/2020\/02\/Motoquero2.jpg?resize=579%2C435\" alt=\"Este es el casco que seg\u00fan su madre le salv\u00f3 la vida. As\u00ed qued\u00f3 tras el accidente.\" width=\"579\" height=\"435\" srcset=\"https:\/\/i0.wp.com\/eltrabajo.cl\/portal\/wp-content\/uploads\/2020\/02\/Motoquero2.jpg?w=579&amp;ssl=1 579w, https:\/\/i0.wp.com\/eltrabajo.cl\/portal\/wp-content\/uploads\/2020\/02\/Motoquero2.jpg?resize=300%2C225&amp;ssl=1 300w, https:\/\/i0.wp.com\/eltrabajo.cl\/portal\/wp-content\/uploads\/2020\/02\/Motoquero2.jpg?resize=200%2C150&amp;ssl=1 200w, https:\/\/i0.wp.com\/eltrabajo.cl\/portal\/wp-content\/uploads\/2020\/02\/Motoquero2.jpg?resize=400%2C301&amp;ssl=1 400w\" sizes=\"auto, (max-width: 579px) 100vw, 579px\" \/><figcaption id=\"caption-attachment-97175\" class=\"wp-caption-text\">Este es el casco que seg\u00fan su madre le salv\u00f3 la vida. As\u00ed qued\u00f3 tras el accidente.<\/figcaption><\/figure>\n","protected":false},"excerpt":{"rendered":"<p>Con fracturas en tibia y peron\u00e9 de su pierna derecha result\u00f3 un joven de 18 a\u00f1os de edad que el d\u00eda s\u00e1bado, en horas de la noche, fue chocado por un tractor&#8230;<\/p>\n","protected":false},"author":482,"featured_media":97174,"comment_status":"open","ping_status":"open","sticky":false,"template":"","format":"standard","meta":{"advanced_seo_description":"","jetpack_seo_html_title":"","jetpack_seo_noindex":false,"_jetpack_memberships_contains_paid_content":false,"footnotes":""},"categories":[21],"tags":[],"class_list":["post-97173","post","type-post","status-publish","format-standard","has-post-thumbnail","hentry","category-policial"],"jetpack_featured_media_url":"https:\/\/i0.wp.com\/eltrabajo.cl\/portal\/wp-content\/uploads\/2020\/02\/Motoquero1.jpg?fit=580%2C358&ssl=1","jetpack_sharing_enabled":true,"jetpack_likes_enabled":true,"jetpack-related-posts":[],"_links":{"self":[{"href":"https:\/\/eltrabajo.cl\/portal\/wp-json\/wp\/v2\/posts\/97173","targetHints":{"allow":["GET"]}}],"collection":[{"href":"https:\/\/eltrabajo.cl\/portal\/wp-json\/wp\/v2\/posts"}],"about":[{"href":"https:\/\/eltrabajo.cl\/portal\/wp-json\/wp\/v2\/types\/post"}],"author":[{"embeddable":true,"href":"https:\/\/eltrabajo.cl\/portal\/wp-json\/wp\/v2\/users\/482"}],"replies":[{"embeddable":true,"href":"https:\/\/eltrabajo.cl\/portal\/wp-json\/wp\/v2\/comments?post=97173"}],"version-history":[{"count":0,"href":"https:\/\/eltrabajo.cl\/portal\/wp-json\/wp\/v2\/posts\/97173\/revisions"}],"wp:featuredmedia":[{"embeddable":true,"href":"https:\/\/eltrabajo.cl\/portal\/wp-json\/wp\/v2\/media\/97174"}],"wp:attachment":[{"href":"https:\/\/eltrabajo.cl\/portal\/wp-json\/wp\/v2\/media?parent=97173"}],"wp:term":[{"taxonomy":"category","embeddable":true,"href":"https:\/\/eltrabajo.cl\/portal\/wp-json\/wp\/v2\/categories?post=97173"},{"taxonomy":"post_tag","embeddable":true,"href":"https:\/\/eltrabajo.cl\/portal\/wp-json\/wp\/v2\/tags?post=97173"}],"curies":[{"name":"wp","href":"https:\/\/api.w.org\/{rel}","templated":true}]}}