{"id":97197,"date":"2020-03-02T05:04:32","date_gmt":"2020-03-02T08:04:32","guid":{"rendered":"http:\/\/www.eltrabajo.cl\/portal\/?p=97197"},"modified":"2020-03-01T21:32:52","modified_gmt":"2020-03-02T00:32:52","slug":"manana-sera-sorteo-para-tercera-fase-de-la-copa-de-campeones-femenina","status":"publish","type":"post","link":"https:\/\/eltrabajo.cl\/portal\/manana-sera-sorteo-para-tercera-fase-de-la-copa-de-campeones-femenina\/","title":{"rendered":"Ma\u00f1ana ser\u00e1 sorteo para tercera fase de la Copa de Campeones femenina"},"content":{"rendered":"<p>Para horas de este martes, Arfa Quinta Regi\u00f3n tiene programado el sorteo correspondiente a la tercera etapa de la Copa de Campeones femenina, evento en el que a\u00fan sobreviven cuatro equipos del Valle de Aconcagua.<\/p>\n<p>Aparte de la novedad que significar\u00e1 conocer a las respectivas llaves clasificatorias, tambi\u00e9n lo ser\u00e1 el saber el recorrido que deber\u00e1n hacer las oncenas de la zona, porque en esta oportunidad no se privilegiar\u00e1 el factor geogr\u00e1fico, por lo que es muy probable que los representantes de la futura Regi\u00f3n Cordillera deber\u00e1n salir con toda seguridad hasta la costa.<\/p>\n<p>Los equipos del Valle de Aconcagua, que siguen en carrera en este torneo son:<\/p>\n<p>Valle Alegre (Calle Larga), Mario Inostroza (San Felipe, Alianza de Curim\u00f3n (San Felipe) y Central de Putaendo.<\/p>\n<p>&nbsp;<\/p>\n<figure id=\"attachment_97198\" aria-describedby=\"caption-attachment-97198\" style=\"width: 580px\" class=\"wp-caption alignnone\"><img data-recalc-dims=\"1\" loading=\"lazy\" decoding=\"async\" class=\"size-full wp-image-97198\" src=\"https:\/\/i0.wp.com\/www.eltrabajo.cl\/portal\/wp-content\/uploads\/2020\/03\/alianza-curimon.jpg?resize=580%2C359\" alt=\"Alianza de Curim\u00f3n es uno de los representantes del Valle de Aconcagua que ser\u00e1 protagonista en la tercera fase de \u2018La Orejona\u2019 versi\u00f3n femenina.\" width=\"580\" height=\"359\" srcset=\"https:\/\/i0.wp.com\/eltrabajo.cl\/portal\/wp-content\/uploads\/2020\/03\/alianza-curimon.jpg?w=580&amp;ssl=1 580w, https:\/\/i0.wp.com\/eltrabajo.cl\/portal\/wp-content\/uploads\/2020\/03\/alianza-curimon.jpg?resize=300%2C186&amp;ssl=1 300w, https:\/\/i0.wp.com\/eltrabajo.cl\/portal\/wp-content\/uploads\/2020\/03\/alianza-curimon.jpg?resize=200%2C124&amp;ssl=1 200w, https:\/\/i0.wp.com\/eltrabajo.cl\/portal\/wp-content\/uploads\/2020\/03\/alianza-curimon.jpg?resize=242%2C150&amp;ssl=1 242w, https:\/\/i0.wp.com\/eltrabajo.cl\/portal\/wp-content\/uploads\/2020\/03\/alianza-curimon.jpg?resize=400%2C248&amp;ssl=1 400w\" sizes=\"auto, (max-width: 580px) 100vw, 580px\" \/><figcaption id=\"caption-attachment-97198\" class=\"wp-caption-text\">Alianza de Curim\u00f3n es uno de los representantes del Valle de Aconcagua que ser\u00e1 protagonista en la tercera fase de \u2018La Orejona\u2019 versi\u00f3n femenina.<\/figcaption><\/figure>\n","protected":false},"excerpt":{"rendered":"<p>Para horas de este martes, Arfa Quinta Regi\u00f3n tiene programado el sorteo correspondiente a la tercera etapa de la Copa de Campeones femenina, evento en el que a\u00fan sobreviven cuatro equipos del&#8230;<\/p>\n","protected":false},"author":482,"featured_media":97198,"comment_status":"open","ping_status":"open","sticky":false,"template":"","format":"standard","meta":{"advanced_seo_description":"","jetpack_seo_html_title":"","jetpack_seo_noindex":false,"_jetpack_memberships_contains_paid_content":false,"footnotes":""},"categories":[19],"tags":[],"class_list":["post-97197","post","type-post","status-publish","format-standard","has-post-thumbnail","hentry","category-deportes"],"jetpack_featured_media_url":"https:\/\/i0.wp.com\/eltrabajo.cl\/portal\/wp-content\/uploads\/2020\/03\/alianza-curimon.jpg?fit=580%2C359&ssl=1","jetpack_sharing_enabled":true,"jetpack_likes_enabled":true,"jetpack-related-posts":[],"_links":{"self":[{"href":"https:\/\/eltrabajo.cl\/portal\/wp-json\/wp\/v2\/posts\/97197","targetHints":{"allow":["GET"]}}],"collection":[{"href":"https:\/\/eltrabajo.cl\/portal\/wp-json\/wp\/v2\/posts"}],"about":[{"href":"https:\/\/eltrabajo.cl\/portal\/wp-json\/wp\/v2\/types\/post"}],"author":[{"embeddable":true,"href":"https:\/\/eltrabajo.cl\/portal\/wp-json\/wp\/v2\/users\/482"}],"replies":[{"embeddable":true,"href":"https:\/\/eltrabajo.cl\/portal\/wp-json\/wp\/v2\/comments?post=97197"}],"version-history":[{"count":0,"href":"https:\/\/eltrabajo.cl\/portal\/wp-json\/wp\/v2\/posts\/97197\/revisions"}],"wp:featuredmedia":[{"embeddable":true,"href":"https:\/\/eltrabajo.cl\/portal\/wp-json\/wp\/v2\/media\/97198"}],"wp:attachment":[{"href":"https:\/\/eltrabajo.cl\/portal\/wp-json\/wp\/v2\/media?parent=97197"}],"wp:term":[{"taxonomy":"category","embeddable":true,"href":"https:\/\/eltrabajo.cl\/portal\/wp-json\/wp\/v2\/categories?post=97197"},{"taxonomy":"post_tag","embeddable":true,"href":"https:\/\/eltrabajo.cl\/portal\/wp-json\/wp\/v2\/tags?post=97197"}],"curies":[{"name":"wp","href":"https:\/\/api.w.org\/{rel}","templated":true}]}}