{"id":97205,"date":"2020-03-02T05:06:04","date_gmt":"2020-03-02T08:06:04","guid":{"rendered":"http:\/\/www.eltrabajo.cl\/portal\/?p=97205"},"modified":"2020-03-01T21:39:33","modified_gmt":"2020-03-02T00:39:33","slug":"modelos-belleza-y-verano-en-la-primera-moda-pyme-la-ruca-2020","status":"publish","type":"post","link":"https:\/\/eltrabajo.cl\/portal\/modelos-belleza-y-verano-en-la-primera-moda-pyme-la-ruca-2020\/","title":{"rendered":"Modelos, belleza y verano en la primera Moda PYME La Ruca 2020"},"content":{"rendered":"<p><span style=\"color: #ff0000;\"><strong>Organizadores proyectan hacer evento todos los a\u00f1os:<\/strong><\/span><\/p>\n<p>Un elegante desfile de modas es el que se desarroll\u00f3 la noche de este viernes 28 de febrero en Restaurante La Ruca de Bucalemu, jornada de marca y belleza que organiz\u00f3 este centro folcl\u00f3rico aconcag\u00fcino y que se llam\u00f3 <strong><em>Moda PYME La Ruca 2020<\/em><\/strong>, justamente para promover los productos que las Pyme del valle tienen para ofrecer a quienes visitan y recorren Aconcagua buscando novedades y calidad en el buen vestir.<\/p>\n<p>&nbsp;<\/p>\n<p><span style=\"color: #ff0000;\"><strong>LOS PROTAGONISTAS<\/strong><\/span><\/p>\n<p><strong>Diario El Trabajo<\/strong> habl\u00f3 con <strong>Ricardo Figueroa<\/strong>, organizador del desfile, \u00ab<em>este evento en general cont\u00f3 con la participaci\u00f3n de varias Pymes de \u00e1rea de la moda y belleza, bisuter\u00edas, artesan\u00edas y belleza, en el desfile participaron las siguientes tiendas: Sare Boutique, Casa del Forastero, Themis ropa europea, V y V Creaciones Gr\u00e1ficas, Jokat, APRO, Diane Moda Playa <\/em>(Brasil), <em>Samba by Juan Carlos Sabaj, Facha Tendencias, Dulce Magia, Golfinho Moda Playa<\/em> (Brasil), <em>contamos tambi\u00e9n con la participaci\u00f3n especial de Maritza S\u00e1a, Confecci\u00f3n de uniformes IAC, \u00d3ptica Valle, Claudia Tapia Bolsos, Carteras y Complementos. Este \u00e9xito no se pudo lograr tambi\u00e9n sin las modelos que embellecieron el desfile: Piera Gato, Sarela Sep\u00falveda, Daniela Dur\u00e1n, Laura Guzm\u00e1n y Catalina Godoy, en hombres: Lucas Sawyer<\/em> (Patinador Extremo &#8211; Argentina), <em>Juan Donoso, Jorge G\u00f3mez, y los ni\u00f1os Sebasti\u00e1n Figueroa, Amaro Figueroa y Agustina, en la animaci\u00f3n estuvo Camila Cruz <\/em>(nosotraselblog.cl), <em>se cont\u00f3 con la participaci\u00f3n musical de B\u00e1rbara Libbrecht y la Academia de M\u00fasica Atempo, adem\u00e1s de la maquilladora Francisca Rojas, con el vestuario de Diego Fern\u00e1ndez<\/em>\u00bb, coment\u00f3 Figueroa.<\/p>\n<p>La velada estuvo colmada de artesan\u00edas del valle, joyer\u00eda de fantas\u00eda y la presencia de autoridades como el Core Iv\u00e1n Reyes, los concejales Juan Carlos Sabaj, Patricia Boffa y el alcalde Patricio Freire, quienes fueron tambi\u00e9n invitados al evento.<\/p>\n<p><strong><em>Camila Cruz<\/em><\/strong>, periodista, maquilladora y animadora de este evento, coment\u00f3 a nuestro medio que \u00ab<em>fue una grata experiencia poder animar este evento, la idea primordial era potenciar las Pymes que participaron, siempre desde nuestro portal nosotraselbl og.cl desarrollamos eventos para Pymes, ya hab\u00edamos realizado otros desfiles para visibilizar su trabajo, por lo que agradezco a Enzo y a Ricardo por esta invitaci\u00f3n participar<\/em>\u00bb, dijo la periodista.<\/p>\n<p><strong>Roberto Gonz\u00e1lez Short<\/strong><\/p>\n<p>&nbsp;<\/p>\n<figure id=\"attachment_97207\" aria-describedby=\"caption-attachment-97207\" style=\"width: 580px\" class=\"wp-caption alignnone\"><img data-recalc-dims=\"1\" loading=\"lazy\" decoding=\"async\" class=\"size-full wp-image-97207\" src=\"https:\/\/i0.wp.com\/www.eltrabajo.cl\/portal\/wp-content\/uploads\/2020\/03\/Ruca_Ricardo-Figueroa.jpg?resize=580%2C600\" alt=\"Ricardo Figueroa, organizador de la Moda PYME La Ruca 2020.\" width=\"580\" height=\"600\" srcset=\"https:\/\/i0.wp.com\/eltrabajo.cl\/portal\/wp-content\/uploads\/2020\/03\/Ruca_Ricardo-Figueroa.jpg?w=580&amp;ssl=1 580w, https:\/\/i0.wp.com\/eltrabajo.cl\/portal\/wp-content\/uploads\/2020\/03\/Ruca_Ricardo-Figueroa.jpg?resize=290%2C300&amp;ssl=1 290w, https:\/\/i0.wp.com\/eltrabajo.cl\/portal\/wp-content\/uploads\/2020\/03\/Ruca_Ricardo-Figueroa.jpg?resize=145%2C150&amp;ssl=1 145w, https:\/\/i0.wp.com\/eltrabajo.cl\/portal\/wp-content\/uploads\/2020\/03\/Ruca_Ricardo-Figueroa.jpg?resize=400%2C414&amp;ssl=1 400w\" sizes=\"auto, (max-width: 580px) 100vw, 580px\" \/><figcaption id=\"caption-attachment-97207\" class=\"wp-caption-text\">Ricardo Figueroa, organizador de la Moda PYME La Ruca 2020.<\/figcaption><\/figure>\n<p>&nbsp;<\/p>\n<figure id=\"attachment_97206\" aria-describedby=\"caption-attachment-97206\" style=\"width: 580px\" class=\"wp-caption alignnone\"><img data-recalc-dims=\"1\" loading=\"lazy\" decoding=\"async\" class=\"size-full wp-image-97206\" src=\"https:\/\/i0.wp.com\/www.eltrabajo.cl\/portal\/wp-content\/uploads\/2020\/03\/Ruca_Camila-Cruz.jpg?resize=580%2C600\" alt=\"Camila Cruz, periodista, maquilladora y animadora de este evento.\" width=\"580\" height=\"600\" srcset=\"https:\/\/i0.wp.com\/eltrabajo.cl\/portal\/wp-content\/uploads\/2020\/03\/Ruca_Camila-Cruz.jpg?w=580&amp;ssl=1 580w, https:\/\/i0.wp.com\/eltrabajo.cl\/portal\/wp-content\/uploads\/2020\/03\/Ruca_Camila-Cruz.jpg?resize=290%2C300&amp;ssl=1 290w, https:\/\/i0.wp.com\/eltrabajo.cl\/portal\/wp-content\/uploads\/2020\/03\/Ruca_Camila-Cruz.jpg?resize=145%2C150&amp;ssl=1 145w, https:\/\/i0.wp.com\/eltrabajo.cl\/portal\/wp-content\/uploads\/2020\/03\/Ruca_Camila-Cruz.jpg?resize=400%2C414&amp;ssl=1 400w\" sizes=\"auto, (max-width: 580px) 100vw, 580px\" \/><figcaption id=\"caption-attachment-97206\" class=\"wp-caption-text\">Camila Cruz, periodista, maquilladora y animadora de este evento.<\/figcaption><\/figure>\n<p>&nbsp;<\/p>\n<figure id=\"attachment_97208\" aria-describedby=\"caption-attachment-97208\" style=\"width: 580px\" class=\"wp-caption alignnone\"><img data-recalc-dims=\"1\" loading=\"lazy\" decoding=\"async\" class=\"size-full wp-image-97208\" src=\"https:\/\/i0.wp.com\/www.eltrabajo.cl\/portal\/wp-content\/uploads\/2020\/03\/Ruca1.jpg?resize=580%2C360\" alt=\"ELLOS AL FRENTE.- Ellos son los protagonistas de esta primera Moda PYME La Ruca 2020, desarrollada en Aconcagua.\" width=\"580\" height=\"360\" srcset=\"https:\/\/i0.wp.com\/eltrabajo.cl\/portal\/wp-content\/uploads\/2020\/03\/Ruca1.jpg?w=580&amp;ssl=1 580w, https:\/\/i0.wp.com\/eltrabajo.cl\/portal\/wp-content\/uploads\/2020\/03\/Ruca1.jpg?resize=300%2C186&amp;ssl=1 300w, https:\/\/i0.wp.com\/eltrabajo.cl\/portal\/wp-content\/uploads\/2020\/03\/Ruca1.jpg?resize=200%2C124&amp;ssl=1 200w, https:\/\/i0.wp.com\/eltrabajo.cl\/portal\/wp-content\/uploads\/2020\/03\/Ruca1.jpg?resize=242%2C150&amp;ssl=1 242w, https:\/\/i0.wp.com\/eltrabajo.cl\/portal\/wp-content\/uploads\/2020\/03\/Ruca1.jpg?resize=400%2C248&amp;ssl=1 400w\" sizes=\"auto, (max-width: 580px) 100vw, 580px\" \/><figcaption id=\"caption-attachment-97208\" class=\"wp-caption-text\">ELLOS AL FRENTE.- Ellos son los protagonistas de esta primera Moda PYME La Ruca 2020, desarrollada en Aconcagua.<\/figcaption><\/figure>\n<p>&nbsp;<\/p>\n<figure id=\"attachment_97209\" aria-describedby=\"caption-attachment-97209\" style=\"width: 580px\" class=\"wp-caption alignnone\"><img data-recalc-dims=\"1\" loading=\"lazy\" decoding=\"async\" class=\"size-full wp-image-97209\" src=\"https:\/\/i0.wp.com\/www.eltrabajo.cl\/portal\/wp-content\/uploads\/2020\/03\/Ruca2.jpg?resize=580%2C360\" alt=\"PEQUES A LA MODA.- La moda infantil tambi\u00e9n fue promocionada por estos modelos: Sebasti\u00e1n Figueroa, Amaro Figueroa y Agustina.\" width=\"580\" height=\"360\" srcset=\"https:\/\/i0.wp.com\/eltrabajo.cl\/portal\/wp-content\/uploads\/2020\/03\/Ruca2.jpg?w=580&amp;ssl=1 580w, https:\/\/i0.wp.com\/eltrabajo.cl\/portal\/wp-content\/uploads\/2020\/03\/Ruca2.jpg?resize=300%2C186&amp;ssl=1 300w, https:\/\/i0.wp.com\/eltrabajo.cl\/portal\/wp-content\/uploads\/2020\/03\/Ruca2.jpg?resize=200%2C124&amp;ssl=1 200w, https:\/\/i0.wp.com\/eltrabajo.cl\/portal\/wp-content\/uploads\/2020\/03\/Ruca2.jpg?resize=242%2C150&amp;ssl=1 242w, https:\/\/i0.wp.com\/eltrabajo.cl\/portal\/wp-content\/uploads\/2020\/03\/Ruca2.jpg?resize=400%2C248&amp;ssl=1 400w\" sizes=\"auto, (max-width: 580px) 100vw, 580px\" \/><figcaption id=\"caption-attachment-97209\" class=\"wp-caption-text\">PEQUES A LA MODA.- La moda infantil tambi\u00e9n fue promocionada por estos modelos: Sebasti\u00e1n Figueroa, Amaro Figueroa y Agustina.<\/figcaption><\/figure>\n<p>&nbsp;<\/p>\n<figure id=\"attachment_97211\" aria-describedby=\"caption-attachment-97211\" style=\"width: 580px\" class=\"wp-caption alignnone\"><img data-recalc-dims=\"1\" loading=\"lazy\" decoding=\"async\" class=\"size-full wp-image-97211\" src=\"https:\/\/i0.wp.com\/www.eltrabajo.cl\/portal\/wp-content\/uploads\/2020\/03\/Ruca4.jpg?resize=580%2C360\" alt=\"MODA EXCLUSIVA.- Prendas muy exclusivas modelaron ellas y ellos en la primera Moda PYME La Ruca 2020.\" width=\"580\" height=\"360\" srcset=\"https:\/\/i0.wp.com\/eltrabajo.cl\/portal\/wp-content\/uploads\/2020\/03\/Ruca4.jpg?w=580&amp;ssl=1 580w, https:\/\/i0.wp.com\/eltrabajo.cl\/portal\/wp-content\/uploads\/2020\/03\/Ruca4.jpg?resize=300%2C186&amp;ssl=1 300w, https:\/\/i0.wp.com\/eltrabajo.cl\/portal\/wp-content\/uploads\/2020\/03\/Ruca4.jpg?resize=200%2C124&amp;ssl=1 200w, https:\/\/i0.wp.com\/eltrabajo.cl\/portal\/wp-content\/uploads\/2020\/03\/Ruca4.jpg?resize=242%2C150&amp;ssl=1 242w, https:\/\/i0.wp.com\/eltrabajo.cl\/portal\/wp-content\/uploads\/2020\/03\/Ruca4.jpg?resize=400%2C248&amp;ssl=1 400w\" sizes=\"auto, (max-width: 580px) 100vw, 580px\" \/><figcaption id=\"caption-attachment-97211\" class=\"wp-caption-text\">MODA EXCLUSIVA.- Prendas muy exclusivas modelaron ellas y ellos en la primera Moda PYME La Ruca 2020.<\/figcaption><\/figure>\n<p>&nbsp;<\/p>\n<figure id=\"attachment_97210\" aria-describedby=\"caption-attachment-97210\" style=\"width: 579px\" class=\"wp-caption alignnone\"><img data-recalc-dims=\"1\" loading=\"lazy\" decoding=\"async\" class=\"size-full wp-image-97210\" src=\"https:\/\/i0.wp.com\/www.eltrabajo.cl\/portal\/wp-content\/uploads\/2020\/03\/Ruca3.jpg?resize=579%2C700\" alt=\"LAS M\u00c1S BELLAS.- Despampanantes mujeres robaron m\u00e1s que suspiros esa noche en La Ruca.\" width=\"579\" height=\"700\" srcset=\"https:\/\/i0.wp.com\/eltrabajo.cl\/portal\/wp-content\/uploads\/2020\/03\/Ruca3.jpg?w=579&amp;ssl=1 579w, https:\/\/i0.wp.com\/eltrabajo.cl\/portal\/wp-content\/uploads\/2020\/03\/Ruca3.jpg?resize=248%2C300&amp;ssl=1 248w, https:\/\/i0.wp.com\/eltrabajo.cl\/portal\/wp-content\/uploads\/2020\/03\/Ruca3.jpg?resize=124%2C150&amp;ssl=1 124w, https:\/\/i0.wp.com\/eltrabajo.cl\/portal\/wp-content\/uploads\/2020\/03\/Ruca3.jpg?resize=400%2C484&amp;ssl=1 400w\" sizes=\"auto, (max-width: 579px) 100vw, 579px\" \/><figcaption id=\"caption-attachment-97210\" class=\"wp-caption-text\">LAS M\u00c1S BELLAS.- Despampanantes mujeres robaron m\u00e1s que suspiros esa noche en La Ruca.<\/figcaption><\/figure>\n<p>&nbsp;<\/p>\n<figure id=\"attachment_97212\" aria-describedby=\"caption-attachment-97212\" style=\"width: 580px\" class=\"wp-caption alignnone\"><img data-recalc-dims=\"1\" loading=\"lazy\" decoding=\"async\" class=\"size-full wp-image-97212\" src=\"https:\/\/i0.wp.com\/www.eltrabajo.cl\/portal\/wp-content\/uploads\/2020\/03\/Ruca5.jpg?resize=580%2C700\" alt=\"CHICA VERANO.- Esta modelo deslumbr\u00f3 con su belleza y promocion\u00f3 una de las mejores prendas en el desfile.\" width=\"580\" height=\"700\" srcset=\"https:\/\/i0.wp.com\/eltrabajo.cl\/portal\/wp-content\/uploads\/2020\/03\/Ruca5.jpg?w=580&amp;ssl=1 580w, https:\/\/i0.wp.com\/eltrabajo.cl\/portal\/wp-content\/uploads\/2020\/03\/Ruca5.jpg?resize=249%2C300&amp;ssl=1 249w, https:\/\/i0.wp.com\/eltrabajo.cl\/portal\/wp-content\/uploads\/2020\/03\/Ruca5.jpg?resize=124%2C150&amp;ssl=1 124w, https:\/\/i0.wp.com\/eltrabajo.cl\/portal\/wp-content\/uploads\/2020\/03\/Ruca5.jpg?resize=400%2C483&amp;ssl=1 400w\" sizes=\"auto, (max-width: 580px) 100vw, 580px\" \/><figcaption id=\"caption-attachment-97212\" class=\"wp-caption-text\">CHICA VERANO.- Esta modelo deslumbr\u00f3 con su belleza y promocion\u00f3 una de las mejores prendas en el desfile.<\/figcaption><\/figure>\n","protected":false},"excerpt":{"rendered":"<p>Organizadores proyectan hacer evento todos los a\u00f1os: Un elegante desfile de modas es el que se desarroll\u00f3 la noche de este viernes 28 de febrero en Restaurante La Ruca de Bucalemu, jornada&#8230;<\/p>\n","protected":false},"author":482,"featured_media":97211,"comment_status":"open","ping_status":"open","sticky":false,"template":"","format":"standard","meta":{"advanced_seo_description":"","jetpack_seo_html_title":"","jetpack_seo_noindex":false,"_jetpack_memberships_contains_paid_content":false,"footnotes":""},"categories":[15],"tags":[],"class_list":["post-97205","post","type-post","status-publish","format-standard","has-post-thumbnail","hentry","category-comunidad"],"jetpack_featured_media_url":"https:\/\/i0.wp.com\/eltrabajo.cl\/portal\/wp-content\/uploads\/2020\/03\/Ruca4.jpg?fit=580%2C360&ssl=1","jetpack_sharing_enabled":true,"jetpack_likes_enabled":true,"jetpack-related-posts":[],"_links":{"self":[{"href":"https:\/\/eltrabajo.cl\/portal\/wp-json\/wp\/v2\/posts\/97205","targetHints":{"allow":["GET"]}}],"collection":[{"href":"https:\/\/eltrabajo.cl\/portal\/wp-json\/wp\/v2\/posts"}],"about":[{"href":"https:\/\/eltrabajo.cl\/portal\/wp-json\/wp\/v2\/types\/post"}],"author":[{"embeddable":true,"href":"https:\/\/eltrabajo.cl\/portal\/wp-json\/wp\/v2\/users\/482"}],"replies":[{"embeddable":true,"href":"https:\/\/eltrabajo.cl\/portal\/wp-json\/wp\/v2\/comments?post=97205"}],"version-history":[{"count":0,"href":"https:\/\/eltrabajo.cl\/portal\/wp-json\/wp\/v2\/posts\/97205\/revisions"}],"wp:featuredmedia":[{"embeddable":true,"href":"https:\/\/eltrabajo.cl\/portal\/wp-json\/wp\/v2\/media\/97211"}],"wp:attachment":[{"href":"https:\/\/eltrabajo.cl\/portal\/wp-json\/wp\/v2\/media?parent=97205"}],"wp:term":[{"taxonomy":"category","embeddable":true,"href":"https:\/\/eltrabajo.cl\/portal\/wp-json\/wp\/v2\/categories?post=97205"},{"taxonomy":"post_tag","embeddable":true,"href":"https:\/\/eltrabajo.cl\/portal\/wp-json\/wp\/v2\/tags?post=97205"}],"curies":[{"name":"wp","href":"https:\/\/api.w.org\/{rel}","templated":true}]}}