{"id":97214,"date":"2020-03-02T05:07:48","date_gmt":"2020-03-02T08:07:48","guid":{"rendered":"http:\/\/www.eltrabajo.cl\/portal\/?p=97214"},"modified":"2020-03-01T21:42:27","modified_gmt":"2020-03-02T00:42:27","slug":"motociclista-muere-al-chocar-su-moto-frontalmente-contra-una-camioneta","status":"publish","type":"post","link":"https:\/\/eltrabajo.cl\/portal\/motociclista-muere-al-chocar-su-moto-frontalmente-contra-una-camioneta\/","title":{"rendered":"Motociclista muere al chocar su moto frontalmente contra una camioneta"},"content":{"rendered":"<p><span style=\"color: #ff0000;\"><strong>V\u00edctima era vecino de Tierras Blancas:<\/strong><\/span><\/p>\n<p>Un motociclista falleci\u00f3 en un accidente de tr\u00e1nsito ocurrido este s\u00e1bado en la tarde en el sector Las Vertientes en la comuna de Panquehue. Se trata de <strong><em>Edison Maximiliano Navarro Leiva<\/em><\/strong>, de 35 a\u00f1os de edad y domiciliado en Poblaci\u00f3n Santa Fe del sector Tierras Blancas de San Felipe. Junto con esta persona iba un funcionario de Carabineros quien result\u00f3 con heridas de gravedad, debiendo ser trasladado hasta el Hospital San Juan de Dios por sufrir fracturas.<\/p>\n<p>Seg\u00fan la informaci\u00f3n obtenida por este medio, la persona fallecida guiaba su moto hac\u00eda el poniente por la antigua Ruta 60 Ch, y al efectuar una maniobra de adelantamiento se encontr\u00f3 de frente con una camioneta\u00a0 que ven\u00eda en sentido contrario, colisionando de frente.<\/p>\n<p>Producto del violento impacto, Navarro Leiva qued\u00f3 en el suelo donde personal del SAMU hizo todos los esfuerzos por salvarle la vida, algo que no tuvo buenos resultados, muriendo en el lugar.<\/p>\n<p>Al sitio del suceso concurri\u00f3 personal de la SIAT, Bomberos, Carabineros, Samu Aconcagua.<\/p>\n<p>El conductor de la camioneta no tuvo lesiones.<\/p>\n<p>Como suele suceder en estos casos, la investigaci\u00f3n qued\u00f3 a cargo de la SIAT San Felipe.<\/p>\n<p>&nbsp;<\/p>\n<figure id=\"attachment_97216\" aria-describedby=\"caption-attachment-97216\" style=\"width: 580px\" class=\"wp-caption alignnone\"><img data-recalc-dims=\"1\" loading=\"lazy\" decoding=\"async\" class=\"size-full wp-image-97216\" src=\"https:\/\/i0.wp.com\/www.eltrabajo.cl\/portal\/wp-content\/uploads\/2020\/03\/tragedia-Edison-Navarro.jpg?resize=580%2C578\" alt=\"Edison Maximiliano Navarro Leiva, de 35 a\u00f1os de edad, el conductor fallecido.\" width=\"580\" height=\"578\" srcset=\"https:\/\/i0.wp.com\/eltrabajo.cl\/portal\/wp-content\/uploads\/2020\/03\/tragedia-Edison-Navarro.jpg?w=580&amp;ssl=1 580w, https:\/\/i0.wp.com\/eltrabajo.cl\/portal\/wp-content\/uploads\/2020\/03\/tragedia-Edison-Navarro.jpg?resize=300%2C300&amp;ssl=1 300w, https:\/\/i0.wp.com\/eltrabajo.cl\/portal\/wp-content\/uploads\/2020\/03\/tragedia-Edison-Navarro.jpg?resize=151%2C150&amp;ssl=1 151w, https:\/\/i0.wp.com\/eltrabajo.cl\/portal\/wp-content\/uploads\/2020\/03\/tragedia-Edison-Navarro.jpg?resize=400%2C399&amp;ssl=1 400w, https:\/\/i0.wp.com\/eltrabajo.cl\/portal\/wp-content\/uploads\/2020\/03\/tragedia-Edison-Navarro.jpg?resize=144%2C144&amp;ssl=1 144w\" sizes=\"auto, (max-width: 580px) 100vw, 580px\" \/><figcaption id=\"caption-attachment-97216\" class=\"wp-caption-text\">Edison Maximiliano Navarro Leiva, de 35 a\u00f1os de edad, el conductor fallecido.<\/figcaption><\/figure>\n<p>&nbsp;<\/p>\n<figure id=\"attachment_97218\" aria-describedby=\"caption-attachment-97218\" style=\"width: 580px\" class=\"wp-caption alignnone\"><img data-recalc-dims=\"1\" loading=\"lazy\" decoding=\"async\" class=\"size-full wp-image-97218\" src=\"https:\/\/i0.wp.com\/www.eltrabajo.cl\/portal\/wp-content\/uploads\/2020\/03\/tragedia-SAMU.jpg?resize=580%2C360\" alt=\"Personal del SAMU efectuando las maniobras para salvarle la vida.\" width=\"580\" height=\"360\" srcset=\"https:\/\/i0.wp.com\/eltrabajo.cl\/portal\/wp-content\/uploads\/2020\/03\/tragedia-SAMU.jpg?w=580&amp;ssl=1 580w, https:\/\/i0.wp.com\/eltrabajo.cl\/portal\/wp-content\/uploads\/2020\/03\/tragedia-SAMU.jpg?resize=300%2C186&amp;ssl=1 300w, https:\/\/i0.wp.com\/eltrabajo.cl\/portal\/wp-content\/uploads\/2020\/03\/tragedia-SAMU.jpg?resize=200%2C124&amp;ssl=1 200w, https:\/\/i0.wp.com\/eltrabajo.cl\/portal\/wp-content\/uploads\/2020\/03\/tragedia-SAMU.jpg?resize=242%2C150&amp;ssl=1 242w, https:\/\/i0.wp.com\/eltrabajo.cl\/portal\/wp-content\/uploads\/2020\/03\/tragedia-SAMU.jpg?resize=400%2C248&amp;ssl=1 400w\" sizes=\"auto, (max-width: 580px) 100vw, 580px\" \/><figcaption id=\"caption-attachment-97218\" class=\"wp-caption-text\">Personal del SAMU efectuando las maniobras para salvarle la vida.<\/figcaption><\/figure>\n<p>&nbsp;<\/p>\n<figure id=\"attachment_97217\" aria-describedby=\"caption-attachment-97217\" style=\"width: 580px\" class=\"wp-caption alignnone\"><img data-recalc-dims=\"1\" loading=\"lazy\" decoding=\"async\" class=\"size-full wp-image-97217\" src=\"https:\/\/i0.wp.com\/www.eltrabajo.cl\/portal\/wp-content\/uploads\/2020\/03\/tragedia-Moto.jpg?resize=580%2C359\" alt=\"La moto en el sueldo tras el violento impacto.\" width=\"580\" height=\"359\" srcset=\"https:\/\/i0.wp.com\/eltrabajo.cl\/portal\/wp-content\/uploads\/2020\/03\/tragedia-Moto.jpg?w=580&amp;ssl=1 580w, https:\/\/i0.wp.com\/eltrabajo.cl\/portal\/wp-content\/uploads\/2020\/03\/tragedia-Moto.jpg?resize=300%2C186&amp;ssl=1 300w, https:\/\/i0.wp.com\/eltrabajo.cl\/portal\/wp-content\/uploads\/2020\/03\/tragedia-Moto.jpg?resize=200%2C124&amp;ssl=1 200w, https:\/\/i0.wp.com\/eltrabajo.cl\/portal\/wp-content\/uploads\/2020\/03\/tragedia-Moto.jpg?resize=242%2C150&amp;ssl=1 242w, https:\/\/i0.wp.com\/eltrabajo.cl\/portal\/wp-content\/uploads\/2020\/03\/tragedia-Moto.jpg?resize=400%2C248&amp;ssl=1 400w\" sizes=\"auto, (max-width: 580px) 100vw, 580px\" \/><figcaption id=\"caption-attachment-97217\" class=\"wp-caption-text\">La moto en el sueldo tras el violento impacto.<\/figcaption><\/figure>\n<p>&nbsp;<\/p>\n<figure id=\"attachment_97215\" aria-describedby=\"caption-attachment-97215\" style=\"width: 579px\" class=\"wp-caption alignnone\"><img data-recalc-dims=\"1\" loading=\"lazy\" decoding=\"async\" class=\"size-full wp-image-97215\" src=\"https:\/\/i0.wp.com\/www.eltrabajo.cl\/portal\/wp-content\/uploads\/2020\/03\/tragedia-Camioneta.jpg?resize=579%2C426\" alt=\"La camioneta Toyota con los da\u00f1os sufridos por el choque.\" width=\"579\" height=\"426\" srcset=\"https:\/\/i0.wp.com\/eltrabajo.cl\/portal\/wp-content\/uploads\/2020\/03\/tragedia-Camioneta.jpg?w=579&amp;ssl=1 579w, https:\/\/i0.wp.com\/eltrabajo.cl\/portal\/wp-content\/uploads\/2020\/03\/tragedia-Camioneta.jpg?resize=300%2C221&amp;ssl=1 300w, https:\/\/i0.wp.com\/eltrabajo.cl\/portal\/wp-content\/uploads\/2020\/03\/tragedia-Camioneta.jpg?resize=200%2C147&amp;ssl=1 200w, https:\/\/i0.wp.com\/eltrabajo.cl\/portal\/wp-content\/uploads\/2020\/03\/tragedia-Camioneta.jpg?resize=204%2C150&amp;ssl=1 204w, https:\/\/i0.wp.com\/eltrabajo.cl\/portal\/wp-content\/uploads\/2020\/03\/tragedia-Camioneta.jpg?resize=400%2C294&amp;ssl=1 400w\" sizes=\"auto, (max-width: 579px) 100vw, 579px\" \/><figcaption id=\"caption-attachment-97215\" class=\"wp-caption-text\">La camioneta Toyota con los da\u00f1os sufridos por el choque.<\/figcaption><\/figure>\n","protected":false},"excerpt":{"rendered":"<p>V\u00edctima era vecino de Tierras Blancas: Un motociclista falleci\u00f3 en un accidente de tr\u00e1nsito ocurrido este s\u00e1bado en la tarde en el sector Las Vertientes en la comuna de Panquehue. Se trata&#8230;<\/p>\n","protected":false},"author":482,"featured_media":97218,"comment_status":"open","ping_status":"open","sticky":false,"template":"","format":"standard","meta":{"advanced_seo_description":"","jetpack_seo_html_title":"","jetpack_seo_noindex":false,"_jetpack_memberships_contains_paid_content":false,"footnotes":""},"categories":[21],"tags":[],"class_list":["post-97214","post","type-post","status-publish","format-standard","has-post-thumbnail","hentry","category-policial"],"jetpack_featured_media_url":"https:\/\/i0.wp.com\/eltrabajo.cl\/portal\/wp-content\/uploads\/2020\/03\/tragedia-SAMU.jpg?fit=580%2C360&ssl=1","jetpack_sharing_enabled":true,"jetpack_likes_enabled":true,"jetpack-related-posts":[],"_links":{"self":[{"href":"https:\/\/eltrabajo.cl\/portal\/wp-json\/wp\/v2\/posts\/97214","targetHints":{"allow":["GET"]}}],"collection":[{"href":"https:\/\/eltrabajo.cl\/portal\/wp-json\/wp\/v2\/posts"}],"about":[{"href":"https:\/\/eltrabajo.cl\/portal\/wp-json\/wp\/v2\/types\/post"}],"author":[{"embeddable":true,"href":"https:\/\/eltrabajo.cl\/portal\/wp-json\/wp\/v2\/users\/482"}],"replies":[{"embeddable":true,"href":"https:\/\/eltrabajo.cl\/portal\/wp-json\/wp\/v2\/comments?post=97214"}],"version-history":[{"count":0,"href":"https:\/\/eltrabajo.cl\/portal\/wp-json\/wp\/v2\/posts\/97214\/revisions"}],"wp:featuredmedia":[{"embeddable":true,"href":"https:\/\/eltrabajo.cl\/portal\/wp-json\/wp\/v2\/media\/97218"}],"wp:attachment":[{"href":"https:\/\/eltrabajo.cl\/portal\/wp-json\/wp\/v2\/media?parent=97214"}],"wp:term":[{"taxonomy":"category","embeddable":true,"href":"https:\/\/eltrabajo.cl\/portal\/wp-json\/wp\/v2\/categories?post=97214"},{"taxonomy":"post_tag","embeddable":true,"href":"https:\/\/eltrabajo.cl\/portal\/wp-json\/wp\/v2\/tags?post=97214"}],"curies":[{"name":"wp","href":"https:\/\/api.w.org\/{rel}","templated":true}]}}