{"id":97221,"date":"2020-03-03T05:01:29","date_gmt":"2020-03-03T08:01:29","guid":{"rendered":"http:\/\/www.eltrabajo.cl\/portal\/?p=97221"},"modified":"2020-03-02T21:02:44","modified_gmt":"2020-03-03T00:02:44","slug":"excolectivero-boris-vasquez-tapia-lleva-ya-18-anos-postrado-en-una-cama","status":"publish","type":"post","link":"https:\/\/eltrabajo.cl\/portal\/excolectivero-boris-vasquez-tapia-lleva-ya-18-anos-postrado-en-una-cama\/","title":{"rendered":"Excolectivero Boris V\u00e1squez Tapia lleva ya 18 a\u00f1os postrado en una cama"},"content":{"rendered":"<p><span style=\"color: #ff0000;\"><strong>Su madre convoca a sus amigos y autoridades para auxiliarlo:<\/strong><\/span><\/p>\n<p>Hoy en <strong>Diario El Trabajo<\/strong> queremos compartir o actualizar una historia que para muchos de nuestros lectores es conocida, se trata del dram\u00e1tico mundo en el que vive un excolectivero sanfelipe\u00f1o, desde que en el a\u00f1o 2002 sufriera un accidente en su motocicleta y quedara en estado vegetal producto de las operaciones posteriores a su accidente.<\/p>\n<p>Hablamos de <strong><em>Boris V\u00e1squez Tapia<\/em><\/strong>, quien perdi\u00f3 todo lo que ten\u00eda y lleva ya 18 a\u00f1os postrado en una cama sin poder hablar, y aunque muy consciente, no puede caminar o expresar sus deseos. \u00c9l fue abandonado por casi todos sus amigos y hasta perdi\u00f3 su hogar tras el accidente, depende enteramente de su madre <strong>Elvira Tapia<\/strong>.<\/p>\n<p>&nbsp;<\/p>\n<p><span style=\"color: #ff0000;\"><strong>NECESITA AYUDA<\/strong><\/span><\/p>\n<p>Fue esta abnegada madre y exreportera de <strong>Diario El Trabajo<\/strong> quien ayer visit\u00f3 nuestra Sala de Redacci\u00f3n para compartir con nuestros lectores y autoridades la situaci\u00f3n que vive su hijo, misma que ya se volvi\u00f3 insostenible, pues por amor a Boris ella se ha endeudado con muchas personas.<\/p>\n<p>\u00ab<em>Ya son 18 a\u00f1os de sufrimiento los que mi hijo lleva en esa cama, he vendido todo lo que ten\u00eda para que mi hijo est\u00e9 aseado y bien alimentado, debo casi los $8 millones entre Sanfecoop y otras entidades financieras, vend\u00ed la propiedad que ten\u00eda y ahora vivimos en casa de una de mis hijas, quiero hacer un llamado a las autoridades y a los vecinos del valle, para que me auxilien en esta situaci\u00f3n, EN EL Hospital San Camilo hasta los ap\u00f3sitos para las curaciones de mi hijo me han quitado ya, en leche Ensure son $120.000 por mes<\/em>\u00bb, coment\u00f3 la angustiada madre.<\/p>\n<p>Los interesados en aportar dinero o recursos para esta noble causa, pueden llamar al <strong>986205481<\/strong>, o bien depositar a la <strong>Cuenta RUT: 5.627.006<\/strong> el correo de contacto para transferencias es <strong>soyelvirita48@gmail.com<\/strong>.<\/p>\n<p><strong>Roberto Gonz\u00e1lez Short<\/strong><\/p>\n<p>&nbsp;<\/p>\n<figure id=\"attachment_97223\" aria-describedby=\"caption-attachment-97223\" style=\"width: 580px\" class=\"wp-caption alignnone\"><img data-recalc-dims=\"1\" loading=\"lazy\" decoding=\"async\" class=\"size-full wp-image-97223\" src=\"https:\/\/i0.wp.com\/www.eltrabajo.cl\/portal\/wp-content\/uploads\/2020\/03\/Postrado1.jpg?resize=580%2C360\" alt=\"AMOR NO LE FALTA.- Aqu\u00ed vemos a Boris V\u00e1squez, siendo atendido por su madre Elvira Tapia, y su padre Luis V\u00e1squez.\" width=\"580\" height=\"360\" srcset=\"https:\/\/i0.wp.com\/eltrabajo.cl\/portal\/wp-content\/uploads\/2020\/03\/Postrado1.jpg?w=580&amp;ssl=1 580w, https:\/\/i0.wp.com\/eltrabajo.cl\/portal\/wp-content\/uploads\/2020\/03\/Postrado1.jpg?resize=300%2C186&amp;ssl=1 300w, https:\/\/i0.wp.com\/eltrabajo.cl\/portal\/wp-content\/uploads\/2020\/03\/Postrado1.jpg?resize=200%2C124&amp;ssl=1 200w, https:\/\/i0.wp.com\/eltrabajo.cl\/portal\/wp-content\/uploads\/2020\/03\/Postrado1.jpg?resize=242%2C150&amp;ssl=1 242w, https:\/\/i0.wp.com\/eltrabajo.cl\/portal\/wp-content\/uploads\/2020\/03\/Postrado1.jpg?resize=400%2C248&amp;ssl=1 400w\" sizes=\"auto, (max-width: 580px) 100vw, 580px\" \/><figcaption id=\"caption-attachment-97223\" class=\"wp-caption-text\">AMOR NO LE FALTA.- Aqu\u00ed vemos a Boris V\u00e1squez, siendo atendido por su madre Elvira Tapia, y su padre Luis V\u00e1squez.<\/figcaption><\/figure>\n<p>&nbsp;<\/p>\n<figure id=\"attachment_97222\" aria-describedby=\"caption-attachment-97222\" style=\"width: 580px\" class=\"wp-caption alignnone\"><img data-recalc-dims=\"1\" loading=\"lazy\" decoding=\"async\" class=\"size-full wp-image-97222\" src=\"https:\/\/i0.wp.com\/www.eltrabajo.cl\/portal\/wp-content\/uploads\/2020\/03\/Postrado_Elvira-Tapia.jpg?resize=580%2C360\" alt=\"Elvira Tapia Acevedo, madre de Boris.\" width=\"580\" height=\"360\" srcset=\"https:\/\/i0.wp.com\/eltrabajo.cl\/portal\/wp-content\/uploads\/2020\/03\/Postrado_Elvira-Tapia.jpg?w=580&amp;ssl=1 580w, https:\/\/i0.wp.com\/eltrabajo.cl\/portal\/wp-content\/uploads\/2020\/03\/Postrado_Elvira-Tapia.jpg?resize=300%2C186&amp;ssl=1 300w, https:\/\/i0.wp.com\/eltrabajo.cl\/portal\/wp-content\/uploads\/2020\/03\/Postrado_Elvira-Tapia.jpg?resize=200%2C124&amp;ssl=1 200w, https:\/\/i0.wp.com\/eltrabajo.cl\/portal\/wp-content\/uploads\/2020\/03\/Postrado_Elvira-Tapia.jpg?resize=242%2C150&amp;ssl=1 242w, https:\/\/i0.wp.com\/eltrabajo.cl\/portal\/wp-content\/uploads\/2020\/03\/Postrado_Elvira-Tapia.jpg?resize=400%2C248&amp;ssl=1 400w\" sizes=\"auto, (max-width: 580px) 100vw, 580px\" \/><figcaption id=\"caption-attachment-97222\" class=\"wp-caption-text\">Elvira Tapia Acevedo, madre de Boris.<\/figcaption><\/figure>\n<p>&nbsp;<\/p>\n<figure id=\"attachment_97224\" aria-describedby=\"caption-attachment-97224\" style=\"width: 580px\" class=\"wp-caption alignnone\"><img data-recalc-dims=\"1\" loading=\"lazy\" decoding=\"async\" class=\"size-full wp-image-97224\" src=\"https:\/\/i0.wp.com\/www.eltrabajo.cl\/portal\/wp-content\/uploads\/2020\/03\/Postrado_Boris-Vasquez.jpg?resize=580%2C574\" alt=\"As\u00ed luc\u00eda Boris antes de sufrir el accidente que finalmente lo llev\u00f3 a quedar postrado de por vida.\" width=\"580\" height=\"574\" srcset=\"https:\/\/i0.wp.com\/eltrabajo.cl\/portal\/wp-content\/uploads\/2020\/03\/Postrado_Boris-Vasquez.jpg?w=580&amp;ssl=1 580w, https:\/\/i0.wp.com\/eltrabajo.cl\/portal\/wp-content\/uploads\/2020\/03\/Postrado_Boris-Vasquez.jpg?resize=300%2C297&amp;ssl=1 300w, https:\/\/i0.wp.com\/eltrabajo.cl\/portal\/wp-content\/uploads\/2020\/03\/Postrado_Boris-Vasquez.jpg?resize=152%2C150&amp;ssl=1 152w, https:\/\/i0.wp.com\/eltrabajo.cl\/portal\/wp-content\/uploads\/2020\/03\/Postrado_Boris-Vasquez.jpg?resize=400%2C396&amp;ssl=1 400w, https:\/\/i0.wp.com\/eltrabajo.cl\/portal\/wp-content\/uploads\/2020\/03\/Postrado_Boris-Vasquez.jpg?resize=144%2C144&amp;ssl=1 144w\" sizes=\"auto, (max-width: 580px) 100vw, 580px\" \/><figcaption id=\"caption-attachment-97224\" class=\"wp-caption-text\">As\u00ed luc\u00eda Boris antes de sufrir el accidente que finalmente lo llev\u00f3 a quedar postrado de por vida.<\/figcaption><\/figure>\n","protected":false},"excerpt":{"rendered":"<p>Su madre convoca a sus amigos y autoridades para auxiliarlo: Hoy en Diario El Trabajo queremos compartir o actualizar una historia que para muchos de nuestros lectores es conocida, se trata del&#8230;<\/p>\n","protected":false},"author":482,"featured_media":97223,"comment_status":"open","ping_status":"open","sticky":false,"template":"","format":"standard","meta":{"advanced_seo_description":"","jetpack_seo_html_title":"","jetpack_seo_noindex":false,"_jetpack_memberships_contains_paid_content":false,"footnotes":""},"categories":[15],"tags":[],"class_list":["post-97221","post","type-post","status-publish","format-standard","has-post-thumbnail","hentry","category-comunidad"],"jetpack_featured_media_url":"https:\/\/i0.wp.com\/eltrabajo.cl\/portal\/wp-content\/uploads\/2020\/03\/Postrado1.jpg?fit=580%2C360&ssl=1","jetpack_sharing_enabled":true,"jetpack_likes_enabled":true,"jetpack-related-posts":[],"_links":{"self":[{"href":"https:\/\/eltrabajo.cl\/portal\/wp-json\/wp\/v2\/posts\/97221","targetHints":{"allow":["GET"]}}],"collection":[{"href":"https:\/\/eltrabajo.cl\/portal\/wp-json\/wp\/v2\/posts"}],"about":[{"href":"https:\/\/eltrabajo.cl\/portal\/wp-json\/wp\/v2\/types\/post"}],"author":[{"embeddable":true,"href":"https:\/\/eltrabajo.cl\/portal\/wp-json\/wp\/v2\/users\/482"}],"replies":[{"embeddable":true,"href":"https:\/\/eltrabajo.cl\/portal\/wp-json\/wp\/v2\/comments?post=97221"}],"version-history":[{"count":0,"href":"https:\/\/eltrabajo.cl\/portal\/wp-json\/wp\/v2\/posts\/97221\/revisions"}],"wp:featuredmedia":[{"embeddable":true,"href":"https:\/\/eltrabajo.cl\/portal\/wp-json\/wp\/v2\/media\/97223"}],"wp:attachment":[{"href":"https:\/\/eltrabajo.cl\/portal\/wp-json\/wp\/v2\/media?parent=97221"}],"wp:term":[{"taxonomy":"category","embeddable":true,"href":"https:\/\/eltrabajo.cl\/portal\/wp-json\/wp\/v2\/categories?post=97221"},{"taxonomy":"post_tag","embeddable":true,"href":"https:\/\/eltrabajo.cl\/portal\/wp-json\/wp\/v2\/tags?post=97221"}],"curies":[{"name":"wp","href":"https:\/\/api.w.org\/{rel}","templated":true}]}}