{"id":97231,"date":"2020-03-03T05:03:27","date_gmt":"2020-03-03T08:03:27","guid":{"rendered":"http:\/\/www.eltrabajo.cl\/portal\/?p=97231"},"modified":"2020-03-02T21:05:34","modified_gmt":"2020-03-03T00:05:34","slug":"conductores-retiran-pequena-barricada-instalada-en-el-puente-encon","status":"publish","type":"post","link":"https:\/\/eltrabajo.cl\/portal\/conductores-retiran-pequena-barricada-instalada-en-el-puente-encon\/","title":{"rendered":"Conductores retiran peque\u00f1a barricada instalada en el Puente Enc\u00f3n"},"content":{"rendered":"<p>Fueron los propios conductores afectados ayer en la ma\u00f1ana quienes despejaron la v\u00eda luego que se instalara una barricada en el Puente Enc\u00f3n. As\u00ed lo reconoci\u00f3 el Mayor de Carabineros, <strong>Mauricio Guzm\u00e1n Yuri<\/strong>.<\/p>\n<p>\u00ab<em>Ha habido situaciones, algunas marchas, todas han sido pac\u00edficas; ha habido unos incidentes, unos cortes, el d\u00eda de hoy (ayer), en el sector de Enc\u00f3n, fue personal de Carabineros, fue despejado por los mismos conductores, no alcanzaron a apreciar si hubo o no, pero me imagino una fogata chica, pero fue la \u00fanica situaci\u00f3n producida al menos hoy d\u00eda (ayer) en la comuna de San Felipe\u00bb,<\/em> dijo el mayor Guzm\u00e1n.<\/p>\n<p>Fue enf\u00e1tico en se\u00f1alar que no se han producido cortes de ruta ni nada de las situaciones vividas el a\u00f1o pasado.<\/p>\n<p>&nbsp;<\/p>\n<figure id=\"attachment_97232\" aria-describedby=\"caption-attachment-97232\" style=\"width: 580px\" class=\"wp-caption alignnone\"><img data-recalc-dims=\"1\" loading=\"lazy\" decoding=\"async\" class=\"size-full wp-image-97232\" src=\"https:\/\/i0.wp.com\/www.eltrabajo.cl\/portal\/wp-content\/uploads\/2020\/03\/barricada.jpg?resize=580%2C360\" alt=\"Al fondo del puente se aprecia el fuego que imped\u00eda el normal tr\u00e1nsito por el puente y que fue despejado por los propios automovilistas.\" width=\"580\" height=\"360\" srcset=\"https:\/\/i0.wp.com\/eltrabajo.cl\/portal\/wp-content\/uploads\/2020\/03\/barricada.jpg?w=580&amp;ssl=1 580w, https:\/\/i0.wp.com\/eltrabajo.cl\/portal\/wp-content\/uploads\/2020\/03\/barricada.jpg?resize=300%2C186&amp;ssl=1 300w, https:\/\/i0.wp.com\/eltrabajo.cl\/portal\/wp-content\/uploads\/2020\/03\/barricada.jpg?resize=200%2C124&amp;ssl=1 200w, https:\/\/i0.wp.com\/eltrabajo.cl\/portal\/wp-content\/uploads\/2020\/03\/barricada.jpg?resize=242%2C150&amp;ssl=1 242w, https:\/\/i0.wp.com\/eltrabajo.cl\/portal\/wp-content\/uploads\/2020\/03\/barricada.jpg?resize=400%2C248&amp;ssl=1 400w\" sizes=\"auto, (max-width: 580px) 100vw, 580px\" \/><figcaption id=\"caption-attachment-97232\" class=\"wp-caption-text\">Al fondo del puente se aprecia el fuego que imped\u00eda el normal tr\u00e1nsito por el puente y que fue despejado por los propios automovilistas.<\/figcaption><\/figure>\n","protected":false},"excerpt":{"rendered":"<p>Fueron los propios conductores afectados ayer en la ma\u00f1ana quienes despejaron la v\u00eda luego que se instalara una barricada en el Puente Enc\u00f3n. As\u00ed lo reconoci\u00f3 el Mayor de Carabineros, Mauricio Guzm\u00e1n&#8230;<\/p>\n","protected":false},"author":482,"featured_media":97232,"comment_status":"open","ping_status":"open","sticky":false,"template":"","format":"standard","meta":{"advanced_seo_description":"","jetpack_seo_html_title":"","jetpack_seo_noindex":false,"_jetpack_memberships_contains_paid_content":false,"footnotes":""},"categories":[21],"tags":[],"class_list":["post-97231","post","type-post","status-publish","format-standard","has-post-thumbnail","hentry","category-policial"],"jetpack_featured_media_url":"https:\/\/i0.wp.com\/eltrabajo.cl\/portal\/wp-content\/uploads\/2020\/03\/barricada.jpg?fit=580%2C360&ssl=1","jetpack_sharing_enabled":true,"jetpack_likes_enabled":true,"jetpack-related-posts":[],"_links":{"self":[{"href":"https:\/\/eltrabajo.cl\/portal\/wp-json\/wp\/v2\/posts\/97231","targetHints":{"allow":["GET"]}}],"collection":[{"href":"https:\/\/eltrabajo.cl\/portal\/wp-json\/wp\/v2\/posts"}],"about":[{"href":"https:\/\/eltrabajo.cl\/portal\/wp-json\/wp\/v2\/types\/post"}],"author":[{"embeddable":true,"href":"https:\/\/eltrabajo.cl\/portal\/wp-json\/wp\/v2\/users\/482"}],"replies":[{"embeddable":true,"href":"https:\/\/eltrabajo.cl\/portal\/wp-json\/wp\/v2\/comments?post=97231"}],"version-history":[{"count":0,"href":"https:\/\/eltrabajo.cl\/portal\/wp-json\/wp\/v2\/posts\/97231\/revisions"}],"wp:featuredmedia":[{"embeddable":true,"href":"https:\/\/eltrabajo.cl\/portal\/wp-json\/wp\/v2\/media\/97232"}],"wp:attachment":[{"href":"https:\/\/eltrabajo.cl\/portal\/wp-json\/wp\/v2\/media?parent=97231"}],"wp:term":[{"taxonomy":"category","embeddable":true,"href":"https:\/\/eltrabajo.cl\/portal\/wp-json\/wp\/v2\/categories?post=97231"},{"taxonomy":"post_tag","embeddable":true,"href":"https:\/\/eltrabajo.cl\/portal\/wp-json\/wp\/v2\/tags?post=97231"}],"curies":[{"name":"wp","href":"https:\/\/api.w.org\/{rel}","templated":true}]}}