{"id":97234,"date":"2020-03-03T05:04:41","date_gmt":"2020-03-03T08:04:41","guid":{"rendered":"http:\/\/www.eltrabajo.cl\/portal\/?p=97234"},"modified":"2020-03-02T21:07:11","modified_gmt":"2020-03-03T00:07:11","slug":"investigan-causas-de-incendio-que-destruyo-por-completo-automovil-en-la-via-publica","status":"publish","type":"post","link":"https:\/\/eltrabajo.cl\/portal\/investigan-causas-de-incendio-que-destruyo-por-completo-automovil-en-la-via-publica\/","title":{"rendered":"Investigan causas de incendio que destruy\u00f3 por completo autom\u00f3vil en la v\u00eda p\u00fablica"},"content":{"rendered":"<p><span style=\"color: #ff0000;\"><strong>Bomberos de Putaendo:<\/strong><\/span><\/p>\n<p>Totalmente destruido por el fuego result\u00f3 un autom\u00f3vil estacionado en la v\u00eda p\u00fablica en la comuna de Putaendo, fuego que se produjo en el mismo veh\u00edculo por causas que est\u00e1n siendo investigadas por el departamento t\u00e9cnico del Cuerpo de Bomberos de esa comuna.<\/p>\n<p>El m\u00f3vil se encontraba estacionado en la Avenida Ej\u00e9rcito Libertador de la poblaci\u00f3n San Antonio de Putaendo, y el incendio se produjo faltando pocos minutos para las siete de la tarde de este s\u00e1bado.<\/p>\n<p>Al lugar concurri\u00f3 personal de Bomberos de Putaendo, donde el\u00a0 primer Comandante de Bomberos, Luis Sep\u00falveda, indic\u00f3 que a la llegada del personal se encontraron con fuego en fase de libre combusti\u00f3n y con algunas explosiones que corresponder\u00edan al estallido de\u00a0 los parabrisas, donde adem\u00e1s se debi\u00f3 \u00a0controlar el inicio de un incendio de pastizales y el derrame de combustible, donde el oficial de Bomberos confirm\u00f3 que los da\u00f1os ser\u00edan totales y que el departamento t\u00e9cnico\u00a0realiza el trabajo investigativo para informar\u00a0 a la fiscal\u00eda la causa probable del incendio.<\/p>\n<p>\u00ab<em>Durante las horas de la tarde del s\u00e1bado tuvimos un llamado que nos daba como sector amagado en parte de Ej\u00e9rcito Libertador con Eduardo Wegner, dando cuenta de un incendio vehicular en el habit\u00e1culo del conductor y pasajero, donde tambi\u00e9n se hab\u00edan producido algunas detonaciones. La gente hab\u00eda indicado que eventualmente el veh\u00edculo estaba explotando, lo que pasa que de alguna u otra manera el veh\u00edculo present\u00f3 esta condici\u00f3n de altas temperaturas y los parabrisas, tanto delantero como trasero, m\u00e1s alg\u00fan vidrio lateral, debido a la presi\u00f3n que se produjo en la misma combusti\u00f3n en fase latente, en un lugar de poca exposici\u00f3n de aire, gener\u00f3 que se produjera un fen\u00f3meno t\u00e9rmico en esta misma condici\u00f3n del veh\u00edculo, lo cual gener\u00f3 este incendio\u00bb,<\/em> dijo el comandante <strong>Luis Sep\u00falveda<\/strong>.<\/p>\n<p>Al lugar tambi\u00e9n lleg\u00f3 Carabineros, realizando las primeras diligencias para establecer c\u00f3mo se\u00a0 produjo el incendio vehicular.<\/p>\n<p>Se baraja como hip\u00f3tesis un desperfecto mec\u00e1nico. Aunque no se descarta\u00a0 una posible intencionalidad en el incendio que provoc\u00f3 preocupaci\u00f3n en los vecinos\u00a0 de la poblaci\u00f3n San Antonio durante el s\u00e1bado en la tarde.<\/p>\n<p>No hubo personas lesionadas.<\/p>\n<p>&nbsp;<\/p>\n<figure id=\"attachment_97235\" aria-describedby=\"caption-attachment-97235\" style=\"width: 580px\" class=\"wp-caption alignnone\"><img data-recalc-dims=\"1\" loading=\"lazy\" decoding=\"async\" class=\"size-full wp-image-97235\" src=\"https:\/\/i0.wp.com\/www.eltrabajo.cl\/portal\/wp-content\/uploads\/2020\/03\/quemado.jpg?resize=580%2C359\" alt=\"El autom\u00f3vil totalmente envuelto en llamas en plena v\u00eda p\u00fablica. (Foto putaendoinforma.com)\" width=\"580\" height=\"359\" srcset=\"https:\/\/i0.wp.com\/eltrabajo.cl\/portal\/wp-content\/uploads\/2020\/03\/quemado.jpg?w=580&amp;ssl=1 580w, https:\/\/i0.wp.com\/eltrabajo.cl\/portal\/wp-content\/uploads\/2020\/03\/quemado.jpg?resize=300%2C186&amp;ssl=1 300w, https:\/\/i0.wp.com\/eltrabajo.cl\/portal\/wp-content\/uploads\/2020\/03\/quemado.jpg?resize=200%2C124&amp;ssl=1 200w, https:\/\/i0.wp.com\/eltrabajo.cl\/portal\/wp-content\/uploads\/2020\/03\/quemado.jpg?resize=242%2C150&amp;ssl=1 242w, https:\/\/i0.wp.com\/eltrabajo.cl\/portal\/wp-content\/uploads\/2020\/03\/quemado.jpg?resize=400%2C248&amp;ssl=1 400w\" sizes=\"auto, (max-width: 580px) 100vw, 580px\" \/><figcaption id=\"caption-attachment-97235\" class=\"wp-caption-text\">El autom\u00f3vil totalmente envuelto en llamas en plena v\u00eda p\u00fablica. (Foto putaendoinforma.com)<\/figcaption><\/figure>\n","protected":false},"excerpt":{"rendered":"<p>Bomberos de Putaendo: Totalmente destruido por el fuego result\u00f3 un autom\u00f3vil estacionado en la v\u00eda p\u00fablica en la comuna de Putaendo, fuego que se produjo en el mismo veh\u00edculo por causas que&#8230;<\/p>\n","protected":false},"author":482,"featured_media":97235,"comment_status":"open","ping_status":"open","sticky":false,"template":"","format":"standard","meta":{"advanced_seo_description":"","jetpack_seo_html_title":"","jetpack_seo_noindex":false,"_jetpack_memberships_contains_paid_content":false,"footnotes":""},"categories":[21],"tags":[],"class_list":["post-97234","post","type-post","status-publish","format-standard","has-post-thumbnail","hentry","category-policial"],"jetpack_featured_media_url":"https:\/\/i0.wp.com\/eltrabajo.cl\/portal\/wp-content\/uploads\/2020\/03\/quemado.jpg?fit=580%2C359&ssl=1","jetpack_sharing_enabled":true,"jetpack_likes_enabled":true,"jetpack-related-posts":[],"_links":{"self":[{"href":"https:\/\/eltrabajo.cl\/portal\/wp-json\/wp\/v2\/posts\/97234","targetHints":{"allow":["GET"]}}],"collection":[{"href":"https:\/\/eltrabajo.cl\/portal\/wp-json\/wp\/v2\/posts"}],"about":[{"href":"https:\/\/eltrabajo.cl\/portal\/wp-json\/wp\/v2\/types\/post"}],"author":[{"embeddable":true,"href":"https:\/\/eltrabajo.cl\/portal\/wp-json\/wp\/v2\/users\/482"}],"replies":[{"embeddable":true,"href":"https:\/\/eltrabajo.cl\/portal\/wp-json\/wp\/v2\/comments?post=97234"}],"version-history":[{"count":0,"href":"https:\/\/eltrabajo.cl\/portal\/wp-json\/wp\/v2\/posts\/97234\/revisions"}],"wp:featuredmedia":[{"embeddable":true,"href":"https:\/\/eltrabajo.cl\/portal\/wp-json\/wp\/v2\/media\/97235"}],"wp:attachment":[{"href":"https:\/\/eltrabajo.cl\/portal\/wp-json\/wp\/v2\/media?parent=97234"}],"wp:term":[{"taxonomy":"category","embeddable":true,"href":"https:\/\/eltrabajo.cl\/portal\/wp-json\/wp\/v2\/categories?post=97234"},{"taxonomy":"post_tag","embeddable":true,"href":"https:\/\/eltrabajo.cl\/portal\/wp-json\/wp\/v2\/tags?post=97234"}],"curies":[{"name":"wp","href":"https:\/\/api.w.org\/{rel}","templated":true}]}}