{"id":97237,"date":"2020-03-03T05:05:29","date_gmt":"2020-03-03T08:05:29","guid":{"rendered":"http:\/\/www.eltrabajo.cl\/portal\/?p=97237"},"modified":"2020-03-02T21:09:07","modified_gmt":"2020-03-03T00:09:07","slug":"fijan-para-el-23-de-marzo-inicio-juicio-oral-por-muerte-en-archivo-municipal","status":"publish","type":"post","link":"https:\/\/eltrabajo.cl\/portal\/fijan-para-el-23-de-marzo-inicio-juicio-oral-por-muerte-en-archivo-municipal\/","title":{"rendered":"Fijan para el 23 de marzo inicio juicio oral por muerte en archivo municipal"},"content":{"rendered":"<p>Para el pr\u00f3ximo lunes 23 de marzo est\u00e1 fijado que se realice el juicio oral por el homicidio simple de <strong>Susana Sanhueza Aravena<\/strong>, joven hallada sin vida al interior del archivero municipal en San Felipe, donde se encuentra acusado como \u00fanico autor, <strong>Cristian Andr\u00e9s Mu\u00f1oz Mu\u00f1oz<\/strong>.<\/p>\n<p>La informaci\u00f3n fue confirmada por el abogado del imputado, <strong>Mat\u00edas Mundaca<\/strong>, quien se\u00f1al\u00f3 que est\u00e1n esperando el inicio del juicio oral que durar\u00eda una semana.<\/p>\n<p>&#8211; <strong>\u00bfEn ese sentido est\u00e1n todos los informes?, porque el fiscal dice que su representado es imputable y usted dice que es inimputable. Es decir, \u00bfya est\u00e1 clarificado eso o no?<\/strong><\/p>\n<p>&#8211; Eso se tiene que clarificar en el juicio oral porque nosotros tenemos dos, tres informes; dos de ellos del Hospital Psiqui\u00e1trico Philippe Pinel, que es el instituto psiqui\u00e1trico que emite los informes a los juzgados de esa regi\u00f3n, que dicen que Cristian Mu\u00f1oz es inimputable, por lo tanto ah\u00ed va a haber una valoraci\u00f3n que tiene que hacer el Tribunal Oral, a qui\u00e9n le cree m\u00e1s, a los se\u00f1ores del Instituto M\u00e9dico Legal que lo examinaron diez minutos, o a las personas que han tratado a este muchacho en los \u00faltimos dos a\u00f1os.<\/p>\n<p>De todas manera aclara que su estrategia se basa en que es inimputable, que adem\u00e1s est\u00e1n claros que ac\u00e1 no hubo homicidio; podr\u00eda haber uno por omisi\u00f3n o cuasidelito probablemente, porque no se le prestaron los auxilios debidos a la v\u00edctima, <em>\u00abpero claramente nosotros pensamos que el fallecimiento se produjo por causas ajenas a la voluntad de Cristian y que provienen de un coma diab\u00e9tico que sufri\u00f3 la v\u00edctima por no inyectarse la insulina, porque dej\u00f3 la inyecci\u00f3n en su casa, eso est\u00e1 acreditado en la investigaci\u00f3n. Por lo tanto la muerte de la v\u00edctima es compatible con un shock diab\u00e9tico, entonces ah\u00ed va a haber una cosa respecto a la autopsia, porque hay una que se practic\u00f3, tambi\u00e9n hay otro informe que hicimos nosotros con un m\u00e9dico legista que dice que la causa de la muerte no es el estrangulamiento, sino que es una asfixia producto de otro origen, digamos que en esta cuesti\u00f3n la cosa est\u00e1 bien compleja desde el punto de vista de c\u00f3mo ocurrieron los hechos, el manejo del sitio del suceso, la autopsia que se hizo, los informes psiqui\u00e1tricos, todo est\u00e1 por discutirse, eso lo va a tener que decidir el tribunal oral si es que es imputable o inimputable, que si hubo homicidio o no hubo homicidio, si mi cliente tiene una inimputabilidad disminuida, en cuyo caso la pena se va a rebajar en tres grados, eso todo se va a discutir en el juicio\u00bb.<\/em><\/p>\n<p>&#8211; <strong>\u00bfSi su representado fuera declarado inimputable, eso es al principio del juicio o una vez que finalice?<\/strong><\/p>\n<p>&#8211; No, no, una vez que finalice, el veredicto tiene que declararse si es culpable o inocente; si es culpable, por qu\u00e9, y si es inocente es porque no hay homicidio, si es porque \u00e9l no particip\u00f3 en el homicidio o porque derechamente \u00e9l no es responsable penalmente por mantener una enfermedad mental, una condici\u00f3n mental que lo hizo inimputable.<\/p>\n<p>&#8211; <strong>\u00bfQu\u00e9 le ha comentado \u00e9l sobre su caso, c\u00f3mo se encuentra, recuerda cosas de ese d\u00eda o no?<\/strong><\/p>\n<p>&#8211; S\u00ed, el recuerda lo que pas\u00f3, lo que ocurri\u00f3, recuerda que se asust\u00f3, que en ning\u00fan caso intervino o realiz\u00f3 alg\u00fan acto para producir la muerte, si era su amiga\u2026 la v\u00edctima era amiga de Cristian, no hay ning\u00fan motivo establecido en el curso de la investigaci\u00f3n que permitiera suponer que \u00e9l ten\u00eda un prop\u00f3sito homicida con ella, no hay ninguna cuesti\u00f3n de car\u00e1cter sexual de por medio, no hay agresi\u00f3n sexual, no hay agresi\u00f3n f\u00edsica, de manera que eso ser\u00e1 materia de discusi\u00f3n.<\/p>\n<p>&#8211; <strong>Cuando usted habla sobre la causa de la muerte, no tiene que ver con estrangulamiento, pero se hablaba que ella estaba con una bolsa en la cara.<\/strong><\/p>\n<p>&#8211; Claro, pero el hecho\u2026 No todas las personas que tienen una bolsa en la cara se asfixian, porque es necesario aplicar fuerza sobre el cuello de la v\u00edctima para los efectos de que ella no pueda reaccionar y sacarse la bolsa, y no hay se\u00f1as en el cuello de la v\u00edctima, ni tampoco hay se\u00f1as de heridas de defensa que haya sufrido la v\u00edctima, tanto en sus u\u00f1as, manos, en sus brazos, de manera tampoco es compatible los hallazgos de la autopsia, tampoco son compatibles con un estrangulamiento.<\/p>\n<p>&#8211; <strong>Cuando usted habla que puede ser cuasidelito, \u00bfcu\u00e1les son las penas que va arriesgando en ese caso?<\/strong><\/p>\n<p>&#8211; Bueno, el fiscal pidi\u00f3 doce a\u00f1os, el papel lo aguanta todo, pero si efectivamente el tribunal estima que hay homicidio, y si hay homicidio y el imputado no es imputable, veremos si el Tribunal establece si aqu\u00ed hay un homicidio por omisi\u00f3n, que tiene una pena m\u00e1s, o si hubo un cuasidelito de homicidio por no prestarle los auxilios correspondientes, en cuyo caso la pena baja dram\u00e1ticamente a presidio menor en su grado medio; es decir, estamos hablando de 18 meses a tres a\u00f1os, de manera que hay toda una larga tolerancia para las penas. Objetivamente se va a discutir todo, se va a discutir si hubo homicidio, si hubo participaci\u00f3n, si en definitiva mi cliente es responsable del homicidio, ah\u00ed no hay nada dicho, todo lo va a decir el Tribunal Oral.<\/p>\n<p>Al finalizar el abogado indic\u00f3 que tienen testigos y pericias particulares que presentar\u00e1n durante el juicio.<\/p>\n<p>Cabe recordar que el hallazgo de la joven Susana Sanhueza Aravena se produjo el d\u00eda 7 de marzo del 2017.<\/p>\n<p>&nbsp;<\/p>\n<figure id=\"attachment_97239\" aria-describedby=\"caption-attachment-97239\" style=\"width: 580px\" class=\"wp-caption alignnone\"><img data-recalc-dims=\"1\" loading=\"lazy\" decoding=\"async\" class=\"size-full wp-image-97239\" src=\"https:\/\/i0.wp.com\/www.eltrabajo.cl\/portal\/wp-content\/uploads\/2020\/03\/juicio-IMPUTADO-CRISTIAN-MUNOZ.jpg?resize=580%2C359\" alt=\"El imputado Cristian Andr\u00e9s Mu\u00f1oz Mu\u00f1oz el d\u00eda de control de detenci\u00f3n.\" width=\"580\" height=\"359\" srcset=\"https:\/\/i0.wp.com\/eltrabajo.cl\/portal\/wp-content\/uploads\/2020\/03\/juicio-IMPUTADO-CRISTIAN-MUNOZ.jpg?w=580&amp;ssl=1 580w, https:\/\/i0.wp.com\/eltrabajo.cl\/portal\/wp-content\/uploads\/2020\/03\/juicio-IMPUTADO-CRISTIAN-MUNOZ.jpg?resize=300%2C186&amp;ssl=1 300w, https:\/\/i0.wp.com\/eltrabajo.cl\/portal\/wp-content\/uploads\/2020\/03\/juicio-IMPUTADO-CRISTIAN-MUNOZ.jpg?resize=200%2C124&amp;ssl=1 200w, https:\/\/i0.wp.com\/eltrabajo.cl\/portal\/wp-content\/uploads\/2020\/03\/juicio-IMPUTADO-CRISTIAN-MUNOZ.jpg?resize=242%2C150&amp;ssl=1 242w, https:\/\/i0.wp.com\/eltrabajo.cl\/portal\/wp-content\/uploads\/2020\/03\/juicio-IMPUTADO-CRISTIAN-MUNOZ.jpg?resize=400%2C248&amp;ssl=1 400w\" sizes=\"auto, (max-width: 580px) 100vw, 580px\" \/><figcaption id=\"caption-attachment-97239\" class=\"wp-caption-text\">El imputado Cristian Andr\u00e9s Mu\u00f1oz Mu\u00f1oz el d\u00eda de control de detenci\u00f3n.<\/figcaption><\/figure>\n<p>&nbsp;<\/p>\n<figure id=\"attachment_97238\" aria-describedby=\"caption-attachment-97238\" style=\"width: 578px\" class=\"wp-caption alignnone\"><img data-recalc-dims=\"1\" loading=\"lazy\" decoding=\"async\" class=\"size-full wp-image-97238\" src=\"https:\/\/i0.wp.com\/www.eltrabajo.cl\/portal\/wp-content\/uploads\/2020\/03\/juicio-CADAVER-MUJER.jpg?resize=578%2C461\" alt=\"Personal del SML retirando el cuerpo de Susana Sanhueza Aravena, encontrado en el archivero municipal ubicado en Prat.\" width=\"578\" height=\"461\" srcset=\"https:\/\/i0.wp.com\/eltrabajo.cl\/portal\/wp-content\/uploads\/2020\/03\/juicio-CADAVER-MUJER.jpg?w=578&amp;ssl=1 578w, https:\/\/i0.wp.com\/eltrabajo.cl\/portal\/wp-content\/uploads\/2020\/03\/juicio-CADAVER-MUJER.jpg?resize=300%2C239&amp;ssl=1 300w, https:\/\/i0.wp.com\/eltrabajo.cl\/portal\/wp-content\/uploads\/2020\/03\/juicio-CADAVER-MUJER.jpg?resize=188%2C150&amp;ssl=1 188w, https:\/\/i0.wp.com\/eltrabajo.cl\/portal\/wp-content\/uploads\/2020\/03\/juicio-CADAVER-MUJER.jpg?resize=400%2C319&amp;ssl=1 400w\" sizes=\"auto, (max-width: 578px) 100vw, 578px\" \/><figcaption id=\"caption-attachment-97238\" class=\"wp-caption-text\">Personal del SML retirando el cuerpo de Susana Sanhueza Aravena, encontrado en el archivero municipal ubicado en Prat.<\/figcaption><\/figure>\n<p>&nbsp;<\/p>\n<figure id=\"attachment_97240\" aria-describedby=\"caption-attachment-97240\" style=\"width: 580px\" class=\"wp-caption alignnone\"><img data-recalc-dims=\"1\" loading=\"lazy\" decoding=\"async\" class=\"size-full wp-image-97240\" src=\"https:\/\/i0.wp.com\/www.eltrabajo.cl\/portal\/wp-content\/uploads\/2020\/03\/juicio-Susana-Sanhueza-1.jpg?resize=580%2C633\" alt=\"Susana Sanhueza Aravena.\" width=\"580\" height=\"633\" srcset=\"https:\/\/i0.wp.com\/eltrabajo.cl\/portal\/wp-content\/uploads\/2020\/03\/juicio-Susana-Sanhueza-1.jpg?w=580&amp;ssl=1 580w, https:\/\/i0.wp.com\/eltrabajo.cl\/portal\/wp-content\/uploads\/2020\/03\/juicio-Susana-Sanhueza-1.jpg?resize=275%2C300&amp;ssl=1 275w, https:\/\/i0.wp.com\/eltrabajo.cl\/portal\/wp-content\/uploads\/2020\/03\/juicio-Susana-Sanhueza-1.jpg?resize=137%2C150&amp;ssl=1 137w, https:\/\/i0.wp.com\/eltrabajo.cl\/portal\/wp-content\/uploads\/2020\/03\/juicio-Susana-Sanhueza-1.jpg?resize=400%2C437&amp;ssl=1 400w\" sizes=\"auto, (max-width: 580px) 100vw, 580px\" \/><figcaption id=\"caption-attachment-97240\" class=\"wp-caption-text\">Susana Sanhueza Aravena.<\/figcaption><\/figure>\n","protected":false},"excerpt":{"rendered":"<p>Para el pr\u00f3ximo lunes 23 de marzo est\u00e1 fijado que se realice el juicio oral por el homicidio simple de Susana Sanhueza Aravena, joven hallada sin vida al interior del archivero municipal&#8230;<\/p>\n","protected":false},"author":482,"featured_media":97239,"comment_status":"open","ping_status":"open","sticky":false,"template":"","format":"standard","meta":{"advanced_seo_description":"","jetpack_seo_html_title":"","jetpack_seo_noindex":false,"_jetpack_memberships_contains_paid_content":false,"footnotes":""},"categories":[97],"tags":[],"class_list":["post-97237","post","type-post","status-publish","format-standard","has-post-thumbnail","hentry","category-tribunales"],"jetpack_featured_media_url":"https:\/\/i0.wp.com\/eltrabajo.cl\/portal\/wp-content\/uploads\/2020\/03\/juicio-IMPUTADO-CRISTIAN-MUNOZ.jpg?fit=580%2C359&ssl=1","jetpack_sharing_enabled":true,"jetpack_likes_enabled":true,"jetpack-related-posts":[],"_links":{"self":[{"href":"https:\/\/eltrabajo.cl\/portal\/wp-json\/wp\/v2\/posts\/97237","targetHints":{"allow":["GET"]}}],"collection":[{"href":"https:\/\/eltrabajo.cl\/portal\/wp-json\/wp\/v2\/posts"}],"about":[{"href":"https:\/\/eltrabajo.cl\/portal\/wp-json\/wp\/v2\/types\/post"}],"author":[{"embeddable":true,"href":"https:\/\/eltrabajo.cl\/portal\/wp-json\/wp\/v2\/users\/482"}],"replies":[{"embeddable":true,"href":"https:\/\/eltrabajo.cl\/portal\/wp-json\/wp\/v2\/comments?post=97237"}],"version-history":[{"count":0,"href":"https:\/\/eltrabajo.cl\/portal\/wp-json\/wp\/v2\/posts\/97237\/revisions"}],"wp:featuredmedia":[{"embeddable":true,"href":"https:\/\/eltrabajo.cl\/portal\/wp-json\/wp\/v2\/media\/97239"}],"wp:attachment":[{"href":"https:\/\/eltrabajo.cl\/portal\/wp-json\/wp\/v2\/media?parent=97237"}],"wp:term":[{"taxonomy":"category","embeddable":true,"href":"https:\/\/eltrabajo.cl\/portal\/wp-json\/wp\/v2\/categories?post=97237"},{"taxonomy":"post_tag","embeddable":true,"href":"https:\/\/eltrabajo.cl\/portal\/wp-json\/wp\/v2\/tags?post=97237"}],"curies":[{"name":"wp","href":"https:\/\/api.w.org\/{rel}","templated":true}]}}