{"id":97253,"date":"2020-03-04T05:02:00","date_gmt":"2020-03-04T08:02:00","guid":{"rendered":"http:\/\/www.eltrabajo.cl\/portal\/?p=97253"},"modified":"2020-03-03T21:04:11","modified_gmt":"2020-03-04T00:04:11","slug":"marzo-es-el-mes-de-aniversario-del-cuerpo-de-bomberos-de-san-felipe","status":"publish","type":"post","link":"https:\/\/eltrabajo.cl\/portal\/marzo-es-el-mes-de-aniversario-del-cuerpo-de-bomberos-de-san-felipe\/","title":{"rendered":"Marzo es el mes de aniversario del Cuerpo de Bomberos de San Felipe"},"content":{"rendered":"<p><span style=\"color: #ff0000;\"><strong>Ceremonias, Bautizo y mucha alegr\u00eda de la familia bomberil:<\/strong><\/span><\/p>\n<p>Este mes de marzo el Cuerpo de Bomberos de San Felipe est\u00e1 de fiesta, pues el pr\u00f3ximo mi\u00e9rcoles 11 de marzo estar\u00e1 cumpliendo 137 a\u00f1os de servicio social y humanitario de manera ininterrumpida, por tal raz\u00f3n durante todo el mes de marzo distintas actividades conmemorativas ser\u00e1n desarrolladas en varias de sus siete Compa\u00f1\u00edas.<\/p>\n<p>Tambi\u00e9n por la misma raz\u00f3n ayer martes <strong>Diario El Trabajo<\/strong> habl\u00f3 con <strong><em>Julio Hardoy Baylaucq<\/em><\/strong>, superintendente del Cuerpo de Bomberos de San Felipe, quien nos coment\u00f3 que \u00ab<em>este a\u00f1o celebraremos justamente el aniversario N\u00ba137 del Cuerpo de Bomberos de San Felipe que es la cuna de los bomberos de Aconcagua, el segundo Cuerpo de Bomberos m\u00e1s antiguo de la V Regi\u00f3n y uno de los m\u00e1s antiguos de todo Chile. Nos pilla este aniversario en un muy bien pie institucional pese a que hemos tenido algunos inconvenientes de orden presupuestario producto de la baja de la entrega de recursos por parte del Estado de Chile<\/em>\u00bb, coment\u00f3 Hardoy.<\/p>\n<p>&nbsp;<\/p>\n<p><span style=\"color: #ff0000;\"><strong>\u00abNOS SENTIMOS\u00a0MUY QUERIDOS\u00bb<\/strong><\/span><\/p>\n<p>La m\u00e1xima autoridad bomberil explic\u00f3 a nuestro medio que en la actualidad y desde siempre la sociedad chilena ha manifestado un gran cari\u00f1o por esta instituci\u00f3n y por cada uno de sus miembros.<\/p>\n<p>&#8211; <strong>\u00bfCu\u00e1l es el primer capital del Cuerpo de Bomberos de San Felipe?<\/strong><\/p>\n<p>&#8211; El principal capital que tenemos en Bomberos son sus 420 integrantes entre hombres y mujeres bomberos, en el \u00faltimo tiempo y por la crisis social que ha vivido el pa\u00eds ha ingresado much\u00edsima gente joven que ve que en Bomberos hay una instancia val\u00f3rica rescatable. Bomberos de Chile sigue siendo una instituci\u00f3n tremendamente querida, los bomberos nos sentimos queridos y es algo que agradecemos a todos.<\/p>\n<p>&#8211; <strong>\u00bfPor cu\u00e1ntos d\u00edas estar\u00e1n celebrando este aniversario?<\/strong><\/p>\n<p>&#8211; Es un mes completo. Todo marzo. Las actividades comienzan este fin de semana con actividades tradicionales, por ejemplo este a\u00f1o nuestro Bautizo lo haremos sin agua a causa de la sequ\u00eda hemos modificado esta actividad, ser\u00e1 el tercer domingo de marzo. El 11 de marzo ser\u00e1 nuestra sesi\u00f3n solemne, misma que este a\u00f1o la estaremos realizando en el cuartel de la Segunda Compa\u00f1\u00eda, el m\u00e1s grande de todo el Cuerpo. Tambi\u00e9n estaremos entregando agua de unos estanques en sectores de secano, es agua potable pero ya lleva mucho tiempo almacenada.<\/p>\n<p>&#8211; <strong>\u00bfCu\u00e1l es la realidad actual del Cuerpo de Bomberos?<\/strong><\/p>\n<p>&#8211; Actualmente estamos en proceso de construcci\u00f3n de tres cuarteles de Bomberos de la Primera, Quinta y Sexta Compa\u00f1\u00edas, tambi\u00e9n en los pr\u00f3ximos d\u00edas procedentes de Estados Unidos a Chile, un carro con escala mec\u00e1nica, adem\u00e1s estamos en la implementaci\u00f3n de material menor para los bomberos y compra de equipamiento de protecci\u00f3n personal para todos los bomberos situaci\u00f3n que ha sido in\u00e9dita, que se ha comprado gracias a los aportes que hacen los socios cooperadores.<\/p>\n<p>&#8211; <strong>\u00bfCu\u00e1ntos a\u00f1os lleva usted en el cargo de superintendente y en el Cuerpo de Bomberos?<\/strong><\/p>\n<p>&#8211; Este a\u00f1o para m\u00ed es muy importante porque cumplo diez a\u00f1os en el cargo de superintendente con once elecciones y soy en este momento el tercer superintendente con mayor permanencia en el cargo en la historia del Cuerpo de Bomberos de San Felipe, despu\u00e9s de Pablo Casas y Abelardo Pizarro, dos grandes personajes que forman parte de los 30 hombres que han dirigido la instituci\u00f3n, soy el superintendente N\u00ba30, adem\u00e1s llevo en estricto rigor ya 32 a\u00f1os de servicio como bombero.<\/p>\n<p>Hoy tambi\u00e9n todos quienes laboramos en <strong>Diario El Trabajo<\/strong> queremos unirnos al esp\u00edritu altruista de Bomberos de San Felipe, deseando a tan digna instituci\u00f3n un mejor a\u00f1o para sus filas vivientes de voluntarios activos y en retiro.<\/p>\n<p><strong>Roberto Gonz\u00e1lez Short<\/strong><\/p>\n<p>&nbsp;<\/p>\n<figure id=\"attachment_97257\" aria-describedby=\"caption-attachment-97257\" style=\"width: 580px\" class=\"wp-caption alignnone\"><img data-recalc-dims=\"1\" loading=\"lazy\" decoding=\"async\" class=\"size-full wp-image-97257\" src=\"https:\/\/i0.wp.com\/www.eltrabajo.cl\/portal\/wp-content\/uploads\/2020\/03\/Bomberos3.jpg?resize=580%2C359\" alt=\"AQUELLA GENERACI\u00d3N.- Este desfile de aniversario se vivi\u00f3 el 11 de marzo de 1968, aqu\u00ed vemos  a los bomberos del ayer por nuestras calles de la ciudad. (Archivo)\" width=\"580\" height=\"359\" srcset=\"https:\/\/i0.wp.com\/eltrabajo.cl\/portal\/wp-content\/uploads\/2020\/03\/Bomberos3.jpg?w=580&amp;ssl=1 580w, https:\/\/i0.wp.com\/eltrabajo.cl\/portal\/wp-content\/uploads\/2020\/03\/Bomberos3.jpg?resize=300%2C186&amp;ssl=1 300w, https:\/\/i0.wp.com\/eltrabajo.cl\/portal\/wp-content\/uploads\/2020\/03\/Bomberos3.jpg?resize=200%2C124&amp;ssl=1 200w, https:\/\/i0.wp.com\/eltrabajo.cl\/portal\/wp-content\/uploads\/2020\/03\/Bomberos3.jpg?resize=242%2C150&amp;ssl=1 242w, https:\/\/i0.wp.com\/eltrabajo.cl\/portal\/wp-content\/uploads\/2020\/03\/Bomberos3.jpg?resize=400%2C248&amp;ssl=1 400w\" sizes=\"auto, (max-width: 580px) 100vw, 580px\" \/><figcaption id=\"caption-attachment-97257\" class=\"wp-caption-text\">AQUELLA GENERACI\u00d3N.- Este desfile de aniversario se vivi\u00f3 el 11 de marzo de 1968, aqu\u00ed vemos a los bomberos del ayer por nuestras calles de la ciudad. (Archivo)<\/figcaption><\/figure>\n<p>&nbsp;<\/p>\n<figure id=\"attachment_97256\" aria-describedby=\"caption-attachment-97256\" style=\"width: 580px\" class=\"wp-caption alignnone\"><img data-recalc-dims=\"1\" loading=\"lazy\" decoding=\"async\" class=\"size-full wp-image-97256\" src=\"https:\/\/i0.wp.com\/www.eltrabajo.cl\/portal\/wp-content\/uploads\/2020\/03\/Bomberos2.jpg?resize=580%2C359\" alt=\"A TODO TERRENO.- Las 24 horas del d\u00eda los 365 d\u00edas del a\u00f1o los Caballeros del Fuego atienden emergencias de todo tipo en Aconcagua.\" width=\"580\" height=\"359\" srcset=\"https:\/\/i0.wp.com\/eltrabajo.cl\/portal\/wp-content\/uploads\/2020\/03\/Bomberos2.jpg?w=580&amp;ssl=1 580w, https:\/\/i0.wp.com\/eltrabajo.cl\/portal\/wp-content\/uploads\/2020\/03\/Bomberos2.jpg?resize=300%2C186&amp;ssl=1 300w, https:\/\/i0.wp.com\/eltrabajo.cl\/portal\/wp-content\/uploads\/2020\/03\/Bomberos2.jpg?resize=200%2C124&amp;ssl=1 200w, https:\/\/i0.wp.com\/eltrabajo.cl\/portal\/wp-content\/uploads\/2020\/03\/Bomberos2.jpg?resize=242%2C150&amp;ssl=1 242w, https:\/\/i0.wp.com\/eltrabajo.cl\/portal\/wp-content\/uploads\/2020\/03\/Bomberos2.jpg?resize=400%2C248&amp;ssl=1 400w\" sizes=\"auto, (max-width: 580px) 100vw, 580px\" \/><figcaption id=\"caption-attachment-97256\" class=\"wp-caption-text\">A TODO TERRENO.- Las 24 horas del d\u00eda los 365 d\u00edas del a\u00f1o los Caballeros del Fuego atienden emergencias de todo tipo en Aconcagua.<\/figcaption><\/figure>\n<p>&nbsp;<\/p>\n<figure id=\"attachment_97255\" aria-describedby=\"caption-attachment-97255\" style=\"width: 578px\" class=\"wp-caption alignnone\"><img data-recalc-dims=\"1\" loading=\"lazy\" decoding=\"async\" class=\"size-full wp-image-97255\" src=\"https:\/\/i0.wp.com\/www.eltrabajo.cl\/portal\/wp-content\/uploads\/2020\/03\/Bomberos1.jpg?resize=578%2C208\" alt=\"NUESTROS H\u00c9ROES LOCALES.- Son 137 a\u00f1os de entrega abnegada los que el Cuerpo de Bomberos de San Felipe estar\u00e1 cumpliendo el pr\u00f3ximo mi\u00e9rcoles 11 de marzo.\" width=\"578\" height=\"208\" srcset=\"https:\/\/i0.wp.com\/eltrabajo.cl\/portal\/wp-content\/uploads\/2020\/03\/Bomberos1.jpg?w=578&amp;ssl=1 578w, https:\/\/i0.wp.com\/eltrabajo.cl\/portal\/wp-content\/uploads\/2020\/03\/Bomberos1.jpg?resize=300%2C108&amp;ssl=1 300w, https:\/\/i0.wp.com\/eltrabajo.cl\/portal\/wp-content\/uploads\/2020\/03\/Bomberos1.jpg?resize=200%2C72&amp;ssl=1 200w, https:\/\/i0.wp.com\/eltrabajo.cl\/portal\/wp-content\/uploads\/2020\/03\/Bomberos1.jpg?resize=400%2C144&amp;ssl=1 400w\" sizes=\"auto, (max-width: 578px) 100vw, 578px\" \/><figcaption id=\"caption-attachment-97255\" class=\"wp-caption-text\">NUESTROS H\u00c9ROES LOCALES.- Son 137 a\u00f1os de entrega abnegada los que el Cuerpo de Bomberos de San Felipe estar\u00e1 cumpliendo el pr\u00f3ximo mi\u00e9rcoles 11 de marzo.<\/figcaption><\/figure>\n<p>&nbsp;<\/p>\n<figure id=\"attachment_97254\" aria-describedby=\"caption-attachment-97254\" style=\"width: 579px\" class=\"wp-caption alignnone\"><img data-recalc-dims=\"1\" loading=\"lazy\" decoding=\"async\" class=\"size-full wp-image-97254\" src=\"https:\/\/i0.wp.com\/www.eltrabajo.cl\/portal\/wp-content\/uploads\/2020\/03\/Bomberos_Julio-Hardoy.jpg?resize=579%2C627\" alt=\"Julio Hardoy Baylaucq, superintendente del Cuerpo de Bomberos de San Felipe.\" width=\"579\" height=\"627\" srcset=\"https:\/\/i0.wp.com\/eltrabajo.cl\/portal\/wp-content\/uploads\/2020\/03\/Bomberos_Julio-Hardoy.jpg?w=579&amp;ssl=1 579w, https:\/\/i0.wp.com\/eltrabajo.cl\/portal\/wp-content\/uploads\/2020\/03\/Bomberos_Julio-Hardoy.jpg?resize=277%2C300&amp;ssl=1 277w, https:\/\/i0.wp.com\/eltrabajo.cl\/portal\/wp-content\/uploads\/2020\/03\/Bomberos_Julio-Hardoy.jpg?resize=139%2C150&amp;ssl=1 139w, https:\/\/i0.wp.com\/eltrabajo.cl\/portal\/wp-content\/uploads\/2020\/03\/Bomberos_Julio-Hardoy.jpg?resize=400%2C433&amp;ssl=1 400w\" sizes=\"auto, (max-width: 579px) 100vw, 579px\" \/><figcaption id=\"caption-attachment-97254\" class=\"wp-caption-text\">Julio Hardoy Baylaucq, superintendente del Cuerpo de Bomberos de San Felipe.<\/figcaption><\/figure>\n","protected":false},"excerpt":{"rendered":"<p>Ceremonias, Bautizo y mucha alegr\u00eda de la familia bomberil: Este mes de marzo el Cuerpo de Bomberos de San Felipe est\u00e1 de fiesta, pues el pr\u00f3ximo mi\u00e9rcoles 11 de marzo estar\u00e1 cumpliendo&#8230;<\/p>\n","protected":false},"author":482,"featured_media":97257,"comment_status":"open","ping_status":"open","sticky":false,"template":"","format":"standard","meta":{"advanced_seo_description":"","jetpack_seo_html_title":"","jetpack_seo_noindex":false,"_jetpack_memberships_contains_paid_content":false,"footnotes":""},"categories":[15],"tags":[],"class_list":["post-97253","post","type-post","status-publish","format-standard","has-post-thumbnail","hentry","category-comunidad"],"jetpack_featured_media_url":"https:\/\/i0.wp.com\/eltrabajo.cl\/portal\/wp-content\/uploads\/2020\/03\/Bomberos3.jpg?fit=580%2C359&ssl=1","jetpack_sharing_enabled":true,"jetpack_likes_enabled":true,"jetpack-related-posts":[],"_links":{"self":[{"href":"https:\/\/eltrabajo.cl\/portal\/wp-json\/wp\/v2\/posts\/97253","targetHints":{"allow":["GET"]}}],"collection":[{"href":"https:\/\/eltrabajo.cl\/portal\/wp-json\/wp\/v2\/posts"}],"about":[{"href":"https:\/\/eltrabajo.cl\/portal\/wp-json\/wp\/v2\/types\/post"}],"author":[{"embeddable":true,"href":"https:\/\/eltrabajo.cl\/portal\/wp-json\/wp\/v2\/users\/482"}],"replies":[{"embeddable":true,"href":"https:\/\/eltrabajo.cl\/portal\/wp-json\/wp\/v2\/comments?post=97253"}],"version-history":[{"count":0,"href":"https:\/\/eltrabajo.cl\/portal\/wp-json\/wp\/v2\/posts\/97253\/revisions"}],"wp:featuredmedia":[{"embeddable":true,"href":"https:\/\/eltrabajo.cl\/portal\/wp-json\/wp\/v2\/media\/97257"}],"wp:attachment":[{"href":"https:\/\/eltrabajo.cl\/portal\/wp-json\/wp\/v2\/media?parent=97253"}],"wp:term":[{"taxonomy":"category","embeddable":true,"href":"https:\/\/eltrabajo.cl\/portal\/wp-json\/wp\/v2\/categories?post=97253"},{"taxonomy":"post_tag","embeddable":true,"href":"https:\/\/eltrabajo.cl\/portal\/wp-json\/wp\/v2\/tags?post=97253"}],"curies":[{"name":"wp","href":"https:\/\/api.w.org\/{rel}","templated":true}]}}