{"id":97269,"date":"2020-03-04T05:06:16","date_gmt":"2020-03-04T08:06:16","guid":{"rendered":"http:\/\/www.eltrabajo.cl\/portal\/?p=97269"},"modified":"2020-03-03T21:10:59","modified_gmt":"2020-03-04T00:10:59","slug":"nueve-personas-detenidas-durante-noche-de-manifestaciones-en-san-felipe","status":"publish","type":"post","link":"https:\/\/eltrabajo.cl\/portal\/nueve-personas-detenidas-durante-noche-de-manifestaciones-en-san-felipe\/","title":{"rendered":"Nueve personas detenidas durante noche de manifestaciones en San Felipe"},"content":{"rendered":"<p>Carabineros de San Felipe, por medio del comisario de la Segunda Comisar\u00eda, mayor <strong>Mauricio Guzm\u00e1n Yuri<\/strong>, inform\u00f3 que producto de las distintas manifestaciones durante la noche de este lunes, un total de nueve personas resultaron detenidas; tres por des\u00f3rdenes y seis por da\u00f1os.<\/p>\n<p>Indic\u00f3 que todo comenz\u00f3 a eso de las 21:30 horas con\u00a0 una marcha que pas\u00f3 por distintas partes de la ciudad; <em>\u00abmientras iba avanzando, algunas personas iban quemando basura, cartones, bolsas, con el fin de realizar barricadas, lo que fue Maip\u00fa\/Prat, Merced tambi\u00e9n y otras\u00a0 calles c\u00e9ntricas de la comuna; la verdad que hubo bastantes des\u00f3rdenes. Carabineros procedi\u00f3 con disuasivos qu\u00edmicos, no se utiliz\u00f3 m\u00e1s que nada eso y se pudo despejar el sector c\u00e9ntrico\u00bb,<\/em> se\u00f1al\u00f3 el mayor Guzm\u00e1n.<\/p>\n<p>Posteriormente, seg\u00fan el oficial,\u00a0 las personas se trasladaron al sector de la cancha de tenis ubicada en avenida Yungay con Chacabuco, donde pas\u00f3 la misma situaci\u00f3n: \u00abArrojaron piedras y objetos contundentes contra Carabineros, debiendo nuevamente usar disuasivos qu\u00edmicos. La verdad que es un sector bastante complejo ya que el colindante hay muchas casas habitaci\u00f3n; s\u00e9 que es una molestia para los vecinos, que han tenido que soportar muchas veces los actos vand\u00e1licos, cortes de las mismas barricadas, pero se procedi\u00f3 de la forma m\u00e1s r\u00e1pida posible y posteriormente nos retiramos del lugar\u00bb, se\u00f1al\u00f3 Guzm\u00e1n.<\/p>\n<p>Como consecuencia de todo este operativo nocturno, en el sector c\u00e9ntrico hubo tres detenidos por des\u00f3rdenes y seis por da\u00f1os a la estatua del <strong>\u2018Soldado del Pac\u00edfico\u2019<\/strong>, los cuales pasaron a control de detenci\u00f3n por da\u00f1os en bienes de uso p\u00fablico, declarando ilegal su detenci\u00f3n (ver nota aparte).<\/p>\n<p>El mayor Mauricio Guzm\u00e1n Yuri dijo en horas de la ma\u00f1ana de ayer que Carabineros no hab\u00eda recibido denuncias de da\u00f1os a la propiedad privada, ni saqueos.<\/p>\n<p>Insisti\u00f3 que cuando se producen protestas hay incomodidades para la gente, impidi\u00e9ndose el libre tr\u00e1nsito de las personas: <em>\u00abInsisto y lo vuelvo a repetir para la misma gente que vive y tiene que soportar muchas veces en el sector de la cancha de tenis muchas veces, las molestias en el lugar, ya que lo toman como punto de encuentro en San Felipe\u00bb, <\/em>asever\u00f3 el mayor Guzm\u00e1n.<\/p>\n<p>Consultado sobre hechos similares en otras comunas dependientes de la Segunda Comisar\u00eda, indic\u00f3 que no hubo, destacando que estuvo bastante tranquilo, esperando que esto vaya decantando y volviendo a la normalidad: <em>\u00abSe ve que la cantidad de gente en las marchas es mucho menor, empezamos con gran cantidad de familias, ahora se han desmarcado, precisamente son j\u00f3venes. Insisto, ayer hubo un menor de 13 a\u00f1os que estaba arrojando piedras a Carabineros, ese menor tendr\u00e1 mam\u00e1 y pap\u00e1, fue conducido hasta la unidad y entregado a un adulto responsable, pero es preocupante que ni\u00f1os tan chicos se vean involucrados en esto y se pueda producir alg\u00fan problema, puede resultar lesionado o da\u00f1ado\u00bb,<\/em> se\u00f1al\u00f3.<\/p>\n<p>No se reportaron funcionarios de Carabineros lesionados.<\/p>\n<p>&nbsp;<\/p>\n<figure id=\"attachment_97271\" aria-describedby=\"caption-attachment-97271\" style=\"width: 580px\" class=\"wp-caption alignnone\"><img data-recalc-dims=\"1\" loading=\"lazy\" decoding=\"async\" class=\"size-full wp-image-97271\" src=\"https:\/\/i0.wp.com\/www.eltrabajo.cl\/portal\/wp-content\/uploads\/2020\/03\/incidentes-Estatua-copia.jpg?resize=580%2C435\" alt=\"As\u00ed qued\u00f3 la estatua del \u2018Soldado del Pac\u00edfico\u2019 ubicada en la Avenida O&#96;Higgins, frente a donde se ubicaba el ex regimiento Yungay.\" width=\"580\" height=\"435\" srcset=\"https:\/\/i0.wp.com\/eltrabajo.cl\/portal\/wp-content\/uploads\/2020\/03\/incidentes-Estatua-copia.jpg?w=580&amp;ssl=1 580w, https:\/\/i0.wp.com\/eltrabajo.cl\/portal\/wp-content\/uploads\/2020\/03\/incidentes-Estatua-copia.jpg?resize=300%2C225&amp;ssl=1 300w, https:\/\/i0.wp.com\/eltrabajo.cl\/portal\/wp-content\/uploads\/2020\/03\/incidentes-Estatua-copia.jpg?resize=200%2C150&amp;ssl=1 200w, https:\/\/i0.wp.com\/eltrabajo.cl\/portal\/wp-content\/uploads\/2020\/03\/incidentes-Estatua-copia.jpg?resize=400%2C300&amp;ssl=1 400w\" sizes=\"auto, (max-width: 580px) 100vw, 580px\" \/><figcaption id=\"caption-attachment-97271\" class=\"wp-caption-text\">As\u00ed qued\u00f3 la estatua del \u2018Soldado del Pac\u00edfico\u2019 ubicada en la Avenida O`Higgins, frente a donde se ubicaba el ex regimiento Yungay.<\/figcaption><\/figure>\n<p>&nbsp;<\/p>\n<figure id=\"attachment_97270\" aria-describedby=\"caption-attachment-97270\" style=\"width: 580px\" class=\"wp-caption alignnone\"><img data-recalc-dims=\"1\" loading=\"lazy\" decoding=\"async\" class=\"size-full wp-image-97270\" src=\"https:\/\/i0.wp.com\/www.eltrabajo.cl\/portal\/wp-content\/uploads\/2020\/03\/incidentes-Barricadas.jpg?resize=580%2C359\" alt=\"Fogatas en pleno centro de San Felipe dejaron los incidentes del lunes en la noche.\" width=\"580\" height=\"359\" srcset=\"https:\/\/i0.wp.com\/eltrabajo.cl\/portal\/wp-content\/uploads\/2020\/03\/incidentes-Barricadas.jpg?w=580&amp;ssl=1 580w, https:\/\/i0.wp.com\/eltrabajo.cl\/portal\/wp-content\/uploads\/2020\/03\/incidentes-Barricadas.jpg?resize=300%2C186&amp;ssl=1 300w, https:\/\/i0.wp.com\/eltrabajo.cl\/portal\/wp-content\/uploads\/2020\/03\/incidentes-Barricadas.jpg?resize=200%2C124&amp;ssl=1 200w, https:\/\/i0.wp.com\/eltrabajo.cl\/portal\/wp-content\/uploads\/2020\/03\/incidentes-Barricadas.jpg?resize=242%2C150&amp;ssl=1 242w, https:\/\/i0.wp.com\/eltrabajo.cl\/portal\/wp-content\/uploads\/2020\/03\/incidentes-Barricadas.jpg?resize=400%2C248&amp;ssl=1 400w\" sizes=\"auto, (max-width: 580px) 100vw, 580px\" \/><figcaption id=\"caption-attachment-97270\" class=\"wp-caption-text\">Fogatas en pleno centro de San Felipe dejaron los incidentes del lunes en la noche.<\/figcaption><\/figure>\n","protected":false},"excerpt":{"rendered":"<p>Carabineros de San Felipe, por medio del comisario de la Segunda Comisar\u00eda, mayor Mauricio Guzm\u00e1n Yuri, inform\u00f3 que producto de las distintas manifestaciones durante la noche de este lunes, un total de&#8230;<\/p>\n","protected":false},"author":482,"featured_media":97272,"comment_status":"open","ping_status":"open","sticky":false,"template":"","format":"standard","meta":{"advanced_seo_description":"","jetpack_seo_html_title":"","jetpack_seo_noindex":false,"_jetpack_memberships_contains_paid_content":false,"footnotes":""},"categories":[21],"tags":[],"class_list":["post-97269","post","type-post","status-publish","format-standard","has-post-thumbnail","hentry","category-policial"],"jetpack_featured_media_url":"https:\/\/i0.wp.com\/eltrabajo.cl\/portal\/wp-content\/uploads\/2020\/03\/incidentes-Estatua.jpg?fit=580%2C359&ssl=1","jetpack_sharing_enabled":true,"jetpack_likes_enabled":true,"jetpack-related-posts":[],"_links":{"self":[{"href":"https:\/\/eltrabajo.cl\/portal\/wp-json\/wp\/v2\/posts\/97269","targetHints":{"allow":["GET"]}}],"collection":[{"href":"https:\/\/eltrabajo.cl\/portal\/wp-json\/wp\/v2\/posts"}],"about":[{"href":"https:\/\/eltrabajo.cl\/portal\/wp-json\/wp\/v2\/types\/post"}],"author":[{"embeddable":true,"href":"https:\/\/eltrabajo.cl\/portal\/wp-json\/wp\/v2\/users\/482"}],"replies":[{"embeddable":true,"href":"https:\/\/eltrabajo.cl\/portal\/wp-json\/wp\/v2\/comments?post=97269"}],"version-history":[{"count":0,"href":"https:\/\/eltrabajo.cl\/portal\/wp-json\/wp\/v2\/posts\/97269\/revisions"}],"wp:featuredmedia":[{"embeddable":true,"href":"https:\/\/eltrabajo.cl\/portal\/wp-json\/wp\/v2\/media\/97272"}],"wp:attachment":[{"href":"https:\/\/eltrabajo.cl\/portal\/wp-json\/wp\/v2\/media?parent=97269"}],"wp:term":[{"taxonomy":"category","embeddable":true,"href":"https:\/\/eltrabajo.cl\/portal\/wp-json\/wp\/v2\/categories?post=97269"},{"taxonomy":"post_tag","embeddable":true,"href":"https:\/\/eltrabajo.cl\/portal\/wp-json\/wp\/v2\/tags?post=97269"}],"curies":[{"name":"wp","href":"https:\/\/api.w.org\/{rel}","templated":true}]}}