{"id":97274,"date":"2020-03-04T05:07:07","date_gmt":"2020-03-04T08:07:07","guid":{"rendered":"http:\/\/www.eltrabajo.cl\/portal\/?p=97274"},"modified":"2020-03-03T21:13:02","modified_gmt":"2020-03-04T00:13:02","slug":"declaran-ilegal-la-detencion-de-las-personas-que-fueron-acusadas-de-danar-estatua-del-soldado-del-pacifico","status":"publish","type":"post","link":"https:\/\/eltrabajo.cl\/portal\/declaran-ilegal-la-detencion-de-las-personas-que-fueron-acusadas-de-danar-estatua-del-soldado-del-pacifico\/","title":{"rendered":"Declaran ilegal la detenci\u00f3n de las personas que fueron\u00a0 acusadas de da\u00f1ar estatua del \u2018Soldado del Pac\u00edfico\u2019"},"content":{"rendered":"<p><span style=\"color: #ff0000;\"><strong>Por falta de argumentos:<\/strong><\/span><\/p>\n<p>El Juzgado de Garant\u00eda de San Felipe declar\u00f3 ilegales las detenciones de seis personas que estaban acusadas de da\u00f1os a bienes de uso p\u00fablico, en este caso la estatua del Soldado del Pac\u00edfico, en el marco de los incidentes registrados la noche del lunes en San Felipe (ver nota aparte).<\/p>\n<p>As\u00ed lo inform\u00f3 el abogado de los imputados, <strong>Julio \u00c1lvarez<\/strong>: <em>\u00abEfectivamente se realiz\u00f3 la audiencia de control detenci\u00f3n. La detenci\u00f3n fue declarada ilegal en base a los antecedentes expuestos en la audiencia y que el tribunal abon\u00f3 nuestra tesis que estos j\u00f3venes en definitiva no ten\u00edan ninguna participaci\u00f3n en el hecho, toda vez que los elementos que al d\u00eda de hoy cuenta el ministerio p\u00fablico son de una entidad realmente escasa y m\u00e1s obedecen\u2026 en realidad no me atrevo a calificar a lo que obedecen, pero es que en realidad los elementos expuestos en la audiencia no son suficientes, no tienen indicios para proceder a la detenci\u00f3n de estos j\u00f3venes\u00bb,<\/em> dijo.<\/p>\n<p>&#8211; <strong>\u00bfQu\u00e9 pasa ahora?<\/strong><\/p>\n<p>&#8211; El ministerio p\u00fablico procedi\u00f3 a formalizar investigaci\u00f3n por un delito de da\u00f1os y se fij\u00f3 un plazo de investigaci\u00f3n de noventa d\u00edas.<\/p>\n<p>Entre los detenidos figuraban un abogado y el presidente provincial del PS, <strong>Rub\u00e9n Henr\u00edquez<\/strong>, con quien nuestro medio convers\u00f3 sobre su detenci\u00f3n junto a las otras personas, se\u00f1alando lo siguiente: <em>\u00abNosotros est\u00e1bamos evidentemente en un lugar posteriormente a la destrucci\u00f3n y Carabineros nos acus\u00f3 a nosotros de pillarnos infraganti destruyendo el monumento, cosa que no era as\u00ed, no ten\u00edan las pruebas suficiente, no hab\u00eda nada en realidad que justificara la detenci\u00f3n, por lo tanto se declar\u00f3 ilegal. Esto una vez m\u00e1s demuestra que el hecho de ser rostro pol\u00edtico, dirigentes sociales, para Carabineros significa una justificaci\u00f3n para acusarnos ilegalmente de cosas que no hemos cometido\u00bb,<\/em> se\u00f1al\u00f3.<\/p>\n<p>&#8211; <strong>\u00bfD\u00f3nde estaban ustedes al momento de los hechos?<\/strong><\/p>\n<p>&#8211; Dos de los seis detenidos est\u00e1bamos frente al AIEP, en el bandej\u00f3n de Yungay al llegar al obelisco, por lo tanto ese video grafica que nosotros est\u00e1bamos ah\u00ed grabando cuando Carabineros lleg\u00f3 a dispersar a las personas que estaban destruyendo el monumento, por lo tanto es il\u00f3gico que nosotros estuvi\u00e9ramos grabando y a la vez destruyendo el monumento por el cual nos estaban acusando a nosotros.<\/p>\n<p>&#8211; <strong>\u00bfQu\u00e9 recuerda de ese momento, hab\u00eda gente que estaba destruyendo el monumento y esos fueron detenidos o no?<\/strong><\/p>\n<p>&#8211; No, no, hubo gente que estaba destruyendo el monumento, pero al llegar la fuerza de Carabineros se dispersaron y no hubo ninguna persona en realidad detenida ah\u00ed; sin embargo, de acuerdo a la falsa declaraci\u00f3n de Carabineros, nos dicen que nos pillaron infraganti a nosotros destruyendo el monumento, sobre el monumento y que en fracci\u00f3n de segundos est\u00e1bamos arriba del auto intentando escapar, cosa que no fue as\u00ed. Y las pruebas que present\u00f3 Carabineros fue una bandera mapuche, un lienzo y una m\u00e1scara antigases, siendo que la declaraci\u00f3n de Carabineros acusando a nosotros dice que est\u00e1bamos con cadenas, con lingas, con martillos destruyendo el monumento, por lo tanto hay una incoherencia, una inconsistencia de Carabineros para acusarnos gratuitamente a nosotros.<\/p>\n<p>&#8211; <strong>\u00bfTe da m\u00e1s \u00e1nimo esto?<\/strong><\/p>\n<p>&#8211; Efectivamente, no somos los \u00fanicos, a nivel nacional est\u00e1n siendo acusados por delitos que no han sido efectivos y esto demuestra que la instituci\u00f3n est\u00e1 totalmente deslegitimada; o sea, aparte de acusar falsamente a nosotros, tambi\u00e9n generan montaje porque no est\u00e1bamos ah\u00ed. Ellos inventan un escenario y m\u00e1s encima pasan a llevar nuestros derechos como detenidos, el pase para ser atendidos por un abogado, nos llevaron a Quebrada Herrera, de Quebrada Herrera a San Felipe, nos tuvieron dos horas en San Felipe, de ac\u00e1 nos llevaron a Los Andes, al San Juan de Dios, despu\u00e9s nos llevaron a San Esteban, por lo tanto lo que ellos quer\u00edan evitar era que nosotros pudi\u00e9ramos contar con nuestros abogados.<\/p>\n<p>Otros de los imputados dijo que recuerda cuando llegaron los tres funcionarios apuntando por el frente, por un costado y por el lado donde ellos estaban sentados en la parte trasera del auto.<\/p>\n<p>Indic\u00f3 que el motivo de su presencia en ese lugar era porque iban a dejar a un amigo que recogieron para llevarlo a la avenida Maip\u00fa, y <em>\u00abya dijimos tomemos una foto a la estatua que estaba tirada y cuando nosotros nos acerc\u00e1bamos a tomar la foto, volvemos al auto y ah\u00ed nos cruzan el ret\u00e9n y nos detienen sin ninguna prueba, no nos dijeron nada sobre el motivo de la detenci\u00f3n, nada, nada\u00bb,<\/em> se\u00f1al\u00f3.<\/p>\n<p>Se\u00f1alar que durante la ma\u00f1ana de ayer, en las afueras del Tribunal, estaban amigos familiares esperando a los imputados, no produci\u00e9ndose ning\u00fan desorden.<\/p>\n<p>&nbsp;<\/p>\n<figure id=\"attachment_97275\" aria-describedby=\"caption-attachment-97275\" style=\"width: 580px\" class=\"wp-caption alignnone\"><img data-recalc-dims=\"1\" loading=\"lazy\" decoding=\"async\" class=\"size-full wp-image-97275\" src=\"https:\/\/i0.wp.com\/www.eltrabajo.cl\/portal\/wp-content\/uploads\/2020\/03\/libres-Furgon.jpg?resize=580%2C359\" alt=\"El momento que un furg\u00f3n de Carabineros llega al tribunal con los detenidos.\" width=\"580\" height=\"359\" srcset=\"https:\/\/i0.wp.com\/eltrabajo.cl\/portal\/wp-content\/uploads\/2020\/03\/libres-Furgon.jpg?w=580&amp;ssl=1 580w, https:\/\/i0.wp.com\/eltrabajo.cl\/portal\/wp-content\/uploads\/2020\/03\/libres-Furgon.jpg?resize=300%2C186&amp;ssl=1 300w, https:\/\/i0.wp.com\/eltrabajo.cl\/portal\/wp-content\/uploads\/2020\/03\/libres-Furgon.jpg?resize=200%2C124&amp;ssl=1 200w, https:\/\/i0.wp.com\/eltrabajo.cl\/portal\/wp-content\/uploads\/2020\/03\/libres-Furgon.jpg?resize=242%2C150&amp;ssl=1 242w, https:\/\/i0.wp.com\/eltrabajo.cl\/portal\/wp-content\/uploads\/2020\/03\/libres-Furgon.jpg?resize=400%2C248&amp;ssl=1 400w\" sizes=\"auto, (max-width: 580px) 100vw, 580px\" \/><figcaption id=\"caption-attachment-97275\" class=\"wp-caption-text\">El momento que un furg\u00f3n de Carabineros llega al tribunal con los detenidos.<\/figcaption><\/figure>\n<p>&nbsp;<\/p>\n<figure id=\"attachment_97276\" aria-describedby=\"caption-attachment-97276\" style=\"width: 580px\" class=\"wp-caption alignnone\"><img data-recalc-dims=\"1\" loading=\"lazy\" decoding=\"async\" class=\"size-full wp-image-97276\" src=\"https:\/\/i0.wp.com\/www.eltrabajo.cl\/portal\/wp-content\/uploads\/2020\/03\/libres-Personas.jpg?resize=580%2C360\" alt=\"Un grupo de personas esperaba en las afueras del Tribunal de Garant\u00eda de San Felipe a los detenidos, quienes quedaron en libertad al ser declarada ilegal la detenci\u00f3n.\" width=\"580\" height=\"360\" srcset=\"https:\/\/i0.wp.com\/eltrabajo.cl\/portal\/wp-content\/uploads\/2020\/03\/libres-Personas.jpg?w=580&amp;ssl=1 580w, https:\/\/i0.wp.com\/eltrabajo.cl\/portal\/wp-content\/uploads\/2020\/03\/libres-Personas.jpg?resize=300%2C186&amp;ssl=1 300w, https:\/\/i0.wp.com\/eltrabajo.cl\/portal\/wp-content\/uploads\/2020\/03\/libres-Personas.jpg?resize=200%2C124&amp;ssl=1 200w, https:\/\/i0.wp.com\/eltrabajo.cl\/portal\/wp-content\/uploads\/2020\/03\/libres-Personas.jpg?resize=242%2C150&amp;ssl=1 242w, https:\/\/i0.wp.com\/eltrabajo.cl\/portal\/wp-content\/uploads\/2020\/03\/libres-Personas.jpg?resize=400%2C248&amp;ssl=1 400w\" sizes=\"auto, (max-width: 580px) 100vw, 580px\" \/><figcaption id=\"caption-attachment-97276\" class=\"wp-caption-text\">Un grupo de personas esperaba en las afueras del Tribunal de Garant\u00eda de San Felipe a los detenidos, quienes quedaron en libertad al ser declarada ilegal la detenci\u00f3n.<\/figcaption><\/figure>\n<p>&nbsp;<\/p>\n<figure id=\"attachment_97277\" aria-describedby=\"caption-attachment-97277\" style=\"width: 580px\" class=\"wp-caption alignnone\"><img data-recalc-dims=\"1\" loading=\"lazy\" decoding=\"async\" class=\"size-full wp-image-97277\" src=\"https:\/\/i0.wp.com\/www.eltrabajo.cl\/portal\/wp-content\/uploads\/2020\/03\/libres-Ruben-Henriquez.jpg?resize=580%2C358\" alt=\"Rub\u00e9n Henr\u00edquez, presidente provincial del PS,  conversando con personas que los fueron a recibir una vez que quedaron en libertad.\" width=\"580\" height=\"358\" srcset=\"https:\/\/i0.wp.com\/eltrabajo.cl\/portal\/wp-content\/uploads\/2020\/03\/libres-Ruben-Henriquez.jpg?w=580&amp;ssl=1 580w, https:\/\/i0.wp.com\/eltrabajo.cl\/portal\/wp-content\/uploads\/2020\/03\/libres-Ruben-Henriquez.jpg?resize=300%2C185&amp;ssl=1 300w, https:\/\/i0.wp.com\/eltrabajo.cl\/portal\/wp-content\/uploads\/2020\/03\/libres-Ruben-Henriquez.jpg?resize=200%2C123&amp;ssl=1 200w, https:\/\/i0.wp.com\/eltrabajo.cl\/portal\/wp-content\/uploads\/2020\/03\/libres-Ruben-Henriquez.jpg?resize=243%2C150&amp;ssl=1 243w, https:\/\/i0.wp.com\/eltrabajo.cl\/portal\/wp-content\/uploads\/2020\/03\/libres-Ruben-Henriquez.jpg?resize=400%2C247&amp;ssl=1 400w\" sizes=\"auto, (max-width: 580px) 100vw, 580px\" \/><figcaption id=\"caption-attachment-97277\" class=\"wp-caption-text\">Rub\u00e9n Henr\u00edquez, presidente provincial del PS, conversando con personas que los fueron a recibir una vez que quedaron en libertad.<\/figcaption><\/figure>\n","protected":false},"excerpt":{"rendered":"<p>Por falta de argumentos: El Juzgado de Garant\u00eda de San Felipe declar\u00f3 ilegales las detenciones de seis personas que estaban acusadas de da\u00f1os a bienes de uso p\u00fablico, en este caso la&#8230;<\/p>\n","protected":false},"author":482,"featured_media":97275,"comment_status":"open","ping_status":"open","sticky":false,"template":"","format":"standard","meta":{"advanced_seo_description":"","jetpack_seo_html_title":"","jetpack_seo_noindex":false,"_jetpack_memberships_contains_paid_content":false,"footnotes":""},"categories":[97],"tags":[],"class_list":["post-97274","post","type-post","status-publish","format-standard","has-post-thumbnail","hentry","category-tribunales"],"jetpack_featured_media_url":"https:\/\/i0.wp.com\/eltrabajo.cl\/portal\/wp-content\/uploads\/2020\/03\/libres-Furgon.jpg?fit=580%2C359&ssl=1","jetpack_sharing_enabled":true,"jetpack_likes_enabled":true,"jetpack-related-posts":[],"_links":{"self":[{"href":"https:\/\/eltrabajo.cl\/portal\/wp-json\/wp\/v2\/posts\/97274","targetHints":{"allow":["GET"]}}],"collection":[{"href":"https:\/\/eltrabajo.cl\/portal\/wp-json\/wp\/v2\/posts"}],"about":[{"href":"https:\/\/eltrabajo.cl\/portal\/wp-json\/wp\/v2\/types\/post"}],"author":[{"embeddable":true,"href":"https:\/\/eltrabajo.cl\/portal\/wp-json\/wp\/v2\/users\/482"}],"replies":[{"embeddable":true,"href":"https:\/\/eltrabajo.cl\/portal\/wp-json\/wp\/v2\/comments?post=97274"}],"version-history":[{"count":0,"href":"https:\/\/eltrabajo.cl\/portal\/wp-json\/wp\/v2\/posts\/97274\/revisions"}],"wp:featuredmedia":[{"embeddable":true,"href":"https:\/\/eltrabajo.cl\/portal\/wp-json\/wp\/v2\/media\/97275"}],"wp:attachment":[{"href":"https:\/\/eltrabajo.cl\/portal\/wp-json\/wp\/v2\/media?parent=97274"}],"wp:term":[{"taxonomy":"category","embeddable":true,"href":"https:\/\/eltrabajo.cl\/portal\/wp-json\/wp\/v2\/categories?post=97274"},{"taxonomy":"post_tag","embeddable":true,"href":"https:\/\/eltrabajo.cl\/portal\/wp-json\/wp\/v2\/tags?post=97274"}],"curies":[{"name":"wp","href":"https:\/\/api.w.org\/{rel}","templated":true}]}}