{"id":97279,"date":"2020-03-05T05:01:39","date_gmt":"2020-03-05T08:01:39","guid":{"rendered":"http:\/\/www.eltrabajo.cl\/portal\/?p=97279"},"modified":"2020-03-04T23:20:08","modified_gmt":"2020-03-05T02:20:08","slug":"el-abuelo-victor-rios-tiene-104-anos-de-edad-y-todavia-no-piensa-en-jubilar","status":"publish","type":"post","link":"https:\/\/eltrabajo.cl\/portal\/el-abuelo-victor-rios-tiene-104-anos-de-edad-y-todavia-no-piensa-en-jubilar\/","title":{"rendered":"El abuelo V\u00edctor R\u00edos tiene 104 a\u00f1os de edad y todav\u00eda no piensa en jubilar"},"content":{"rendered":"<p><span style=\"color: #ff0000;\"><strong>Fue panadero y desde hace 40 a\u00f1os vende gas en triciclo:<\/strong><\/span><\/p>\n<p>Muchos lo hemos visto durante a\u00f1os circular por las poblaciones de toda la comuna de San Felipe, no discute con nadie, es un abuelito regal\u00f3n que desde hace m\u00e1s de 40 a\u00f1os trabaja de manera independiente vendiendo gas en un triciclo. Lo conocen como \u2018<strong>El Abuelo<\/strong>\u2019, pero se llama <strong>V\u00edctor Rub\u00e9n R\u00edos Zambrano<\/strong>, tiene 104 a\u00f1os de edad y es hermano tambi\u00e9n del desaparecido Gaspar \u2018Negro Bueno\u2019 Zambrano.<\/p>\n<p>&nbsp;<\/p>\n<p><span style=\"color: #ff0000;\"><strong>DESPU\u00c9S DE\u00a0<\/strong><\/span><span style=\"color: #ff0000;\"><strong>VIVIR UN SIGLO<\/strong><\/span><\/p>\n<p>Es por su longevidad e inquebrantable deseo de honrar su vida con el trabajo que ayer mi\u00e9rcoles <strong>Diario El Trabajo<\/strong> le visit\u00f3 en su casa de habitaci\u00f3n en Poblaci\u00f3n Pedro Aguirre Cerda (La Corvi), para que nos comentara c\u00f3mo ha logrado llegar a esa edad con fuerzas a\u00fan para manejar triciclo y vender gas a sus clientes.<\/p>\n<p>\u00ab<em>\u00c9ramos tres hermanos, V\u00edctor, yo que tambi\u00e9n me llamo V\u00edctor, y Negro Bueno, Gaspar, cada uno se dedic\u00f3 a lo que le gustaba. Yo fui panadero, trabaj\u00e9 toda mi vida de joven en la Panader\u00eda Central, que a\u00fan existe, cuando el due\u00f1o era Enrique Parrag\u00f3. No tengo hijos, pero cri\u00e9 al \u2018Gua Gua\u2019 como si fuera mi hijo, luego jubil\u00e9 y desde hace 40 a\u00f1os que me dedico a vender gas en las poblaciones, ya no me quedan fuerzas para cargar los balones de gas, as\u00ed que mis clientes cargan y descargan el producto en mi triciclo. Esta actividad me ayuda a estar ocupado en algo \u00fatil<\/em>\u00bb, dijo don V\u00edctor Zambrano.<\/p>\n<p>&nbsp;<\/p>\n<p><span style=\"color: #ff0000;\"><strong>INQUEBRANTABLE<\/strong><\/span><\/p>\n<p>Nuestro medio tambi\u00e9n habl\u00f3 con su hijo de crianza <strong>Patricio \u2018Guagua\u2019 Gonz\u00e1lez<\/strong>, quien lo cuida con su esposa Rosa Cort\u00e9s desde hace muchos a\u00f1os: <em>\u00abPap\u00e1 pr\u00e1cticamente sale a hacer ejercicio, casi no escucha, ya no tiene fuerzas f\u00edsicas, pero s\u00ed mucha fuerza de voluntad, si vende alg\u00fan bal\u00f3n de gas es a sus viejos clientes, otros le donan alg\u00fan dinero, todos lo quieren mucho, con los a\u00f1os hizo muchos amigos\u00bb,<\/em> dijo el Guagua Gonz\u00e1lez a <strong>Diario El Trabajo<\/strong>.<\/p>\n<p><strong>Roberto Gonz\u00e1lez Short<\/strong><\/p>\n<p>&nbsp;<\/p>\n<figure id=\"attachment_97280\" aria-describedby=\"caption-attachment-97280\" style=\"width: 580px\" class=\"wp-caption alignnone\"><img data-recalc-dims=\"1\" loading=\"lazy\" decoding=\"async\" class=\"size-full wp-image-97280\" src=\"https:\/\/i0.wp.com\/www.eltrabajo.cl\/portal\/wp-content\/uploads\/2020\/03\/Gas1.jpg?resize=580%2C359\" alt=\"INCANSABLE.- Aqu\u00ed vemos a don V\u00edctor R\u00edos ya disponi\u00e9ndose a salir a vender gas a las poblaciones de nuestra comuna.\" width=\"580\" height=\"359\" srcset=\"https:\/\/i0.wp.com\/eltrabajo.cl\/portal\/wp-content\/uploads\/2020\/03\/Gas1.jpg?w=580&amp;ssl=1 580w, https:\/\/i0.wp.com\/eltrabajo.cl\/portal\/wp-content\/uploads\/2020\/03\/Gas1.jpg?resize=300%2C186&amp;ssl=1 300w, https:\/\/i0.wp.com\/eltrabajo.cl\/portal\/wp-content\/uploads\/2020\/03\/Gas1.jpg?resize=200%2C124&amp;ssl=1 200w, https:\/\/i0.wp.com\/eltrabajo.cl\/portal\/wp-content\/uploads\/2020\/03\/Gas1.jpg?resize=242%2C150&amp;ssl=1 242w, https:\/\/i0.wp.com\/eltrabajo.cl\/portal\/wp-content\/uploads\/2020\/03\/Gas1.jpg?resize=400%2C248&amp;ssl=1 400w\" sizes=\"auto, (max-width: 580px) 100vw, 580px\" \/><figcaption id=\"caption-attachment-97280\" class=\"wp-caption-text\">INCANSABLE.- Aqu\u00ed vemos a don V\u00edctor R\u00edos ya disponi\u00e9ndose a salir a vender gas a las poblaciones de nuestra comuna.<\/figcaption><\/figure>\n<p>&nbsp;<\/p>\n<figure id=\"attachment_97281\" aria-describedby=\"caption-attachment-97281\" style=\"width: 580px\" class=\"wp-caption alignnone\"><img data-recalc-dims=\"1\" loading=\"lazy\" decoding=\"async\" class=\"size-full wp-image-97281\" src=\"https:\/\/i0.wp.com\/www.eltrabajo.cl\/portal\/wp-content\/uploads\/2020\/03\/Gas2.jpg?resize=580%2C359\" alt=\"BIEN CUIDADO.- Vemos en esta gr\u00e1fica al \u2018Guagua\u2019 Gonz\u00e1lez con su esposa Rosa Cort\u00e9s, al cuidado del abuelo R\u00edos.\" width=\"580\" height=\"359\" srcset=\"https:\/\/i0.wp.com\/eltrabajo.cl\/portal\/wp-content\/uploads\/2020\/03\/Gas2.jpg?w=580&amp;ssl=1 580w, https:\/\/i0.wp.com\/eltrabajo.cl\/portal\/wp-content\/uploads\/2020\/03\/Gas2.jpg?resize=300%2C186&amp;ssl=1 300w, https:\/\/i0.wp.com\/eltrabajo.cl\/portal\/wp-content\/uploads\/2020\/03\/Gas2.jpg?resize=200%2C124&amp;ssl=1 200w, https:\/\/i0.wp.com\/eltrabajo.cl\/portal\/wp-content\/uploads\/2020\/03\/Gas2.jpg?resize=242%2C150&amp;ssl=1 242w, https:\/\/i0.wp.com\/eltrabajo.cl\/portal\/wp-content\/uploads\/2020\/03\/Gas2.jpg?resize=400%2C248&amp;ssl=1 400w\" sizes=\"auto, (max-width: 580px) 100vw, 580px\" \/><figcaption id=\"caption-attachment-97281\" class=\"wp-caption-text\">BIEN CUIDADO.- Vemos en esta gr\u00e1fica al \u2018Guagua\u2019 Gonz\u00e1lez con su esposa Rosa Cort\u00e9s, al cuidado del abuelo R\u00edos.<\/figcaption><\/figure>\n<p>&nbsp;<\/p>\n<figure id=\"attachment_97282\" aria-describedby=\"caption-attachment-97282\" style=\"width: 580px\" class=\"wp-caption alignnone\"><img data-recalc-dims=\"1\" loading=\"lazy\" decoding=\"async\" class=\"size-full wp-image-97282\" src=\"https:\/\/i0.wp.com\/www.eltrabajo.cl\/portal\/wp-content\/uploads\/2020\/03\/Gas3.jpg?resize=580%2C360\" alt=\"CON SU GATO \u2018KUCHO\u2019.- Aqu\u00ed vemos al abuelo con su gato regal\u00f3n \u2018Kucho\u2019, una de sus mascotas m\u00e1s queridas, a veces le acompa\u00f1a a vender gas.\" width=\"580\" height=\"360\" srcset=\"https:\/\/i0.wp.com\/eltrabajo.cl\/portal\/wp-content\/uploads\/2020\/03\/Gas3.jpg?w=580&amp;ssl=1 580w, https:\/\/i0.wp.com\/eltrabajo.cl\/portal\/wp-content\/uploads\/2020\/03\/Gas3.jpg?resize=300%2C186&amp;ssl=1 300w, https:\/\/i0.wp.com\/eltrabajo.cl\/portal\/wp-content\/uploads\/2020\/03\/Gas3.jpg?resize=200%2C124&amp;ssl=1 200w, https:\/\/i0.wp.com\/eltrabajo.cl\/portal\/wp-content\/uploads\/2020\/03\/Gas3.jpg?resize=242%2C150&amp;ssl=1 242w, https:\/\/i0.wp.com\/eltrabajo.cl\/portal\/wp-content\/uploads\/2020\/03\/Gas3.jpg?resize=400%2C248&amp;ssl=1 400w\" sizes=\"auto, (max-width: 580px) 100vw, 580px\" \/><figcaption id=\"caption-attachment-97282\" class=\"wp-caption-text\">CON SU GATO \u2018KUCHO\u2019.- Aqu\u00ed vemos al abuelo con su gato regal\u00f3n \u2018Kucho\u2019, una de sus mascotas m\u00e1s queridas, a veces le acompa\u00f1a a vender gas.<\/figcaption><\/figure>\n","protected":false},"excerpt":{"rendered":"<p>Fue panadero y desde hace 40 a\u00f1os vende gas en triciclo: Muchos lo hemos visto durante a\u00f1os circular por las poblaciones de toda la comuna de San Felipe, no discute con nadie,&#8230;<\/p>\n","protected":false},"author":482,"featured_media":97280,"comment_status":"open","ping_status":"open","sticky":false,"template":"","format":"standard","meta":{"advanced_seo_description":"","jetpack_seo_html_title":"","jetpack_seo_noindex":false,"_jetpack_memberships_contains_paid_content":false,"footnotes":""},"categories":[15],"tags":[],"class_list":["post-97279","post","type-post","status-publish","format-standard","has-post-thumbnail","hentry","category-comunidad"],"jetpack_featured_media_url":"https:\/\/i0.wp.com\/eltrabajo.cl\/portal\/wp-content\/uploads\/2020\/03\/Gas1.jpg?fit=580%2C359&ssl=1","jetpack_sharing_enabled":true,"jetpack_likes_enabled":true,"jetpack-related-posts":[],"_links":{"self":[{"href":"https:\/\/eltrabajo.cl\/portal\/wp-json\/wp\/v2\/posts\/97279","targetHints":{"allow":["GET"]}}],"collection":[{"href":"https:\/\/eltrabajo.cl\/portal\/wp-json\/wp\/v2\/posts"}],"about":[{"href":"https:\/\/eltrabajo.cl\/portal\/wp-json\/wp\/v2\/types\/post"}],"author":[{"embeddable":true,"href":"https:\/\/eltrabajo.cl\/portal\/wp-json\/wp\/v2\/users\/482"}],"replies":[{"embeddable":true,"href":"https:\/\/eltrabajo.cl\/portal\/wp-json\/wp\/v2\/comments?post=97279"}],"version-history":[{"count":0,"href":"https:\/\/eltrabajo.cl\/portal\/wp-json\/wp\/v2\/posts\/97279\/revisions"}],"wp:featuredmedia":[{"embeddable":true,"href":"https:\/\/eltrabajo.cl\/portal\/wp-json\/wp\/v2\/media\/97280"}],"wp:attachment":[{"href":"https:\/\/eltrabajo.cl\/portal\/wp-json\/wp\/v2\/media?parent=97279"}],"wp:term":[{"taxonomy":"category","embeddable":true,"href":"https:\/\/eltrabajo.cl\/portal\/wp-json\/wp\/v2\/categories?post=97279"},{"taxonomy":"post_tag","embeddable":true,"href":"https:\/\/eltrabajo.cl\/portal\/wp-json\/wp\/v2\/tags?post=97279"}],"curies":[{"name":"wp","href":"https:\/\/api.w.org\/{rel}","templated":true}]}}