{"id":97284,"date":"2020-03-05T05:02:45","date_gmt":"2020-03-05T08:02:45","guid":{"rendered":"http:\/\/www.eltrabajo.cl\/portal\/?p=97284"},"modified":"2020-03-04T23:28:15","modified_gmt":"2020-03-05T02:28:15","slug":"dos-accidentes-el-mismo-dia-en-la-misma-esquina-condell-con-navarro","status":"publish","type":"post","link":"https:\/\/eltrabajo.cl\/portal\/dos-accidentes-el-mismo-dia-en-la-misma-esquina-condell-con-navarro\/","title":{"rendered":"Dos accidentes el mismo d\u00eda en la misma esquina Condell con Navarro"},"content":{"rendered":"<p><span style=\"color: #ff0000;\"><strong>Al parecer no est\u00e1n respetando disco Pare en el lugar:<\/strong><\/span><\/p>\n<p>Varios hechos que ameritan la explicaci\u00f3n de alg\u00fan experto son los que vienen ocurriendo regularmente desde hace varias semanas en la esquina de las calles Navarro y Carlos Condell, pues son repetidas veces en que chocan veh\u00edculos en el lugar, generando da\u00f1os materiales y heridos tambi\u00e9n. Ayer mi\u00e9rcoles por ejemplo cerca de las 13:00 horas un colectivo impact\u00f3 las llantas de un veh\u00edculo de transporte escolar, s\u00f3lo hubo golpes leves, en ese momento no se logr\u00f3 entender las causas de la colisi\u00f3n.<\/p>\n<p>Tambi\u00e9n ayer a las 17:00 horas nuevamente ocurri\u00f3 otro accidente, en esta oportunidad un Hyundai plateado que iba por Carlos Condell colision\u00f3 con un colectivo que ven\u00eda por Navarro hacia Chacabuco, tras el impacto cuatro personas resultaron lesionadas y fueron trasladadas al Hospital San Camilo por unidades del SAMU.<\/p>\n<p>Carabineros en el lugar r\u00e1pidamente adopt\u00f3 el procedimiento de rigor y dio instrucciones a los conductores para que movilizaran sus autom\u00f3viles, al parecer los conductores decidieron llegar a un mutuo acuerdo para reparar los da\u00f1os materiales.<\/p>\n<p><strong>Roberto Gonz\u00e1lez Short<\/strong><\/p>\n<p>&nbsp;<\/p>\n<figure id=\"attachment_97285\" aria-describedby=\"caption-attachment-97285\" style=\"width: 580px\" class=\"wp-caption alignnone\"><img data-recalc-dims=\"1\" loading=\"lazy\" decoding=\"async\" class=\"size-full wp-image-97285\" src=\"https:\/\/i0.wp.com\/www.eltrabajo.cl\/portal\/wp-content\/uploads\/2020\/03\/Accidentes1.jpg?resize=580%2C360\" alt=\"SIGUEN LOS CHOQUES.- Dos accidentes automovil\u00edsticos ocurrieron ayer mi\u00e9rcoles en la esquina Navarro con Carlos Condell. \" width=\"580\" height=\"360\" srcset=\"https:\/\/i0.wp.com\/eltrabajo.cl\/portal\/wp-content\/uploads\/2020\/03\/Accidentes1.jpg?w=580&amp;ssl=1 580w, https:\/\/i0.wp.com\/eltrabajo.cl\/portal\/wp-content\/uploads\/2020\/03\/Accidentes1.jpg?resize=300%2C186&amp;ssl=1 300w, https:\/\/i0.wp.com\/eltrabajo.cl\/portal\/wp-content\/uploads\/2020\/03\/Accidentes1.jpg?resize=200%2C124&amp;ssl=1 200w, https:\/\/i0.wp.com\/eltrabajo.cl\/portal\/wp-content\/uploads\/2020\/03\/Accidentes1.jpg?resize=242%2C150&amp;ssl=1 242w, https:\/\/i0.wp.com\/eltrabajo.cl\/portal\/wp-content\/uploads\/2020\/03\/Accidentes1.jpg?resize=400%2C248&amp;ssl=1 400w\" sizes=\"auto, (max-width: 580px) 100vw, 580px\" \/><figcaption id=\"caption-attachment-97285\" class=\"wp-caption-text\">SIGUEN LOS CHOQUES.- Dos accidentes automovil\u00edsticos ocurrieron ayer mi\u00e9rcoles en la esquina Navarro con Carlos Condell.<\/figcaption><\/figure>\n<p>&nbsp;<\/p>\n<figure id=\"attachment_97286\" aria-describedby=\"caption-attachment-97286\" style=\"width: 580px\" class=\"wp-caption alignnone\"><img data-recalc-dims=\"1\" loading=\"lazy\" decoding=\"async\" class=\"size-full wp-image-97286\" src=\"https:\/\/i0.wp.com\/www.eltrabajo.cl\/portal\/wp-content\/uploads\/2020\/03\/Accidentes2.jpg?resize=580%2C360\" alt=\"MUCHA ATENCI\u00d3N.- Al parecer el disco PARE en calle Carlos Condell no est\u00e1 siendo respetado como se debe.\" width=\"580\" height=\"360\" srcset=\"https:\/\/i0.wp.com\/eltrabajo.cl\/portal\/wp-content\/uploads\/2020\/03\/Accidentes2.jpg?w=580&amp;ssl=1 580w, https:\/\/i0.wp.com\/eltrabajo.cl\/portal\/wp-content\/uploads\/2020\/03\/Accidentes2.jpg?resize=300%2C186&amp;ssl=1 300w, https:\/\/i0.wp.com\/eltrabajo.cl\/portal\/wp-content\/uploads\/2020\/03\/Accidentes2.jpg?resize=200%2C124&amp;ssl=1 200w, https:\/\/i0.wp.com\/eltrabajo.cl\/portal\/wp-content\/uploads\/2020\/03\/Accidentes2.jpg?resize=242%2C150&amp;ssl=1 242w, https:\/\/i0.wp.com\/eltrabajo.cl\/portal\/wp-content\/uploads\/2020\/03\/Accidentes2.jpg?resize=400%2C248&amp;ssl=1 400w\" sizes=\"auto, (max-width: 580px) 100vw, 580px\" \/><figcaption id=\"caption-attachment-97286\" class=\"wp-caption-text\">MUCHA ATENCI\u00d3N.- Al parecer el disco PARE en calle Carlos Condell no est\u00e1 siendo respetado como se debe.<\/figcaption><\/figure>\n<p>&nbsp;<\/p>\n<figure id=\"attachment_97287\" aria-describedby=\"caption-attachment-97287\" style=\"width: 580px\" class=\"wp-caption alignnone\"><img data-recalc-dims=\"1\" loading=\"lazy\" decoding=\"async\" class=\"size-full wp-image-97287\" src=\"https:\/\/i0.wp.com\/www.eltrabajo.cl\/portal\/wp-content\/uploads\/2020\/03\/Accidentes3.jpg?resize=580%2C800\" alt=\"DA\u00d1OS MATERIALES.- Los da\u00f1os de momento son s\u00f3lo materiales, ojala los mismos conductores logren acostumbrarse a este PARE obligatorio.\" width=\"580\" height=\"800\" srcset=\"https:\/\/i0.wp.com\/eltrabajo.cl\/portal\/wp-content\/uploads\/2020\/03\/Accidentes3.jpg?w=580&amp;ssl=1 580w, https:\/\/i0.wp.com\/eltrabajo.cl\/portal\/wp-content\/uploads\/2020\/03\/Accidentes3.jpg?resize=218%2C300&amp;ssl=1 218w, https:\/\/i0.wp.com\/eltrabajo.cl\/portal\/wp-content\/uploads\/2020\/03\/Accidentes3.jpg?resize=109%2C150&amp;ssl=1 109w, https:\/\/i0.wp.com\/eltrabajo.cl\/portal\/wp-content\/uploads\/2020\/03\/Accidentes3.jpg?resize=400%2C552&amp;ssl=1 400w\" sizes=\"auto, (max-width: 580px) 100vw, 580px\" \/><figcaption id=\"caption-attachment-97287\" class=\"wp-caption-text\">DA\u00d1OS MATERIALES.- Los da\u00f1os de momento son s\u00f3lo materiales, ojala los mismos conductores logren acostumbrarse a este PARE obligatorio.<\/figcaption><\/figure>\n","protected":false},"excerpt":{"rendered":"<p>Al parecer no est\u00e1n respetando disco Pare en el lugar: Varios hechos que ameritan la explicaci\u00f3n de alg\u00fan experto son los que vienen ocurriendo regularmente desde hace varias semanas en la esquina&#8230;<\/p>\n","protected":false},"author":482,"featured_media":97285,"comment_status":"open","ping_status":"open","sticky":false,"template":"","format":"standard","meta":{"advanced_seo_description":"","jetpack_seo_html_title":"","jetpack_seo_noindex":false,"_jetpack_memberships_contains_paid_content":false,"footnotes":""},"categories":[15,21],"tags":[],"class_list":["post-97284","post","type-post","status-publish","format-standard","has-post-thumbnail","hentry","category-comunidad","category-policial"],"jetpack_featured_media_url":"https:\/\/i0.wp.com\/eltrabajo.cl\/portal\/wp-content\/uploads\/2020\/03\/Accidentes1.jpg?fit=580%2C360&ssl=1","jetpack_sharing_enabled":true,"jetpack_likes_enabled":true,"jetpack-related-posts":[],"_links":{"self":[{"href":"https:\/\/eltrabajo.cl\/portal\/wp-json\/wp\/v2\/posts\/97284","targetHints":{"allow":["GET"]}}],"collection":[{"href":"https:\/\/eltrabajo.cl\/portal\/wp-json\/wp\/v2\/posts"}],"about":[{"href":"https:\/\/eltrabajo.cl\/portal\/wp-json\/wp\/v2\/types\/post"}],"author":[{"embeddable":true,"href":"https:\/\/eltrabajo.cl\/portal\/wp-json\/wp\/v2\/users\/482"}],"replies":[{"embeddable":true,"href":"https:\/\/eltrabajo.cl\/portal\/wp-json\/wp\/v2\/comments?post=97284"}],"version-history":[{"count":0,"href":"https:\/\/eltrabajo.cl\/portal\/wp-json\/wp\/v2\/posts\/97284\/revisions"}],"wp:featuredmedia":[{"embeddable":true,"href":"https:\/\/eltrabajo.cl\/portal\/wp-json\/wp\/v2\/media\/97285"}],"wp:attachment":[{"href":"https:\/\/eltrabajo.cl\/portal\/wp-json\/wp\/v2\/media?parent=97284"}],"wp:term":[{"taxonomy":"category","embeddable":true,"href":"https:\/\/eltrabajo.cl\/portal\/wp-json\/wp\/v2\/categories?post=97284"},{"taxonomy":"post_tag","embeddable":true,"href":"https:\/\/eltrabajo.cl\/portal\/wp-json\/wp\/v2\/tags?post=97284"}],"curies":[{"name":"wp","href":"https:\/\/api.w.org\/{rel}","templated":true}]}}