{"id":97289,"date":"2020-03-05T05:03:20","date_gmt":"2020-03-05T08:03:20","guid":{"rendered":"http:\/\/www.eltrabajo.cl\/portal\/?p=97289"},"modified":"2020-03-04T23:29:45","modified_gmt":"2020-03-05T02:29:45","slug":"nuevo-robo-a-joyeria-lalito-sume-en-la-desesperacion-a-su-propietario","status":"publish","type":"post","link":"https:\/\/eltrabajo.cl\/portal\/nuevo-robo-a-joyeria-lalito-sume-en-la-desesperacion-a-su-propietario\/","title":{"rendered":"Nuevo robo a \u2018Joyer\u00eda Lalito\u2019 sume en la desesperaci\u00f3n a su propietario"},"content":{"rendered":"<ul>\n<li><strong>Conocido comerciante due\u00f1o de c\u00e9ntrica joyer\u00eda, no haya qu\u00e9 hacer al sufrir nuevo robo en su local ubicado en pleno centro de San Felipe.<\/strong><\/li>\n<\/ul>\n<p>Entre l\u00e1grimas el due\u00f1o de la Joyer\u00eda \u2018Lalito\u2019 ubicada en calle Coimas n\u00famero 1142 A, pleno centro de San Felipe, relat\u00f3 el robo que una vez m\u00e1s sufri\u00f3 durante la madrugada del d\u00eda martes.<\/p>\n<p>Dice que se percat\u00f3 del hecho en la ma\u00f1ana de este martes, en los momentos que iba a dar un vuelto a una mujer luego de cambiarle la pila a un reloj.<\/p>\n<p>El a\u00f1o 2011 tambi\u00e9n le entraron a robar cuando hab\u00eda llegado reci\u00e9n. Por eso ahora est\u00e1 pensando en seguir o no seguir con el negocio, <em>\u00abporque uno que trabaja al d\u00eda no tiene el capital para decir \u2018voy a reponer el da\u00f1o de un robo\u2019, y tienes que seguir sac\u00e1ndote la cresta. Da impotencia cuando tienes una familia y yo estoy encalillado, no pago el arriendo y m\u00e1s encima esto\u2026 da pena\u2026 da rabia, pero estamos en Chile \u2018pos\u2019 compadre, trabajamos \u00bfpara qu\u00e9?, para darle a la gente que no hace nada, que\u00a0 se dedica a puro robar. Los que me roban me hacen un da\u00f1o grande, tengo que evaluar relojes ajenos, trabajos de los clientes. Ahora yo por ejemplo, si me roban un reloj ajeno, yo tengo que responderle al cliente. \u00bfC\u00f3mo voy a seguir trabajando?, la caja de fondo ah\u00ed est\u00e1, entonces da impotencia\u2026 da impotencia. Yo como les digo vivo d\u00eda a d\u00eda, encalillado, yo f\u00edjate que en este momento te vendo la casa y voy a quedar endeudado. \u00bfQui\u00e9n me responde?, qui\u00e9n dice, toma, ah\u00ed ten\u00eds\u2026 algo o alguna ayuda que te den\u00bb,<\/em> reflexiona\u00a0 el due\u00f1o.<\/p>\n<p>&#8211; <strong>\u00bfLe abrieron la caja fuerte?<\/strong><\/p>\n<p>&#8211; Est\u00e1 abierta, ah\u00ed qued\u00f3.<\/p>\n<p>&#8211; <strong>\u00bfTen\u00eda la plata del arriendo, otras cosas?<\/strong><\/p>\n<p>&#8211; Ten\u00eda otras cosas, la plata del arriendo todav\u00eda no la he logrado tener, pero no estaba ah\u00ed, en la caja no hay nada\u2026 ten\u00eda otras cosas\u2026 importantes, ahora no hay nada\u2026 nada, hay puros papeles.<\/p>\n<p>&#8211; <strong>\u00bfPor d\u00f3nde habr\u00edan ingresado?<\/strong><\/p>\n<p>&#8211; Mire la entrada siempre la hacen por calle Coimas, hay un callej\u00f3n donde termina la Catedral, siempre se entran por ah\u00ed, entonces le queda toda la manzana y se meten. Lamentablemente yo deslindo con el Fort\u00edn Prat, ellos se meten y roban nom\u00e1s, y ah\u00ed queda uno.<\/p>\n<p>&#8211; <strong>No es la primera vez que le roban.<\/strong><\/p>\n<p>&#8211; Nooo\u2026 si cuando yo reci\u00e9n llegu\u00e9 en el 2011, tambi\u00e9n me hicieron un robo, pero ah\u00ed me escogieron todo, ese fue un robo seleccionado, se llevaron todo lo que era oro y seguramente ahora andaban buscando m\u00e1s, pero ah\u00ed estoy, tengo que evaluar primero.<\/p>\n<p>&#8211; <strong>\u00bfNo ha evaluado todav\u00eda?<\/strong><\/p>\n<p>&#8211; Todav\u00eda no, tengo que hacer caja para poder ver qu\u00e9 es lo que puedo hacer.<\/p>\n<p>&#8211; <strong>\u00bfLe dejaron vac\u00eda la caja fuerte?<\/strong><\/p>\n<p>&#8211; Si, no encuentro nada todav\u00eda, ten\u00eda unos relojes de oro que son de un amigo, carabinero jubilado que me los dej\u00f3 para arreglo\u2026 eso no lo encuentro, tengo que buscar todo eso.<\/p>\n<p>&#8211; <strong>\u00bfQu\u00e9 piensa hacer luego de esto?<\/strong><\/p>\n<p>&#8211; Yo, lamentablemente voy a tener que pensarlo bien, porque yo voy a tener que ponerle el pecho a las balas, porque con esto voy a sufrir hasta demandas. Si no me puedo arreglar voy a tener que irme a la casa, ponerme de acuerdo con los clientes, entregar lo que est\u00e1 arreglado y lo que no, devolverlo porque no se puede seguir trabajando as\u00ed; lamentablemente no se puede seguir trabajando, estamos en una sociedad donde gana el delincuente. Uno que trata de luchar\u2026 luchar, no sacas nada, nada, as\u00ed es que ah\u00ed estamos, tengo que evaluar bien primero, si no irme y\u00a0 explicarle a la gente.<\/p>\n<p>De todas maneras no se conoci\u00f3 p\u00fablicamente el monto del robo, pero como dijo el afectado, sacaron numerosos relojes desde la caja fuerte.<\/p>\n<p>Al finalizar dijo que su hijo hab\u00eda ido a la PDI a realizar la denuncia respectiva.<\/p>\n<p>&nbsp;<\/p>\n<figure id=\"attachment_97290\" aria-describedby=\"caption-attachment-97290\" style=\"width: 580px\" class=\"wp-caption alignnone\"><img data-recalc-dims=\"1\" loading=\"lazy\" decoding=\"async\" class=\"size-full wp-image-97290\" src=\"https:\/\/i0.wp.com\/www.eltrabajo.cl\/portal\/wp-content\/uploads\/2020\/03\/Joyeria.jpg?resize=580%2C359\" alt=\"Frontis de la joyer\u00eda ubicada en calle Coimas.\" width=\"580\" height=\"359\" srcset=\"https:\/\/i0.wp.com\/eltrabajo.cl\/portal\/wp-content\/uploads\/2020\/03\/Joyeria.jpg?w=580&amp;ssl=1 580w, https:\/\/i0.wp.com\/eltrabajo.cl\/portal\/wp-content\/uploads\/2020\/03\/Joyeria.jpg?resize=300%2C186&amp;ssl=1 300w, https:\/\/i0.wp.com\/eltrabajo.cl\/portal\/wp-content\/uploads\/2020\/03\/Joyeria.jpg?resize=200%2C124&amp;ssl=1 200w, https:\/\/i0.wp.com\/eltrabajo.cl\/portal\/wp-content\/uploads\/2020\/03\/Joyeria.jpg?resize=242%2C150&amp;ssl=1 242w, https:\/\/i0.wp.com\/eltrabajo.cl\/portal\/wp-content\/uploads\/2020\/03\/Joyeria.jpg?resize=400%2C248&amp;ssl=1 400w\" sizes=\"auto, (max-width: 580px) 100vw, 580px\" \/><figcaption id=\"caption-attachment-97290\" class=\"wp-caption-text\">Frontis de la joyer\u00eda ubicada en calle Coimas.<\/figcaption><\/figure>\n","protected":false},"excerpt":{"rendered":"<p>Conocido comerciante due\u00f1o de c\u00e9ntrica joyer\u00eda, no haya qu\u00e9 hacer al sufrir nuevo robo en su local ubicado en pleno centro de San Felipe. Entre l\u00e1grimas el due\u00f1o de la Joyer\u00eda \u2018Lalito\u2019&#8230;<\/p>\n","protected":false},"author":482,"featured_media":97290,"comment_status":"open","ping_status":"open","sticky":false,"template":"","format":"standard","meta":{"advanced_seo_description":"","jetpack_seo_html_title":"","jetpack_seo_noindex":false,"_jetpack_memberships_contains_paid_content":false,"footnotes":""},"categories":[15,21],"tags":[],"class_list":["post-97289","post","type-post","status-publish","format-standard","has-post-thumbnail","hentry","category-comunidad","category-policial"],"jetpack_featured_media_url":"https:\/\/i0.wp.com\/eltrabajo.cl\/portal\/wp-content\/uploads\/2020\/03\/Joyeria.jpg?fit=580%2C359&ssl=1","jetpack_sharing_enabled":true,"jetpack_likes_enabled":true,"jetpack-related-posts":[],"_links":{"self":[{"href":"https:\/\/eltrabajo.cl\/portal\/wp-json\/wp\/v2\/posts\/97289","targetHints":{"allow":["GET"]}}],"collection":[{"href":"https:\/\/eltrabajo.cl\/portal\/wp-json\/wp\/v2\/posts"}],"about":[{"href":"https:\/\/eltrabajo.cl\/portal\/wp-json\/wp\/v2\/types\/post"}],"author":[{"embeddable":true,"href":"https:\/\/eltrabajo.cl\/portal\/wp-json\/wp\/v2\/users\/482"}],"replies":[{"embeddable":true,"href":"https:\/\/eltrabajo.cl\/portal\/wp-json\/wp\/v2\/comments?post=97289"}],"version-history":[{"count":0,"href":"https:\/\/eltrabajo.cl\/portal\/wp-json\/wp\/v2\/posts\/97289\/revisions"}],"wp:featuredmedia":[{"embeddable":true,"href":"https:\/\/eltrabajo.cl\/portal\/wp-json\/wp\/v2\/media\/97290"}],"wp:attachment":[{"href":"https:\/\/eltrabajo.cl\/portal\/wp-json\/wp\/v2\/media?parent=97289"}],"wp:term":[{"taxonomy":"category","embeddable":true,"href":"https:\/\/eltrabajo.cl\/portal\/wp-json\/wp\/v2\/categories?post=97289"},{"taxonomy":"post_tag","embeddable":true,"href":"https:\/\/eltrabajo.cl\/portal\/wp-json\/wp\/v2\/tags?post=97289"}],"curies":[{"name":"wp","href":"https:\/\/api.w.org\/{rel}","templated":true}]}}