{"id":97292,"date":"2020-03-05T05:04:50","date_gmt":"2020-03-05T08:04:50","guid":{"rendered":"http:\/\/www.eltrabajo.cl\/portal\/?p=97292"},"modified":"2020-03-04T23:32:27","modified_gmt":"2020-03-05T02:32:27","slug":"familiar-de-fallecido-en-peaje-las-vegas-a-mi-hermano-lo-apalearon-lo-acribillaron-en-el-suelo","status":"publish","type":"post","link":"https:\/\/eltrabajo.cl\/portal\/familiar-de-fallecido-en-peaje-las-vegas-a-mi-hermano-lo-apalearon-lo-acribillaron-en-el-suelo\/","title":{"rendered":"Familiar de fallecido en Peaje Las Vegas: \u00abA mi hermano lo apalearon, lo acribillaron en el suelo\u00bb"},"content":{"rendered":"<p><span style=\"color: #ff0000;\"><strong>Juan C\u00e1rdenas Gonz\u00e1lez:<\/strong><\/span><\/p>\n<p><strong>Juan C\u00e1rdenas Gonz\u00e1lez<\/strong>, hermano de <strong>Danilo C\u00e1rdenas Gonz\u00e1lez<\/strong> conductor que falleci\u00f3 producto de los disparos por parte de Carabineros dijo a Radio Aconcagua\u00a0 que se enteraron a las cuatro de la ma\u00f1ana , cuando su hermano hab\u00eda fallecido cinco para las doce. Se\u00f1ala que a su hermano lo mataron a palos.<\/p>\n<p>\u00ab<em>Primero Carabineros nos inform\u00f3 que mi hermano hab\u00eda fallecido por un choque, lo cual fue falso porque a \u00e9l le pegaron dos balazos, uno en la pierna y el otro en el abdomen el cual le provoc\u00f3 la muerte. Ah\u00ed dice que fue por cuadro respiratorio, fue por un balazo en el abdomen que le pegaron. Vinimos a Carabineros y nos enteramos que ellos tuvieron a mi hermano 15 minutos en la Comisar\u00eda antes de llevarlo al hospital que est\u00e1 al frente de la comisar\u00eda de Llay Llay. Yo creo que ah\u00ed siguieron peg\u00e1ndole porque \u00e9l ten\u00eda golpes por todo su cuerpo, todo su cuerpo, y una vez que estaba sin signos vitales lo llevaron al hospital. Ah\u00ed estuvieron 45 minutos, el m\u00e9dico por lo que nos cont\u00f3, reanim\u00e1ndolo, pero no pudo hacer nada porque ya entr\u00f3 muerto al Hospital\u00bb<\/em> (Llay Llay).<\/p>\n<p>&#8211; <strong>\u00bfUstedes creen como familia, con toda la cronolog\u00eda, que falleci\u00f3 en la Subcomisar\u00eda de Carabineros de Llay Llay?<\/strong><\/p>\n<p>&#8211; S\u00ed, porque de ah\u00ed lo trasladaron al hospital\u00a0 y ya estaba muerto.<\/p>\n<p>&#8211; <strong>Cuando ingresa al hospital, \u00bf\u00e9l estaba fallecido?<\/strong><\/p>\n<p>&#8211; El ya estaba fallecido, estaba sin signos vitales, estaba en paro.<\/p>\n<p>&#8211; <strong>\u00bfEso se los comenta a ustedes el m\u00e9dico de turno o alguien?<\/strong><\/p>\n<p>&#8211; Eso, el m\u00e9dico que lo atendi\u00f3, no me acuerdo el nombre, pero s\u00e9 que \u00e9l\u2026 tenemos el informe medio complejo porque al final pone un paro cardio respiratorio, pero no ponen que ten\u00eda dos balazos en el cuerpo y golpes, s\u00ed ponen los golpes que fueron en el cr\u00e1neo, en la cara, en la nariz, pero lo m\u00e1s importante, que fue porque muri\u00f3, no lo ponen en el informe. Pero ahora cuando hagan la autopsia, porque yo lo fui a ver, va a salir todo eso porque a mi hermano lo apalearon pr\u00e1cticamente.<\/p>\n<p>&#8211; <strong>\u00bfA esa conclusi\u00f3n llegan ustedes?<\/strong><\/p>\n<p>&#8211; S\u00ed, le pegaron, si las personas de hecho nos dijeron que tuvi\u00e9ramos precauci\u00f3n al verlo porque era fuerte la imagen.<\/p>\n<p>&#8211; <strong>\u00bfDe como qued\u00f3 en el fondo?<\/strong><\/p>\n<p>&#8211; De como qued\u00f3.<\/p>\n<p>&#8211; <strong>\u00bfPara d\u00f3nde iba su hermano, qu\u00e9 sabe de eso?<\/strong><\/p>\n<p>&#8211; Mi hermano iba a Papudo. Mi pap\u00e1 tiene familia all\u00e1, de hecho hab\u00eda estado la semana\u00a0 pasada en Papudo. Yo creo que iba a trabajar porque llevaba una m\u00e1quina de soldar atr\u00e1s en la maleta, la m\u00e1scara, unos guantes, no creo que haya ido con otra intenci\u00f3n si iba con esas cosas. Ahora la constancia no la puso Carabineros, fueron del hospital, ellos llamaron, la denuncia no la puso Carabineros, ni avisaron, nada, fue del hospital que me informaron de esto porque no estaban dejando hacer el trabajo pr\u00e1cticamente y hab\u00eda una ni\u00f1a de los Derechos Humanos, la empujaron, le dijeron que no se metiera en huev\u00e1s y todo ese tipo de cosas, y una vez que fuimos en la ma\u00f1ana nos ocultaban informaci\u00f3n, nos dec\u00edan que ellos no ten\u00edan nada. Despu\u00e9s apareci\u00f3 el carn\u00e9 de mi hermano, la licencia de conducir, unas zapatillas, la billetera apareci\u00f3 en el auto vac\u00eda, mi hermano hab\u00eda sacado plata para viajar, todo ese tipo de cosas que se sabe que Carabineros hace. Lo \u00fanico que encontramos en el auto fue un notebook y unas botellas de energ\u00e9ticas, ese tipo de cosas.<\/p>\n<p>&#8211; <strong>\u00bfAlg\u00fan\u00a0 armamento, pistola, rev\u00f3lver, cerveza, encontraron algo de eso ustedes?<\/strong><\/p>\n<p>&#8211; Mi hermano no ten\u00eda ni cortaplumas, ni cartonero, no ten\u00eda pistola, no ten\u00eda, lo que s\u00ed encontramos una lata de cerveza vac\u00eda, pero encontramos m\u00e1s agua mineral, bebidas energizantes, un jugo de pi\u00f1a envuelto que se dio vuelta, no s\u00e9 qu\u00e9 pas\u00f3 ah\u00ed, pero eso que dec\u00eda que andaba con un arsenal de copete, eso es falso y tambi\u00e9n hab\u00edan dicho que andaba con droga, porque lo estaban pasando por la ley 20.000, tampoco encontraron nada de eso.<\/p>\n<p>&#8211; <strong>\u00bfUstedes revisaron el auto?<\/strong><\/p>\n<p>&#8211; Lo revisamos, le sacamos fotos. De partida no nos quer\u00edan decir d\u00f3nde estaba el auto, tuvimos que pasar dos peajes para saber, preguntando porque Carabineros no nos dijeron en ning\u00fan momento est\u00e1 en tal comisar\u00eda, dijo \u00abdebe estar por all\u00e1 en el peaje\u00bb, pero finalmente nosotros tuvimos que darnos una vuelta y volver a Santiago, volver a hablar con las personas de la autopista y ellos nos dijeron del peaje donde deben haberlo llevado a un descanso que hay ah\u00ed o a la comisar\u00eda. Al final estaba en la comisar\u00eda y por lo que te digo no ten\u00eda nada de lo que dicen ellos adentro, ni un arma, nada, porque no se justifica lo que hicieron, porque si lo redujeron tendr\u00edan que haberlo esposado y llevarlo preso, si se salt\u00f3 alg\u00fan procedimiento o alguna fiscalizaci\u00f3n, pero no pegarle balazos en el suelo porque eso fue lo que pas\u00f3.<\/p>\n<p>&#8211; <strong>\u00bfPor qu\u00e9 se produce esto, porque se dice que cruza en la calzada?<\/strong><\/p>\n<p>&#8211; Hay una patrulla chocada, pero no sabemos si \u00e9l se tir\u00f3 hacia la patrulla o la patrulla hacia \u00e9l, y eso es lo que no quisieron decir, hasta el momento se han quedado callados con eso, no han querido dar ninguna versi\u00f3n, y que no saben, que ellos no estaban de turno, y al final se han dado puros rodeos y no han dado ninguna respuesta, que est\u00e1 todo en fiscal\u00eda, esa es la \u00fanica respuesta que dan ellos.<\/p>\n<p>&#8211; <strong>\u00bfT\u00fa hermano era casado, soltero?<\/strong><\/p>\n<p>&#8211; Soltero, pero ten\u00eda dos ni\u00f1os, conviv\u00eda con su pareja, un ni\u00f1o de dos a\u00f1os y una ni\u00f1a de ocho a\u00f1os la mayor.<\/p>\n<p>Agreg\u00f3 que despu\u00e9s ver\u00e1n qu\u00e9 acciones legales van a adoptar, <em>\u00abporque esto no fue un accidente, mi hermano no corri\u00f3, ellos lo tomaron en el suelo y\u00a0 lo acribillaron en el suelo\u00bb,<\/em> dijo.<\/p>\n<p>&#8211; <strong>\u00bfConversaron ustedes con alg\u00fan testigo en el lugar?<\/strong><\/p>\n<p>&#8211; S\u00ed, con la ni\u00f1a de Derechos Humanos, dijo que no dejaban acercarse y que mi hermano estaba en el suelo, lo ten\u00edan en el suelo y lo ten\u00edan reducido, pero y despu\u00e9s de eso se escucharon los disparos.<\/p>\n<p>&#8211; <strong>\u00bfSientes que eran necesarios los disparos?<\/strong><\/p>\n<p>&#8211; No, para nada porque \u00e9l no ten\u00eda arma, \u00e9l no estaba arrancando en el auto hab\u00eda un carabinero, despu\u00e9s de un rato lo tienen sometido y le disparan, hay hartas grabaciones y hartos videos; despu\u00e9s de un rato que estuvo inmovilizado le dispararon.<\/p>\n<p>&#8211; <strong>\u00bfQu\u00e9 hay de cierto que fue reducido y esposado, trasladado a la Subcomisar\u00eda, que siempre en el hospital fue atendido esposado, lo pueden confirmar o no?<\/strong><\/p>\n<p>&#8211; S\u00ed fue esposado\u2026 s\u00ed lleg\u00f3 esposado y sin signos vitales. De hecho yo por lo que s\u00e9, dijo la ni\u00f1a que lo tuvieron en la comisar\u00eda ser\u00edan 15 minutos y eso fue vital que \u00e9l no lo hayan salvado.<\/p>\n<p>Al finalizar dice que lo atendieron en el suelo, en la entrada.<\/p>\n<p>&nbsp;<\/p>\n<figure id=\"attachment_97293\" aria-describedby=\"caption-attachment-97293\" style=\"width: 580px\" class=\"wp-caption alignnone\"><img data-recalc-dims=\"1\" loading=\"lazy\" decoding=\"async\" class=\"size-full wp-image-97293\" src=\"https:\/\/i0.wp.com\/www.eltrabajo.cl\/portal\/wp-content\/uploads\/2020\/03\/auto.jpg?resize=580%2C360\" alt=\"As\u00ed qued\u00f3 el auto que conduc\u00eda Danilo C\u00e1rdenas luego de impactar con el veh\u00edculo policial.\" width=\"580\" height=\"360\" srcset=\"https:\/\/i0.wp.com\/eltrabajo.cl\/portal\/wp-content\/uploads\/2020\/03\/auto.jpg?w=580&amp;ssl=1 580w, https:\/\/i0.wp.com\/eltrabajo.cl\/portal\/wp-content\/uploads\/2020\/03\/auto.jpg?resize=300%2C186&amp;ssl=1 300w, https:\/\/i0.wp.com\/eltrabajo.cl\/portal\/wp-content\/uploads\/2020\/03\/auto.jpg?resize=200%2C124&amp;ssl=1 200w, https:\/\/i0.wp.com\/eltrabajo.cl\/portal\/wp-content\/uploads\/2020\/03\/auto.jpg?resize=242%2C150&amp;ssl=1 242w, https:\/\/i0.wp.com\/eltrabajo.cl\/portal\/wp-content\/uploads\/2020\/03\/auto.jpg?resize=400%2C248&amp;ssl=1 400w\" sizes=\"auto, (max-width: 580px) 100vw, 580px\" \/><figcaption id=\"caption-attachment-97293\" class=\"wp-caption-text\">As\u00ed qued\u00f3 el auto que conduc\u00eda Danilo C\u00e1rdenas luego de impactar con el veh\u00edculo policial.<\/figcaption><\/figure>\n","protected":false},"excerpt":{"rendered":"<p>Juan C\u00e1rdenas Gonz\u00e1lez: Juan C\u00e1rdenas Gonz\u00e1lez, hermano de Danilo C\u00e1rdenas Gonz\u00e1lez conductor que falleci\u00f3 producto de los disparos por parte de Carabineros dijo a Radio Aconcagua\u00a0 que se enteraron a las cuatro&#8230;<\/p>\n","protected":false},"author":482,"featured_media":97293,"comment_status":"open","ping_status":"open","sticky":false,"template":"","format":"standard","meta":{"advanced_seo_description":"","jetpack_seo_html_title":"","jetpack_seo_noindex":false,"_jetpack_memberships_contains_paid_content":false,"footnotes":""},"categories":[21],"tags":[],"class_list":["post-97292","post","type-post","status-publish","format-standard","has-post-thumbnail","hentry","category-policial"],"jetpack_featured_media_url":"https:\/\/i0.wp.com\/eltrabajo.cl\/portal\/wp-content\/uploads\/2020\/03\/auto.jpg?fit=580%2C360&ssl=1","jetpack_sharing_enabled":true,"jetpack_likes_enabled":true,"jetpack-related-posts":[],"_links":{"self":[{"href":"https:\/\/eltrabajo.cl\/portal\/wp-json\/wp\/v2\/posts\/97292","targetHints":{"allow":["GET"]}}],"collection":[{"href":"https:\/\/eltrabajo.cl\/portal\/wp-json\/wp\/v2\/posts"}],"about":[{"href":"https:\/\/eltrabajo.cl\/portal\/wp-json\/wp\/v2\/types\/post"}],"author":[{"embeddable":true,"href":"https:\/\/eltrabajo.cl\/portal\/wp-json\/wp\/v2\/users\/482"}],"replies":[{"embeddable":true,"href":"https:\/\/eltrabajo.cl\/portal\/wp-json\/wp\/v2\/comments?post=97292"}],"version-history":[{"count":0,"href":"https:\/\/eltrabajo.cl\/portal\/wp-json\/wp\/v2\/posts\/97292\/revisions"}],"wp:featuredmedia":[{"embeddable":true,"href":"https:\/\/eltrabajo.cl\/portal\/wp-json\/wp\/v2\/media\/97293"}],"wp:attachment":[{"href":"https:\/\/eltrabajo.cl\/portal\/wp-json\/wp\/v2\/media?parent=97292"}],"wp:term":[{"taxonomy":"category","embeddable":true,"href":"https:\/\/eltrabajo.cl\/portal\/wp-json\/wp\/v2\/categories?post=97292"},{"taxonomy":"post_tag","embeddable":true,"href":"https:\/\/eltrabajo.cl\/portal\/wp-json\/wp\/v2\/tags?post=97292"}],"curies":[{"name":"wp","href":"https:\/\/api.w.org\/{rel}","templated":true}]}}