{"id":97295,"date":"2020-03-05T05:05:32","date_gmt":"2020-03-05T08:05:32","guid":{"rendered":"http:\/\/www.eltrabajo.cl\/portal\/?p=97295"},"modified":"2020-03-04T23:34:07","modified_gmt":"2020-03-05T02:34:07","slug":"conductor-muere-tras-protagonizar-misterioso-accidente-en-peaje-las-vegas","status":"publish","type":"post","link":"https:\/\/eltrabajo.cl\/portal\/conductor-muere-tras-protagonizar-misterioso-accidente-en-peaje-las-vegas\/","title":{"rendered":"Conductor muere tras protagonizar \u2018misterioso accidente\u2019 en peaje Las Vegas"},"content":{"rendered":"<ul>\n<li><strong>Veh\u00edculo cruz\u00f3 el eje central de varias pistas para ingresar al lado contrario y estrellarse frontalmente, contra el sentido del tr\u00e1nsito y a velocidad elevada, con una patrulla de Carabineros que estaba estacionada.<\/strong><\/li>\n<\/ul>\n<p>Un conductor de autom\u00f3vil falleci\u00f3 en un confuso y \u2018misterioso\u2019 accidente registrado la noche de este martes en el Peaje Las Vegas, cuando por razones que se desconocen, el veh\u00edculo se estrell\u00f3 contra una patrulla de Carabineros que se encontraba estacionada cerca de las garitas. En la ocasi\u00f3n el conductor recibi\u00f3 dos disparos por parte del personal uniformado, uno en su pierna y el otro en el abdomen.<\/p>\n<p>Los antecedentes que convierten este caso en un misterio son varios. En primer lugar hay que destacar que el conductor se desplazaba hacia el poniente, es decir hacia la costa. No obstante, por razones que resultan un verdadero misterio, antes de llegar a las garitas cruz\u00f3 varias pistas para ingresar al lado contrario de la autopista, dirigi\u00e9ndose contra el tr\u00e1nsito y a gran velocidad hacia el veh\u00edculo policial que se encontraba estacionado, al cual impact\u00f3 frontalmente, resultando \u00e9l y los funcionarios policiales con diversas lesiones.<\/p>\n<p>El hecho se registr\u00f3 la noche de este martes, alrededor de las 23:00 horas, causando conmoci\u00f3n entre los ya traumatizados funcionarios del peaje, como asimismo los numerosos conductores que a esa hora se encontraban en el lugar.<\/p>\n<p>La v\u00edctima fatal fue identificada como <strong>Danilo C\u00e1rdenas Gonz\u00e1lez<\/strong>, domiciliado en la Regi\u00f3n Metropolitana, quien registraba antecedentes policiales.<\/p>\n<p>&nbsp;<\/p>\n<p><span style=\"color: #ff0000;\"><strong>SUMARIO ADMINISTRATIVO<\/strong><\/span><\/p>\n<p>Seg\u00fan el prefecto de Carabineros de Aconcagua, el reci\u00e9n asumido <strong>Jorge Chaban<\/strong>, se ha iniciado un sumario administrativo interno para transparentar los hechos, junto con ello informar al Ministerio P\u00fablico: <em>\u00abYo he instruido un sumario administrativo para determinar la transparencia y la claridad del procedimiento. Carabineros sufrieron un riesgo inminente, hubo una leg\u00edtima defensa que\u00a0 est\u00e1 en antecedentes el Ministerio P\u00fablico y por tal motivo ellos, los carabineros involucrados, quedaron con una declaraci\u00f3n y prontamente podr\u00e1 establecerse qu\u00e9 responsabilidad tuvieron\u00bb,<\/em> se\u00f1al\u00f3 el alto oficial.<\/p>\n<p>&#8211; <strong>\u00bfEst\u00e1 establecido si los disparos fueron antes o despu\u00e9s del choque?<\/strong><\/p>\n<p>&#8211; Eso es parte de la investigaci\u00f3n, yo no me voy a adelantar a lo que ustedes me est\u00e1n consultando y solamente le quiero expresar que para transparentar a\u00fan m\u00e1s el procedimiento, yo he dispuesto un sumario administrativo, pese a que el fiscal determin\u00f3 que hubo una ajustada leg\u00edtima defensa por parte de los Carabineros.<\/p>\n<p>&#8211; <strong>Cuando fue detenido, \u00bffue trasladado a la Comisar\u00eda o al Hospital de Llay Llay?<\/strong><\/p>\n<p>&#8211; Eso no lo conozco adecuadamente, lo que s\u00ed fue la persona llevada al hospital a objeto de verificar su estado de salud, y que lamentablemente lamentamos como instituci\u00f3n, falleci\u00f3 por un paro cardio respiratorio.<\/p>\n<p>&#8211; <strong>\u00bfEsto parte por un accidente donde se vio involucrado un veh\u00edculo policial que impact\u00f3 esta persona?<\/strong><\/p>\n<p>&#8211; Hay registros visuales donde hay un veh\u00edculo que ingresa al peaje contra el sentido del tr\u00e1nsito, invade en forma directa al carro policial que estaba estacionado, cumpliendo funciones preventivas en el lugar. Ustedes saben que el peaje Las Vegas ha sido vandalizado varias veces, y por tal motivo ese veh\u00edculo cruza el eje central de varias pistas, ingresa y rompe, en este caso colisiona frontalmente con la patrulla de Carabineros.<\/p>\n<p>&#8211; <strong>\u00bfQu\u00e9 certeza hay de que la persona muri\u00f3 de un paro cardio respiratorio\u00a0 o por los disparos?<\/strong><\/p>\n<p>&#8211; Eso lo determin\u00f3 el m\u00e9dico en ese minuto, y obviamente la autopsia determinar\u00e1 c\u00f3mo se origin\u00f3 este deceso. Hay m\u00e1s antecedentes que se encontraron en el sitio del suceso.<\/p>\n<p>&#8211; <strong>\u00bfQu\u00e9 antecedentes?<\/strong><\/p>\n<p>&#8211; Elementos que la persona ten\u00eda al interior de su veh\u00edculo, que son materia de investigaci\u00f3n.<\/p>\n<p>&#8211; <strong>\u00bfSe dec\u00eda que ten\u00eda un armamento y gran cantidad de bebidas alcoh\u00f3licas?<\/strong><\/p>\n<p>&#8211; No, no voy a dar detalles, solamente la fiscal\u00eda va a determinar eso.<\/p>\n<p>&#8211; <strong>\u00bfSon dos disparos, en qu\u00e9 parte de su cuerpo?<\/strong><\/p>\n<p>&#8211; Un disparo en su rodilla y uno en el abdomen.<\/p>\n<p>&#8211; <strong>Se dec\u00eda que presentaba lesiones atribuibles a golpes.<\/strong><\/p>\n<p>&#8211; Eso es materia de investigaci\u00f3n,\u00a0 materia de investigaci\u00f3n.<\/p>\n<p>&#8211; <strong>Una vez que recibe los disparos, la v\u00edctima habr\u00eda sido esposado, \u00bfqu\u00e9 hay de cierto?<\/strong><\/p>\n<p>&#8211; Lo desconozco en este minuto lo que me est\u00e1n preguntando, pero como le digo, todos los alcances que ustedes me est\u00e1n haciendo van a ser investigados tal cual y en la forma m\u00e1s transparente posible. Tenemos registro, hay videos, hay concordancia con testigos que estaban en ese minuto en el lugar y por tal motivo nosotros ya entregamos los antecedentes al Ministerio P\u00fablico.<\/p>\n<p>&#8211; <strong>\u00bfCu\u00e1l es la situaci\u00f3n de los funcionarios?<\/strong><\/p>\n<p>&#8211; \u00c9l est\u00e1 poli contuso producto de la misma situaci\u00f3n que ocurri\u00f3, est\u00e1 prestando declaraciones y en este minuto est\u00e1 con el apoyo nuestro y nuestros abogados.<\/p>\n<p>&#8211; <strong>\u00bfPor qu\u00e9 poli contuso?<\/strong><\/p>\n<p>&#8211; Producto del choque, se le activaron los airbags, ambos carabineros resultaron con lesiones leves. Usted comprender\u00e1 que es un choque en forma intempestiva.<\/p>\n<p>&#8211; <strong>\u00bfCu\u00e1l es la situaci\u00f3n administrativa de los funcionarios?<\/strong><\/p>\n<p>&#8211; Como dije anteriormente, un sumario administrativo para determinar los hechos tal como fueron. Vamos a aportar todos los antecedentes necesarios para que el fiscal establezca la responsabilidad.<\/p>\n<p>M\u00e1s adelante el oficial reconoci\u00f3 que los disparos fueron despu\u00e9s del choque.<\/p>\n<p>&#8211; <strong>\u00bfEl fallecido ten\u00eda antecedentes policiales?<\/strong><\/p>\n<p>&#8211; Ten\u00eda antecedentes policiales.<\/p>\n<p>&#8211; <strong>\u00bfEl auto ten\u00eda encargo por robo?, porque ven\u00eda sin patente.<\/strong><\/p>\n<p>&#8211; Ven\u00eda sin patente, pero no ten\u00eda encargo.<\/p>\n<p>&#8211; Posteriormente el cuerpo del conductor fue trasladado hasta el SML de Quillota para la autopsia correspondiente.<\/p>\n<p>&nbsp;<\/p>\n<figure id=\"attachment_97296\" aria-describedby=\"caption-attachment-97296\" style=\"width: 580px\" class=\"wp-caption alignnone\"><img data-recalc-dims=\"1\" loading=\"lazy\" decoding=\"async\" class=\"size-full wp-image-97296\" src=\"https:\/\/i0.wp.com\/www.eltrabajo.cl\/portal\/wp-content\/uploads\/2020\/03\/Fallecido-peaje.jpg?resize=580%2C360\" alt=\"En esta posici\u00f3n quedaron los veh\u00edculos, tanto policial como particular, tras el ins\u00f3lito accidente.\" width=\"580\" height=\"360\" srcset=\"https:\/\/i0.wp.com\/eltrabajo.cl\/portal\/wp-content\/uploads\/2020\/03\/Fallecido-peaje.jpg?w=580&amp;ssl=1 580w, https:\/\/i0.wp.com\/eltrabajo.cl\/portal\/wp-content\/uploads\/2020\/03\/Fallecido-peaje.jpg?resize=300%2C186&amp;ssl=1 300w, https:\/\/i0.wp.com\/eltrabajo.cl\/portal\/wp-content\/uploads\/2020\/03\/Fallecido-peaje.jpg?resize=200%2C124&amp;ssl=1 200w, https:\/\/i0.wp.com\/eltrabajo.cl\/portal\/wp-content\/uploads\/2020\/03\/Fallecido-peaje.jpg?resize=242%2C150&amp;ssl=1 242w, https:\/\/i0.wp.com\/eltrabajo.cl\/portal\/wp-content\/uploads\/2020\/03\/Fallecido-peaje.jpg?resize=400%2C248&amp;ssl=1 400w\" sizes=\"auto, (max-width: 580px) 100vw, 580px\" \/><figcaption id=\"caption-attachment-97296\" class=\"wp-caption-text\">En esta posici\u00f3n quedaron los veh\u00edculos, tanto policial como particular, tras el ins\u00f3lito accidente.<\/figcaption><\/figure>\n","protected":false},"excerpt":{"rendered":"<p>Veh\u00edculo cruz\u00f3 el eje central de varias pistas para ingresar al lado contrario y estrellarse frontalmente, contra el sentido del tr\u00e1nsito y a velocidad elevada, con una patrulla de Carabineros que estaba&#8230;<\/p>\n","protected":false},"author":482,"featured_media":97296,"comment_status":"open","ping_status":"open","sticky":false,"template":"","format":"standard","meta":{"advanced_seo_description":"","jetpack_seo_html_title":"","jetpack_seo_noindex":false,"_jetpack_memberships_contains_paid_content":false,"footnotes":""},"categories":[21],"tags":[],"class_list":["post-97295","post","type-post","status-publish","format-standard","has-post-thumbnail","hentry","category-policial"],"jetpack_featured_media_url":"https:\/\/i0.wp.com\/eltrabajo.cl\/portal\/wp-content\/uploads\/2020\/03\/Fallecido-peaje.jpg?fit=580%2C360&ssl=1","jetpack_sharing_enabled":true,"jetpack_likes_enabled":true,"jetpack-related-posts":[],"_links":{"self":[{"href":"https:\/\/eltrabajo.cl\/portal\/wp-json\/wp\/v2\/posts\/97295","targetHints":{"allow":["GET"]}}],"collection":[{"href":"https:\/\/eltrabajo.cl\/portal\/wp-json\/wp\/v2\/posts"}],"about":[{"href":"https:\/\/eltrabajo.cl\/portal\/wp-json\/wp\/v2\/types\/post"}],"author":[{"embeddable":true,"href":"https:\/\/eltrabajo.cl\/portal\/wp-json\/wp\/v2\/users\/482"}],"replies":[{"embeddable":true,"href":"https:\/\/eltrabajo.cl\/portal\/wp-json\/wp\/v2\/comments?post=97295"}],"version-history":[{"count":0,"href":"https:\/\/eltrabajo.cl\/portal\/wp-json\/wp\/v2\/posts\/97295\/revisions"}],"wp:featuredmedia":[{"embeddable":true,"href":"https:\/\/eltrabajo.cl\/portal\/wp-json\/wp\/v2\/media\/97296"}],"wp:attachment":[{"href":"https:\/\/eltrabajo.cl\/portal\/wp-json\/wp\/v2\/media?parent=97295"}],"wp:term":[{"taxonomy":"category","embeddable":true,"href":"https:\/\/eltrabajo.cl\/portal\/wp-json\/wp\/v2\/categories?post=97295"},{"taxonomy":"post_tag","embeddable":true,"href":"https:\/\/eltrabajo.cl\/portal\/wp-json\/wp\/v2\/tags?post=97295"}],"curies":[{"name":"wp","href":"https:\/\/api.w.org\/{rel}","templated":true}]}}