{"id":97310,"date":"2020-03-06T05:03:06","date_gmt":"2020-03-06T08:03:06","guid":{"rendered":"http:\/\/www.eltrabajo.cl\/portal\/?p=97310"},"modified":"2020-03-05T21:15:24","modified_gmt":"2020-03-06T00:15:24","slug":"confirmado-habra-torneo-selim-amar-pozo-por-amor-a-la-camiseta","status":"publish","type":"post","link":"https:\/\/eltrabajo.cl\/portal\/confirmado-habra-torneo-selim-amar-pozo-por-amor-a-la-camiseta\/","title":{"rendered":"Confirmado: Habr\u00e1 torneo \u2018Selim Amar Pozo, Por Amor a la Camiseta\u2019"},"content":{"rendered":"<p>El presidente de la Asociaci\u00f3n de F\u00fatbol Amateur de San Felipe, <strong>Ra\u00fal Reinoso<\/strong>, confirm\u00f3 la realizaci\u00f3n del torneo \u2018Selim Amar Pozo, Por Amor a la Camiseta\u2019, evento que estaba en duda a ra\u00edz de una controvertida decisi\u00f3n que tiempo atr\u00e1s hab\u00edan tomado las asociaciones de f\u00fatbol del Valle de Aconcagua.<\/p>\n<p>Reinoso, quien es el creador del popular \u2018Amor a la Camiseta\u2019, dio a conocer a nuestro medio que ser\u00e1n 14 los clubes que dar\u00e1n vida al evento con el que se recuerda a uno de los personajes m\u00e1s queridos y respetados del deporte sanfelipe\u00f1o y aconcag\u00fcino, como lo fue <strong>\u2018El Vieja\u2019<\/strong>: <em>\u00abNo pod\u00eda ser que este certamen se acabara, y por eso me la jugu\u00e9 con tanta fuerza porque as\u00ed no fuera. Entiendo que la gente joven no sepa qui\u00e9n era Selim, pero es tarea de los m\u00e1s antiguos hacer que su recuerdo no se olvide\u00bb,<\/em> cont\u00f3 el directivo a <strong>El Trabajo Deportivo.<\/strong><\/p>\n<p>Para que el torneo pudiera seguir vivo, fue vital el apoyo que brind\u00f3 el alcalde de la comuna de Santa Mar\u00eda, <strong>Claudio Zurita<\/strong>. <em>\u00abDon Claudio es una persona que viene del mundo del deporte, sabe lo que es, y la importancia del torneo, por eso cuando le ped\u00ed su colaboraci\u00f3n de inmediato acept\u00f3, d\u00e1ndonos un espaldarazo enorme\u00bb,<\/em> agreg\u00f3 Reinoso.<\/p>\n<p>Por ahora la organizaci\u00f3n trabajaba en el fixture del campeonato, confirm\u00e1ndose que ser\u00e1n siete clubes de San Felipe y siete de Santa Mar\u00eda los que intervendr\u00e1n en el certamen. <em>\u00abAl final ser\u00e1 m\u00e1s grande de lo que yo pensaba, y agradezco que as\u00ed sea. Por un tema de tiempo no podremos incluir a instituciones de otras comunas que quieren competir, pero trabajaremos para que el 2021 podamos hacer uno m\u00e1s grande, como debe ser, ya que el \u2018Amor a la Camiseta\u2019 es una copa importante, donde se resalta la amistad y confraternidad\u00bb,<\/em> culmin\u00f3 el organizador.<\/p>\n<p>&nbsp;<\/p>\n<figure id=\"attachment_97311\" aria-describedby=\"caption-attachment-97311\" style=\"width: 580px\" class=\"wp-caption alignnone\"><img data-recalc-dims=\"1\" loading=\"lazy\" decoding=\"async\" class=\"size-full wp-image-97311\" src=\"https:\/\/i0.wp.com\/www.eltrabajo.cl\/portal\/wp-content\/uploads\/2020\/03\/amor-a-la-camiseta.jpg?resize=580%2C358\" alt=\"Clubes de San Felipe y Santa Mar\u00eda ser\u00e1n los protagonistas del Amor a la Camiseta 2020.\" width=\"580\" height=\"358\" srcset=\"https:\/\/i0.wp.com\/eltrabajo.cl\/portal\/wp-content\/uploads\/2020\/03\/amor-a-la-camiseta.jpg?w=580&amp;ssl=1 580w, https:\/\/i0.wp.com\/eltrabajo.cl\/portal\/wp-content\/uploads\/2020\/03\/amor-a-la-camiseta.jpg?resize=300%2C185&amp;ssl=1 300w, https:\/\/i0.wp.com\/eltrabajo.cl\/portal\/wp-content\/uploads\/2020\/03\/amor-a-la-camiseta.jpg?resize=200%2C123&amp;ssl=1 200w, https:\/\/i0.wp.com\/eltrabajo.cl\/portal\/wp-content\/uploads\/2020\/03\/amor-a-la-camiseta.jpg?resize=243%2C150&amp;ssl=1 243w, https:\/\/i0.wp.com\/eltrabajo.cl\/portal\/wp-content\/uploads\/2020\/03\/amor-a-la-camiseta.jpg?resize=400%2C247&amp;ssl=1 400w\" sizes=\"auto, (max-width: 580px) 100vw, 580px\" \/><figcaption id=\"caption-attachment-97311\" class=\"wp-caption-text\">Clubes de San Felipe y Santa Mar\u00eda ser\u00e1n los protagonistas del Amor a la Camiseta 2020.<\/figcaption><\/figure>\n","protected":false},"excerpt":{"rendered":"<p>El presidente de la Asociaci\u00f3n de F\u00fatbol Amateur de San Felipe, Ra\u00fal Reinoso, confirm\u00f3 la realizaci\u00f3n del torneo \u2018Selim Amar Pozo, Por Amor a la Camiseta\u2019, evento que estaba en duda a&#8230;<\/p>\n","protected":false},"author":482,"featured_media":97311,"comment_status":"open","ping_status":"open","sticky":false,"template":"","format":"standard","meta":{"advanced_seo_description":"","jetpack_seo_html_title":"","jetpack_seo_noindex":false,"_jetpack_memberships_contains_paid_content":false,"footnotes":""},"categories":[19],"tags":[],"class_list":["post-97310","post","type-post","status-publish","format-standard","has-post-thumbnail","hentry","category-deportes"],"jetpack_featured_media_url":"https:\/\/i0.wp.com\/eltrabajo.cl\/portal\/wp-content\/uploads\/2020\/03\/amor-a-la-camiseta.jpg?fit=580%2C358&ssl=1","jetpack_sharing_enabled":true,"jetpack_likes_enabled":true,"jetpack-related-posts":[],"_links":{"self":[{"href":"https:\/\/eltrabajo.cl\/portal\/wp-json\/wp\/v2\/posts\/97310","targetHints":{"allow":["GET"]}}],"collection":[{"href":"https:\/\/eltrabajo.cl\/portal\/wp-json\/wp\/v2\/posts"}],"about":[{"href":"https:\/\/eltrabajo.cl\/portal\/wp-json\/wp\/v2\/types\/post"}],"author":[{"embeddable":true,"href":"https:\/\/eltrabajo.cl\/portal\/wp-json\/wp\/v2\/users\/482"}],"replies":[{"embeddable":true,"href":"https:\/\/eltrabajo.cl\/portal\/wp-json\/wp\/v2\/comments?post=97310"}],"version-history":[{"count":0,"href":"https:\/\/eltrabajo.cl\/portal\/wp-json\/wp\/v2\/posts\/97310\/revisions"}],"wp:featuredmedia":[{"embeddable":true,"href":"https:\/\/eltrabajo.cl\/portal\/wp-json\/wp\/v2\/media\/97311"}],"wp:attachment":[{"href":"https:\/\/eltrabajo.cl\/portal\/wp-json\/wp\/v2\/media?parent=97310"}],"wp:term":[{"taxonomy":"category","embeddable":true,"href":"https:\/\/eltrabajo.cl\/portal\/wp-json\/wp\/v2\/categories?post=97310"},{"taxonomy":"post_tag","embeddable":true,"href":"https:\/\/eltrabajo.cl\/portal\/wp-json\/wp\/v2\/tags?post=97310"}],"curies":[{"name":"wp","href":"https:\/\/api.w.org\/{rel}","templated":true}]}}