{"id":97313,"date":"2020-03-06T05:04:32","date_gmt":"2020-03-06T08:04:32","guid":{"rendered":"http:\/\/www.eltrabajo.cl\/portal\/?p=97313"},"modified":"2020-03-05T21:17:25","modified_gmt":"2020-03-06T00:17:25","slug":"emergencia-quimica-en-el-asiento-camion-derrama-acido-sulfurico","status":"publish","type":"post","link":"https:\/\/eltrabajo.cl\/portal\/emergencia-quimica-en-el-asiento-camion-derrama-acido-sulfurico\/","title":{"rendered":"Emergencia qu\u00edmica en El Asiento: Cami\u00f3n derrama \u00e1cido sulf\u00farico"},"content":{"rendered":"<ul>\n<li><strong>Una persona result\u00f3 con lesiones en su piel al entrar en contacto con el peligroso elemento.<\/strong><\/li>\n<\/ul>\n<p>Este mi\u00e9rcoles personal de Bomberos de San Felipe debi\u00f3 enfrentar una emergencia qu\u00edmica en el sector El Asiento, cerca de una mina existente en el lugar, por un derrame de \u00e1cido sulf\u00farico.<\/p>\n<p>La informaci\u00f3n fue confirmada por el Comandante de Bomberos de San Felipe, <strong>Juan Carlos Herrera Lillo<\/strong>, indicando que esta emergencia se produjo pasadas las cuatro de la tarde, cuando recibieron un llamado catalogado como 10-5 material peligroso, concurriendo al sector despachando la unidad de materiales peligrosos del Cuerpo de Bomberos de\u00a0 Llay Llay.<\/p>\n<p>Herrera dijo que fue una situaci\u00f3n bastante complicada, hab\u00eda una persona que sufri\u00f3 problemas para respirar por la emanaci\u00f3n de vapores de este \u00e1cido que seg\u00fan lo dicho en primera instancia, provendr\u00eda de un cami\u00f3n cuyo contenido se estaba lavando. Lamentablemente no se pudo saber cu\u00e1l cami\u00f3n fue <em>\u00abporque a la llegada de las primeras m\u00e1quinas sali\u00f3 como se dice, arranc\u00f3 hacia la mina del sector El Asiento. Fue una situaci\u00f3n compleja porque el lavado cay\u00f3 a unas tazas de \u00e1rboles y en pocos minutos comenzaron a decaer las hojas. Era un vapor que comenz\u00f3 a salir y la gente empez\u00f3 a sentir ese olor en las narices bastante fuerte\u00bb,<\/em> sostuvo.<\/p>\n<p>Los vecinos del lugar se acercaron a los bomberos quienes les dieron algunas indicaciones\u00a0 como <em>\u00abmantener la calma, no era algo fuerte porque nosotros en primera instancia hab\u00edamos evacuado ese sector para evitar lo que no quer\u00edamos, que era\u00a0 una sicosis. Se aislaron las primeras casas con la gente y los ni\u00f1os, porque aproximadamente a doscientos metros hab\u00edan lavado. La informaci\u00f3n que se ten\u00eda que era una cami\u00f3n de color salm\u00f3n con estanque salm\u00f3n\u00bb,<\/em> dijo Herrera.<\/p>\n<p>El \u00e1cido sulf\u00farico comenz\u00f3 a correr cerro abajo e incrustarse en las casas. Este elemento es usado para separar los metales.<\/p>\n<p>Al lugar llegaron unos ciudadanos extranjeros, de nacionalidad china, provenientes de la mina, quienes dec\u00edan no entender lo que estaba sucediendo ni la responsabilidad que tendr\u00edan en el incidente. <em>\u00abAdem\u00e1s lleg\u00f3 el Seremi de Salud, quien se puso en contacto con ellos (los responsables de la emergencia). Ellos arrancaron hac\u00eda la mina, hablaron, se le dieron las indicaciones correspondientes sobre este tipo de malestar que hab\u00eda en el sector\u00bb,<\/em> indic\u00f3 Herrera.<\/p>\n<p>El cami\u00f3n, seg\u00fan indic\u00f3 Herrera, arranc\u00f3 hacia la mina cuando lleg\u00f3 la primera unidad de San Felipe: <em>\u00abEl cami\u00f3n ya hab\u00eda desaparecido hacia arriba y de ah\u00ed\u00a0 bajaron estos se\u00f1ores en esta camioneta, se les inform\u00f3, no entend\u00edan,\u00a0 de ah\u00ed no volvieron m\u00e1s hasta que lleg\u00f3 el Seremi de Salud y ellos subieron, tampoco los quer\u00edan dejar entrar por un ingreso as\u00ed es que se habl\u00f3 que Carabineros ven\u00eda al lugar, ah\u00ed se les dijo que deb\u00edan tomar las medidas\u00bb,<\/em> indic\u00f3 Herrera.<\/p>\n<p>Tambi\u00e9n se habl\u00f3 con la persona que estaba en mal estado de salud a ra\u00edz de la emergencia; <em>\u00abpor el hecho que ella andaba con unas chalas y\u00a0 toc\u00f3 el liquido con su pie, comenzando a sufrir una picaz\u00f3n y le salieron puntos rojos (en la piel). Se le hizo la primera intervenci\u00f3n, porque esta situaci\u00f3n no es primera vez que sucede en ese sector, es algo que es reiterativo; la otra vez ya tuvimos problemas. Esto pasa por mal manejo. Nosotros hablamos con el Seremi, falta mayor fiscalizaci\u00f3n. Ellos informaban que constantemente los fiscalizan, pero los propietarios de las casas que estaban en primera instancia dicen que siempre pasa esto. Claro, tuvo reacci\u00f3n con el agua el \u00e1cido, sali\u00f3 un vapor y eso los asust\u00f3\u00bb,<\/em> dijo Herrera.<\/p>\n<p>&nbsp;<\/p>\n<figure id=\"attachment_97314\" aria-describedby=\"caption-attachment-97314\" style=\"width: 580px\" class=\"wp-caption alignnone\"><img data-recalc-dims=\"1\" loading=\"lazy\" decoding=\"async\" class=\"size-full wp-image-97314\" src=\"https:\/\/i0.wp.com\/www.eltrabajo.cl\/portal\/wp-content\/uploads\/2020\/03\/Derrame-1.jpg?resize=580%2C358\" alt=\"Bomberos acudi\u00f3 a controlar la emergencia de derrame de \u00e1cido sulf\u00farico en el sector de El Asiento, cerca de la mina existente en el lugar.\" width=\"580\" height=\"358\" srcset=\"https:\/\/i0.wp.com\/eltrabajo.cl\/portal\/wp-content\/uploads\/2020\/03\/Derrame-1.jpg?w=580&amp;ssl=1 580w, https:\/\/i0.wp.com\/eltrabajo.cl\/portal\/wp-content\/uploads\/2020\/03\/Derrame-1.jpg?resize=300%2C185&amp;ssl=1 300w, https:\/\/i0.wp.com\/eltrabajo.cl\/portal\/wp-content\/uploads\/2020\/03\/Derrame-1.jpg?resize=200%2C123&amp;ssl=1 200w, https:\/\/i0.wp.com\/eltrabajo.cl\/portal\/wp-content\/uploads\/2020\/03\/Derrame-1.jpg?resize=243%2C150&amp;ssl=1 243w, https:\/\/i0.wp.com\/eltrabajo.cl\/portal\/wp-content\/uploads\/2020\/03\/Derrame-1.jpg?resize=400%2C247&amp;ssl=1 400w\" sizes=\"auto, (max-width: 580px) 100vw, 580px\" \/><figcaption id=\"caption-attachment-97314\" class=\"wp-caption-text\">Bomberos acudi\u00f3 a controlar la emergencia de derrame de \u00e1cido sulf\u00farico en el sector de El Asiento, cerca de la mina existente en el lugar.<\/figcaption><\/figure>\n<p>&nbsp;<\/p>\n<figure id=\"attachment_97315\" aria-describedby=\"caption-attachment-97315\" style=\"width: 580px\" class=\"wp-caption alignnone\"><img data-recalc-dims=\"1\" loading=\"lazy\" decoding=\"async\" class=\"size-full wp-image-97315\" src=\"https:\/\/i0.wp.com\/www.eltrabajo.cl\/portal\/wp-content\/uploads\/2020\/03\/Derrame-2.jpg?resize=580%2C360\" alt=\"La emergencia qu\u00edmica caus\u00f3 bastante expectaci\u00f3n entre los residentes del sector, quienes acudieron a presenciar la labor de Bomberos.\" width=\"580\" height=\"360\" srcset=\"https:\/\/i0.wp.com\/eltrabajo.cl\/portal\/wp-content\/uploads\/2020\/03\/Derrame-2.jpg?w=580&amp;ssl=1 580w, https:\/\/i0.wp.com\/eltrabajo.cl\/portal\/wp-content\/uploads\/2020\/03\/Derrame-2.jpg?resize=300%2C186&amp;ssl=1 300w, https:\/\/i0.wp.com\/eltrabajo.cl\/portal\/wp-content\/uploads\/2020\/03\/Derrame-2.jpg?resize=200%2C124&amp;ssl=1 200w, https:\/\/i0.wp.com\/eltrabajo.cl\/portal\/wp-content\/uploads\/2020\/03\/Derrame-2.jpg?resize=242%2C150&amp;ssl=1 242w, https:\/\/i0.wp.com\/eltrabajo.cl\/portal\/wp-content\/uploads\/2020\/03\/Derrame-2.jpg?resize=400%2C248&amp;ssl=1 400w\" sizes=\"auto, (max-width: 580px) 100vw, 580px\" \/><figcaption id=\"caption-attachment-97315\" class=\"wp-caption-text\">La emergencia qu\u00edmica caus\u00f3 bastante expectaci\u00f3n entre los residentes del sector, quienes acudieron a presenciar la labor de Bomberos.<\/figcaption><\/figure>\n<p>&nbsp;<\/p>\n<figure id=\"attachment_97316\" aria-describedby=\"caption-attachment-97316\" style=\"width: 579px\" class=\"wp-caption alignnone\"><img data-recalc-dims=\"1\" loading=\"lazy\" decoding=\"async\" class=\"size-full wp-image-97316\" src=\"https:\/\/i0.wp.com\/www.eltrabajo.cl\/portal\/wp-content\/uploads\/2020\/03\/Derrame-3.jpg?resize=579%2C800\" alt=\"Un inmenso manch\u00f3n en el suelo dej\u00f3 el derrame de \u00e1cido sulf\u00farico proveniente del lavado de un cami\u00f3n con este tipo de carga peligrosa.\" width=\"579\" height=\"800\" srcset=\"https:\/\/i0.wp.com\/eltrabajo.cl\/portal\/wp-content\/uploads\/2020\/03\/Derrame-3.jpg?w=579&amp;ssl=1 579w, https:\/\/i0.wp.com\/eltrabajo.cl\/portal\/wp-content\/uploads\/2020\/03\/Derrame-3.jpg?resize=217%2C300&amp;ssl=1 217w, https:\/\/i0.wp.com\/eltrabajo.cl\/portal\/wp-content\/uploads\/2020\/03\/Derrame-3.jpg?resize=109%2C150&amp;ssl=1 109w, https:\/\/i0.wp.com\/eltrabajo.cl\/portal\/wp-content\/uploads\/2020\/03\/Derrame-3.jpg?resize=400%2C553&amp;ssl=1 400w\" sizes=\"auto, (max-width: 579px) 100vw, 579px\" \/><figcaption id=\"caption-attachment-97316\" class=\"wp-caption-text\">Un inmenso manch\u00f3n en el suelo dej\u00f3 el derrame de \u00e1cido sulf\u00farico proveniente del lavado de un cami\u00f3n con este tipo de carga peligrosa.<\/figcaption><\/figure>\n","protected":false},"excerpt":{"rendered":"<p>Una persona result\u00f3 con lesiones en su piel al entrar en contacto con el peligroso elemento. Este mi\u00e9rcoles personal de Bomberos de San Felipe debi\u00f3 enfrentar una emergencia qu\u00edmica en el sector&#8230;<\/p>\n","protected":false},"author":482,"featured_media":97315,"comment_status":"open","ping_status":"open","sticky":false,"template":"","format":"standard","meta":{"advanced_seo_description":"","jetpack_seo_html_title":"","jetpack_seo_noindex":false,"_jetpack_memberships_contains_paid_content":false,"footnotes":""},"categories":[21],"tags":[],"class_list":["post-97313","post","type-post","status-publish","format-standard","has-post-thumbnail","hentry","category-policial"],"jetpack_featured_media_url":"https:\/\/i0.wp.com\/eltrabajo.cl\/portal\/wp-content\/uploads\/2020\/03\/Derrame-2.jpg?fit=580%2C360&ssl=1","jetpack_sharing_enabled":true,"jetpack_likes_enabled":true,"jetpack-related-posts":[],"_links":{"self":[{"href":"https:\/\/eltrabajo.cl\/portal\/wp-json\/wp\/v2\/posts\/97313","targetHints":{"allow":["GET"]}}],"collection":[{"href":"https:\/\/eltrabajo.cl\/portal\/wp-json\/wp\/v2\/posts"}],"about":[{"href":"https:\/\/eltrabajo.cl\/portal\/wp-json\/wp\/v2\/types\/post"}],"author":[{"embeddable":true,"href":"https:\/\/eltrabajo.cl\/portal\/wp-json\/wp\/v2\/users\/482"}],"replies":[{"embeddable":true,"href":"https:\/\/eltrabajo.cl\/portal\/wp-json\/wp\/v2\/comments?post=97313"}],"version-history":[{"count":0,"href":"https:\/\/eltrabajo.cl\/portal\/wp-json\/wp\/v2\/posts\/97313\/revisions"}],"wp:featuredmedia":[{"embeddable":true,"href":"https:\/\/eltrabajo.cl\/portal\/wp-json\/wp\/v2\/media\/97315"}],"wp:attachment":[{"href":"https:\/\/eltrabajo.cl\/portal\/wp-json\/wp\/v2\/media?parent=97313"}],"wp:term":[{"taxonomy":"category","embeddable":true,"href":"https:\/\/eltrabajo.cl\/portal\/wp-json\/wp\/v2\/categories?post=97313"},{"taxonomy":"post_tag","embeddable":true,"href":"https:\/\/eltrabajo.cl\/portal\/wp-json\/wp\/v2\/tags?post=97313"}],"curies":[{"name":"wp","href":"https:\/\/api.w.org\/{rel}","templated":true}]}}