{"id":97318,"date":"2020-03-06T05:05:15","date_gmt":"2020-03-06T08:05:15","guid":{"rendered":"http:\/\/www.eltrabajo.cl\/portal\/?p=97318"},"modified":"2020-03-05T21:23:10","modified_gmt":"2020-03-06T00:23:10","slug":"aparatosa-colision-entre-auto-menor-y-camion-cargado-de-pasas-ayer-al-mediodia","status":"publish","type":"post","link":"https:\/\/eltrabajo.cl\/portal\/aparatosa-colision-entre-auto-menor-y-camion-cargado-de-pasas-ayer-al-mediodia\/","title":{"rendered":"Aparatosa colisi\u00f3n entre auto menor y cami\u00f3n cargado de pasas ayer al mediod\u00eda"},"content":{"rendered":"<p><span style=\"color: #ff0000;\"><strong>Choque ocurri\u00f3 en esquina de Maip\u00fa con O\u2019Higgins:<\/strong><\/span><\/p>\n<p>Siguen ocurriendo aparatosos accidentes vehiculares en la ciudad de San Felipe, en esta oportunidad se trat\u00f3 de una fuerte colisi\u00f3n entre un auto liviano y un cami\u00f3n transportador de pasas. El choque ocurri\u00f3 cerca del mediod\u00eda de ayer jueves en la esquina de las avenidas Maip\u00fa con O\u2019Higgins, no resultando personas heridas, pero s\u00ed cuantiosos da\u00f1os en el veh\u00edculo menor.<\/p>\n<p>&nbsp;<\/p>\n<p><span style=\"color: #ff0000;\"><strong>VERSIONES OPUESTAS<\/strong><\/span><\/p>\n<p>Las versiones de los choferes involucrados se contradicen entre s\u00ed, lo importante es conocerlas, por eso <strong>Diario El Trabajo<\/strong> habl\u00f3 con las dos partes. Seg\u00fan la joven que conduc\u00eda el auto KIA patente CF WP 87 por Tacna Sur y se dispon\u00eda a doblar Maip\u00fa para dirigirse por Avenida Manso de Velasco hacia Puente El Rey, cuando fue arrollado su veh\u00edculo por un cami\u00f3n cargado de sacos de pasas, mientras que la versi\u00f3n del conductor del cami\u00f3n sostiene lo contrario, que \u00e9l iba pasando con luz verde cuando el auto menor lo choc\u00f3 de costado.<\/p>\n<p>La conductora del KIA, <strong>Yarisna Mellado Cruz<\/strong>, explic\u00f3 a nuestro medio que <em>\u00abyo ven\u00eda ac\u00e1 por la calle de Bomberos y estaba en rojo, a mi lado ven\u00eda una camioneta azul, esper\u00e9 que cambiara el sem\u00e1foro a verde, la camioneta avanz\u00f3 y yo me tir\u00e9 atr\u00e1s de la camioneta para doblar a Puente El Rey, y vengo, me voy tirando y ni siquiera vi el cami\u00f3n porque debi\u00f3 venir muy r\u00e1pido y me choc\u00f3; yo ven\u00eda como en el medio de la calle y me empuj\u00f3 toda, golpe\u00f3 mi auto en la parte delantera, me hizo girar y pegu\u00e9 contra el poste\u00bb,<\/em> dijo la joven Mellado.<\/p>\n<p>&nbsp;<\/p>\n<p><span style=\"color: #ff0000;\"><strong>HABLA CAMIONERO<\/strong><\/span><\/p>\n<p>Tambi\u00e9n <strong>Diario El Trabajo<\/strong> habl\u00f3 con el conductor del cami\u00f3n patente FX 9341, <strong><em>Galindo Torrej\u00f3n Le\u00f3n<\/em><\/strong>, quien nos coment\u00f3 que <em>\u00abyo ven\u00eda cruzando la alameda por Maip\u00fa cuando hab\u00eda una camioneta azul y yo la vi, estaba estacionada y cuando yo pas\u00e9 siento un \u2018pencazo\u2019, el auto apareci\u00f3 por el otro lado, no respet\u00f3 disco Pare la cabra ni el sem\u00e1foro ni nada<\/em>\u00bb, dijo Torrej\u00f3n.<\/p>\n<p>Carabineros en el lugar se hizo cargo de la escena, no se registraron heridos.<\/p>\n<p><strong>Roberto Gonz\u00e1lez Short<\/strong><\/p>\n<p>&nbsp;<\/p>\n<figure id=\"attachment_97319\" aria-describedby=\"caption-attachment-97319\" style=\"width: 580px\" class=\"wp-caption alignnone\"><img data-recalc-dims=\"1\" loading=\"lazy\" decoding=\"async\" class=\"size-full wp-image-97319\" src=\"https:\/\/i0.wp.com\/www.eltrabajo.cl\/portal\/wp-content\/uploads\/2020\/03\/Choque1.jpg?resize=580%2C360\" alt=\"CONDUCTORA ILESA.- As\u00ed termin\u00f3 el KIA tras la colisi\u00f3n con el cami\u00f3n de pasas, estrellado contra este poste de alumbrado p\u00fablico.\" width=\"580\" height=\"360\" srcset=\"https:\/\/i0.wp.com\/eltrabajo.cl\/portal\/wp-content\/uploads\/2020\/03\/Choque1.jpg?w=580&amp;ssl=1 580w, https:\/\/i0.wp.com\/eltrabajo.cl\/portal\/wp-content\/uploads\/2020\/03\/Choque1.jpg?resize=300%2C186&amp;ssl=1 300w, https:\/\/i0.wp.com\/eltrabajo.cl\/portal\/wp-content\/uploads\/2020\/03\/Choque1.jpg?resize=200%2C124&amp;ssl=1 200w, https:\/\/i0.wp.com\/eltrabajo.cl\/portal\/wp-content\/uploads\/2020\/03\/Choque1.jpg?resize=242%2C150&amp;ssl=1 242w, https:\/\/i0.wp.com\/eltrabajo.cl\/portal\/wp-content\/uploads\/2020\/03\/Choque1.jpg?resize=400%2C248&amp;ssl=1 400w\" sizes=\"auto, (max-width: 580px) 100vw, 580px\" \/><figcaption id=\"caption-attachment-97319\" class=\"wp-caption-text\">CONDUCTORA ILESA.- As\u00ed termin\u00f3 el KIA tras la colisi\u00f3n con el cami\u00f3n de pasas, estrellado contra este poste de alumbrado p\u00fablico.<\/figcaption><\/figure>\n<p>&nbsp;<\/p>\n<figure id=\"attachment_97320\" aria-describedby=\"caption-attachment-97320\" style=\"width: 580px\" class=\"wp-caption alignnone\"><img data-recalc-dims=\"1\" loading=\"lazy\" decoding=\"async\" class=\"size-full wp-image-97320\" src=\"https:\/\/i0.wp.com\/www.eltrabajo.cl\/portal\/wp-content\/uploads\/2020\/03\/Choque2.jpg?resize=580%2C359\" alt=\"DA\u00d1OS MATERIALES.- Los da\u00f1os materiales podr\u00edan estar cercanos a los $2 millones tomando en cuenta que es un autom\u00f3vil moderno.\" width=\"580\" height=\"359\" srcset=\"https:\/\/i0.wp.com\/eltrabajo.cl\/portal\/wp-content\/uploads\/2020\/03\/Choque2.jpg?w=580&amp;ssl=1 580w, https:\/\/i0.wp.com\/eltrabajo.cl\/portal\/wp-content\/uploads\/2020\/03\/Choque2.jpg?resize=300%2C186&amp;ssl=1 300w, https:\/\/i0.wp.com\/eltrabajo.cl\/portal\/wp-content\/uploads\/2020\/03\/Choque2.jpg?resize=200%2C124&amp;ssl=1 200w, https:\/\/i0.wp.com\/eltrabajo.cl\/portal\/wp-content\/uploads\/2020\/03\/Choque2.jpg?resize=242%2C150&amp;ssl=1 242w, https:\/\/i0.wp.com\/eltrabajo.cl\/portal\/wp-content\/uploads\/2020\/03\/Choque2.jpg?resize=400%2C248&amp;ssl=1 400w\" sizes=\"auto, (max-width: 580px) 100vw, 580px\" \/><figcaption id=\"caption-attachment-97320\" class=\"wp-caption-text\">DA\u00d1OS MATERIALES.- Los da\u00f1os materiales podr\u00edan estar cercanos a los $2 millones tomando en cuenta que es un autom\u00f3vil moderno.<\/figcaption><\/figure>\n<p>&nbsp;<\/p>\n<figure id=\"attachment_97322\" aria-describedby=\"caption-attachment-97322\" style=\"width: 580px\" class=\"wp-caption alignnone\"><img data-recalc-dims=\"1\" loading=\"lazy\" decoding=\"async\" class=\"size-full wp-image-97322\" src=\"https:\/\/i0.wp.com\/www.eltrabajo.cl\/portal\/wp-content\/uploads\/2020\/03\/Choque4.jpg?resize=580%2C360\" alt=\"SIN DA\u00d1OS.- Este es el cami\u00f3n cargado de pasas, no registra mayores da\u00f1os que la peque\u00f1a escala.\" width=\"580\" height=\"360\" srcset=\"https:\/\/i0.wp.com\/eltrabajo.cl\/portal\/wp-content\/uploads\/2020\/03\/Choque4.jpg?w=580&amp;ssl=1 580w, https:\/\/i0.wp.com\/eltrabajo.cl\/portal\/wp-content\/uploads\/2020\/03\/Choque4.jpg?resize=300%2C186&amp;ssl=1 300w, https:\/\/i0.wp.com\/eltrabajo.cl\/portal\/wp-content\/uploads\/2020\/03\/Choque4.jpg?resize=200%2C124&amp;ssl=1 200w, https:\/\/i0.wp.com\/eltrabajo.cl\/portal\/wp-content\/uploads\/2020\/03\/Choque4.jpg?resize=242%2C150&amp;ssl=1 242w, https:\/\/i0.wp.com\/eltrabajo.cl\/portal\/wp-content\/uploads\/2020\/03\/Choque4.jpg?resize=400%2C248&amp;ssl=1 400w\" sizes=\"auto, (max-width: 580px) 100vw, 580px\" \/><figcaption id=\"caption-attachment-97322\" class=\"wp-caption-text\">SIN DA\u00d1OS.- Este es el cami\u00f3n cargado de pasas, no registra mayores da\u00f1os que la peque\u00f1a escala.<\/figcaption><\/figure>\n<p>&nbsp;<\/p>\n<figure id=\"attachment_97321\" aria-describedby=\"caption-attachment-97321\" style=\"width: 580px\" class=\"wp-caption alignnone\"><img data-recalc-dims=\"1\" loading=\"lazy\" decoding=\"async\" class=\"size-full wp-image-97321\" src=\"https:\/\/i0.wp.com\/www.eltrabajo.cl\/portal\/wp-content\/uploads\/2020\/03\/Choque3.jpg?resize=580%2C800\" alt=\"DA\u00d1OS MENORES.- Al cami\u00f3n de la fruta s\u00f3lo se le desprendi\u00f3 la peque\u00f1a escala para subir el acompa\u00f1ante.\" width=\"580\" height=\"800\" srcset=\"https:\/\/i0.wp.com\/eltrabajo.cl\/portal\/wp-content\/uploads\/2020\/03\/Choque3.jpg?w=580&amp;ssl=1 580w, https:\/\/i0.wp.com\/eltrabajo.cl\/portal\/wp-content\/uploads\/2020\/03\/Choque3.jpg?resize=218%2C300&amp;ssl=1 218w, https:\/\/i0.wp.com\/eltrabajo.cl\/portal\/wp-content\/uploads\/2020\/03\/Choque3.jpg?resize=109%2C150&amp;ssl=1 109w, https:\/\/i0.wp.com\/eltrabajo.cl\/portal\/wp-content\/uploads\/2020\/03\/Choque3.jpg?resize=400%2C552&amp;ssl=1 400w\" sizes=\"auto, (max-width: 580px) 100vw, 580px\" \/><figcaption id=\"caption-attachment-97321\" class=\"wp-caption-text\">DA\u00d1OS MENORES.- Al cami\u00f3n de la fruta s\u00f3lo se le desprendi\u00f3 la peque\u00f1a escala para subir el acompa\u00f1ante.<\/figcaption><\/figure>\n<p>&nbsp;<\/p>\n<figure id=\"attachment_97323\" aria-describedby=\"caption-attachment-97323\" style=\"width: 580px\" class=\"wp-caption alignnone\"><img data-recalc-dims=\"1\" loading=\"lazy\" decoding=\"async\" class=\"size-full wp-image-97323\" src=\"https:\/\/i0.wp.com\/www.eltrabajo.cl\/portal\/wp-content\/uploads\/2020\/03\/Choque_Galindo-Torrejon.jpg?resize=580%2C598\" alt=\"Conductor del cami\u00f3n patente FX 9341, Galindo Torrej\u00f3n Le\u00f3n.\" width=\"580\" height=\"598\" srcset=\"https:\/\/i0.wp.com\/eltrabajo.cl\/portal\/wp-content\/uploads\/2020\/03\/Choque_Galindo-Torrejon.jpg?w=580&amp;ssl=1 580w, https:\/\/i0.wp.com\/eltrabajo.cl\/portal\/wp-content\/uploads\/2020\/03\/Choque_Galindo-Torrejon.jpg?resize=291%2C300&amp;ssl=1 291w, https:\/\/i0.wp.com\/eltrabajo.cl\/portal\/wp-content\/uploads\/2020\/03\/Choque_Galindo-Torrejon.jpg?resize=145%2C150&amp;ssl=1 145w, https:\/\/i0.wp.com\/eltrabajo.cl\/portal\/wp-content\/uploads\/2020\/03\/Choque_Galindo-Torrejon.jpg?resize=400%2C412&amp;ssl=1 400w\" sizes=\"auto, (max-width: 580px) 100vw, 580px\" \/><figcaption id=\"caption-attachment-97323\" class=\"wp-caption-text\">Conductor del cami\u00f3n patente FX 9341, Galindo Torrej\u00f3n Le\u00f3n.<\/figcaption><\/figure>\n<p>&nbsp;<\/p>\n<figure id=\"attachment_97324\" aria-describedby=\"caption-attachment-97324\" style=\"width: 579px\" class=\"wp-caption alignnone\"><img data-recalc-dims=\"1\" loading=\"lazy\" decoding=\"async\" class=\"size-full wp-image-97324\" src=\"https:\/\/i0.wp.com\/www.eltrabajo.cl\/portal\/wp-content\/uploads\/2020\/03\/Choque_Yarisna-Mellado.jpg?resize=579%2C600\" alt=\"Yarisna Mellado Cruz, conductora del KIA.\" width=\"579\" height=\"600\" srcset=\"https:\/\/i0.wp.com\/eltrabajo.cl\/portal\/wp-content\/uploads\/2020\/03\/Choque_Yarisna-Mellado.jpg?w=579&amp;ssl=1 579w, https:\/\/i0.wp.com\/eltrabajo.cl\/portal\/wp-content\/uploads\/2020\/03\/Choque_Yarisna-Mellado.jpg?resize=290%2C300&amp;ssl=1 290w, https:\/\/i0.wp.com\/eltrabajo.cl\/portal\/wp-content\/uploads\/2020\/03\/Choque_Yarisna-Mellado.jpg?resize=145%2C150&amp;ssl=1 145w, https:\/\/i0.wp.com\/eltrabajo.cl\/portal\/wp-content\/uploads\/2020\/03\/Choque_Yarisna-Mellado.jpg?resize=400%2C415&amp;ssl=1 400w\" sizes=\"auto, (max-width: 579px) 100vw, 579px\" \/><figcaption id=\"caption-attachment-97324\" class=\"wp-caption-text\">Yarisna Mellado Cruz, conductora del KIA.<\/figcaption><\/figure>\n","protected":false},"excerpt":{"rendered":"<p>Choque ocurri\u00f3 en esquina de Maip\u00fa con O\u2019Higgins: Siguen ocurriendo aparatosos accidentes vehiculares en la ciudad de San Felipe, en esta oportunidad se trat\u00f3 de una fuerte colisi\u00f3n entre un auto liviano&#8230;<\/p>\n","protected":false},"author":482,"featured_media":97319,"comment_status":"open","ping_status":"open","sticky":false,"template":"","format":"standard","meta":{"advanced_seo_description":"","jetpack_seo_html_title":"","jetpack_seo_noindex":false,"_jetpack_memberships_contains_paid_content":false,"footnotes":""},"categories":[21],"tags":[],"class_list":["post-97318","post","type-post","status-publish","format-standard","has-post-thumbnail","hentry","category-policial"],"jetpack_featured_media_url":"https:\/\/i0.wp.com\/eltrabajo.cl\/portal\/wp-content\/uploads\/2020\/03\/Choque1.jpg?fit=580%2C360&ssl=1","jetpack_sharing_enabled":true,"jetpack_likes_enabled":true,"jetpack-related-posts":[],"_links":{"self":[{"href":"https:\/\/eltrabajo.cl\/portal\/wp-json\/wp\/v2\/posts\/97318","targetHints":{"allow":["GET"]}}],"collection":[{"href":"https:\/\/eltrabajo.cl\/portal\/wp-json\/wp\/v2\/posts"}],"about":[{"href":"https:\/\/eltrabajo.cl\/portal\/wp-json\/wp\/v2\/types\/post"}],"author":[{"embeddable":true,"href":"https:\/\/eltrabajo.cl\/portal\/wp-json\/wp\/v2\/users\/482"}],"replies":[{"embeddable":true,"href":"https:\/\/eltrabajo.cl\/portal\/wp-json\/wp\/v2\/comments?post=97318"}],"version-history":[{"count":0,"href":"https:\/\/eltrabajo.cl\/portal\/wp-json\/wp\/v2\/posts\/97318\/revisions"}],"wp:featuredmedia":[{"embeddable":true,"href":"https:\/\/eltrabajo.cl\/portal\/wp-json\/wp\/v2\/media\/97319"}],"wp:attachment":[{"href":"https:\/\/eltrabajo.cl\/portal\/wp-json\/wp\/v2\/media?parent=97318"}],"wp:term":[{"taxonomy":"category","embeddable":true,"href":"https:\/\/eltrabajo.cl\/portal\/wp-json\/wp\/v2\/categories?post=97318"},{"taxonomy":"post_tag","embeddable":true,"href":"https:\/\/eltrabajo.cl\/portal\/wp-json\/wp\/v2\/tags?post=97318"}],"curies":[{"name":"wp","href":"https:\/\/api.w.org\/{rel}","templated":true}]}}