{"id":97326,"date":"2020-03-06T05:06:15","date_gmt":"2020-03-06T08:06:15","guid":{"rendered":"http:\/\/www.eltrabajo.cl\/portal\/?p=97326"},"modified":"2020-03-05T21:25:35","modified_gmt":"2020-03-06T00:25:35","slug":"familiares-reclaman-que-se-no-se-hizo-el-protocolo-de-minnesota","status":"publish","type":"post","link":"https:\/\/eltrabajo.cl\/portal\/familiares-reclaman-que-se-no-se-hizo-el-protocolo-de-minnesota\/","title":{"rendered":"Familiares reclaman que se no se hizo el \u2018Protocolo de Minnesota\u2019"},"content":{"rendered":"<p><span style=\"color: #ff0000;\"><strong>Muerte en el Peaje Las Vegas:<\/strong><\/span><\/p>\n<p>Muy frustrada, desilusionada, molesta, enojada y con muchas dudas sobre la muerte de <strong>Danilo C\u00e1rdenas Gonz\u00e1lez<\/strong>, se encontraba su familia ayer al momento de retirar su cuerpo desde el Servicio M\u00e9dico Legal de San Felipe.<\/p>\n<p>Todo esto porque pese a que el fiscal ordenara la realizaci\u00f3n del \u2018Protocolo Minessota\u2019, \u00e9ste no se hizo. Este protocolo se hace antes que el m\u00e9dico legista realice la autopsia correspondiente para saber las causas de la muerte. Es como un scanner que se hace al cuerpo. Eso no se hizo. Algo que siembra tremendas dudas sobre las causas reales de la muerte de Danilo.<\/p>\n<p>En conversaci\u00f3n con nuestro medio, <strong>Juan C\u00e1rdenas Gonz\u00e1lez<\/strong> reconoci\u00f3 esta situaci\u00f3n: <em>\u00abLo que pasa es que el fiscal ayer orden\u00f3 hacerle el examen de Minnesota a mi hermano antes de que le hicieran la autopsia, la orden se envi\u00f3 antes que se le hiciera la autopsia. Ahora nos dijeron que lo iban a llevar a Valpara\u00edso,\u00a0 hacerle ese examen (Minnesota), despu\u00e9s salen que no se pudo,\u00a0 que iba a hacer hoy en la ma\u00f1ana (ayer). Ahora nos enteramos que a mi hermano ya le hicieron la autopsia, siendo que esa orden de examen ya se hab\u00eda dado antes que a \u00e9l se realizara la autopsia. As\u00ed es que ahora, como ese examen es un esc\u00e1ner, no se puede hacer despu\u00e9s que le realizaron la autopsia, y eso es lo raro, que el Servicio M\u00e9dico Legal lo haya hecho ya teniendo la orden que se deb\u00eda hacer primero ese examen, porque mi hermano muri\u00f3 en custodia de Carabineros\u00bb.<\/em><\/p>\n<p>&#8211; <strong>\u00bfSi se pide ese examen por parte de la fiscal\u00eda, viene a confirmar lo que ustedes est\u00e1n diciendo, que su hermano muri\u00f3 al interior del cuartel de la Subcomisar\u00eda de Llay Llay, porque de lo contrario no se habr\u00eda solicitado eso?<\/strong><\/p>\n<p>&#8211; S\u00ed, efectivamente por eso se pidi\u00f3, porque hay testigos, como dije ayer, que lleg\u00f3 vivo a la comisar\u00eda, esposado, estuvo de 15 a 20 minutos. Uno no cuenta los minutos en ese momento cuando pasan esas cosas, pero seg\u00fan los testigos, ese fue el tiempo que pas\u00f3 y cuando mi hermano ya estaba en paro lo trasladaron a seis pasos de la comisaria que quedaba del hospital. Ah\u00ed en el suelo del hospital le hacen reanimaci\u00f3n,\u00a0 despu\u00e9s lo suben a la camilla y lo entran tratando de reanimar por 45 minutos. Nunca pudo recuperar los signos vitales porque cuando recibi\u00f3 el balazo, a \u00e9l se le empezaron a llenar los pulmones de sangre y de l\u00edquido, cuando lo tuvieron m\u00e1s de media hora entre que lo trajeron del peaje, y desde que ocurri\u00f3 los disparos hasta que lleg\u00f3 al hospital pas\u00f3 una hora, ah\u00ed podr\u00edan haberlo salvado, haberle drenado los pulmones, haberle sacado toda la sangre, podr\u00eda haber vuelto a respirar, pero como ellos lo dejaron morir, lleg\u00f3 sin signos vitales, no hab\u00eda nada que hacer.<\/p>\n<p>&#8211; <strong>\u00bfEn qu\u00e9 consiste ese examen Minnesota?<\/strong><\/p>\n<p>&#8211; Es un scanner al cuerpo antes de hacer la autopsia, para ver, es algo visual donde se ven todos los golpes y apremios que haya sufrido el cuerpo, si ten\u00eda signos de tortura, porque si se hace despu\u00e9s de la autopsia, el cuerpo ya est\u00e1 intervenido y no sirve de nada.<\/p>\n<p>&#8211; <strong>\u00bfEse protocolo Minnesota, lo orden\u00f3 el fiscal?<\/strong><\/p>\n<p>&#8211; Lo orden\u00f3 el fiscal antes de que le hicieran la autopsia.<\/p>\n<p>&#8211; <strong>\u00bfUstedes estaban presentes cuando lo orden\u00f3 o se lo comunic\u00f3 a ustedes?<\/strong><\/p>\n<p>&#8211; Nos inform\u00f3 la abogada de Derechos Humanos y todav\u00eda no se le hab\u00eda hecho la autopsia a mi hermano, as\u00ed es que ellos lo hicieron a prop\u00f3sito por lo que pensamos nosotros, para no poder hacerle el examen protocolo de Minnesota.<\/p>\n<p>Reconoci\u00f3 que ahora ya no se puede hacer nada porque se efectu\u00f3 la autopsia a Danilo C\u00e1rdenas Gonz\u00e1lez.<\/p>\n<p>Se\u00f1alar que hasta ayer a las 11:30 horas, todav\u00eda no ten\u00edan en sus manos el informe de autopsia; <em>\u00abahora estamos viendo porque se est\u00e1n tirando la pelota desde Valpara\u00edso y ac\u00e1, al final era porque ya hab\u00edan hecho la autopsia y ya no se pod\u00eda hacer ese examen\u00bb,<\/em> se\u00f1al\u00f3 Juan C\u00e1rdenas, hermano del occiso.<\/p>\n<p>&#8211; <strong>\u00bfSe pierde evidencia con esto?<\/strong><\/p>\n<p>&#8211; S\u00ed, porque era un examen visual de apremio ileg\u00edtimo y de tortura, que es lo m\u00e1s seguro que le hicieron en la comisar\u00eda.<\/p>\n<p>&#8211; <strong>\u00bfAhora est\u00e1n esperando retirar el cuerpo?<\/strong><\/p>\n<p>&#8211; El cuerpo est\u00e1 disponible para retirar, pero estamos viendo las \u00faltimas conversaciones con los abogado, qu\u00e9 nos dicen, y lo m\u00e1s seguro es que lo llevemos ya que gracias a lo que hicieron ac\u00e1, el SML, ese examen definitivamente no se puede hacer despu\u00e9s de una autopsia, eso es definitivo<\/p>\n<p>&nbsp;<\/p>\n<p><span style=\"color: #ff0000;\"><strong>ASEGURAN QUE NO TEN\u00cdA ANTECEDENTES POLICIALES<\/strong><\/span><\/p>\n<p>Por su parte <strong>Daniela Maureira<\/strong>, cu\u00f1ada del fallecido, estaba muy enojada con Carabineros, especialmente con el prefecto <strong>Jorge Chaban<\/strong>, porque \u00e9ste dijo a los medios que Danilo C\u00e1rdenas Gonz\u00e1lez ten\u00eda antecedentes penales, algo que seg\u00fan la cu\u00f1ada no es as\u00ed: <em>\u00abCarabineros dijo que ten\u00eda antecedentes penales , por favor que muestre la hoja de antecedentes, nosotros la tenemos y \u00e9l no tiene antecedentes policiales, entonces para nosotros es s\u00faper importante que se aclare eso porque en los noticieros, en los diarios, en todas partes ha salido que \u00e9l era un delincuente que se enfrent\u00f3 con Carabineros, que estaba armado, que ten\u00eda licor en el auto, y todas esas cosas son mentiras, que quede claro eso\u00bb,<\/em> indic\u00f3.<\/p>\n<p>Por su parte la madre de Danilo s\u00f3lo pide justicia y que se aclare como corresponde el caso.<\/p>\n<p>&nbsp;<\/p>\n<p><span style=\"color: #ff0000;\"><strong>PDI INVESTIGA CASO DE HOMICIDIO<\/strong><\/span><\/p>\n<p>Cabe se\u00f1alar que la PDI, a trav\u00e9s del jefe subrogante de la BH de Los Andes, dijo que el caso se est\u00e1 investigando como Homicidio, donde ya han tomado declaraciones a los carabineros involucrados, uno como imputado y el otro como testigo: <em>\u00abUn veh\u00edculo particular choc\u00f3 en contra de un radio patrullas de Carabineros; esta persona mantendr\u00eda dos impactos de balas en su cuerpo. Por instrucci\u00f3n del fiscal se tom\u00f3 declaraci\u00f3n a los dos funcionarios de Carabineros que se encontraban en el m\u00f3vil; uno en calidad de testigo y el otro en calidad de imputado\u00bb,<\/em> indic\u00f3.<\/p>\n<p>El Protocolo de\u00a0 Minnesota\u00a0o Protocolo modelo para la investigaci\u00f3n legal de ejecuciones extralegales, arbitrarias y sumarias, es un procedimiento modelo recomendado por el Alto Comisionado de las Naciones Unidas para los Derechos Humanos, para investigar cr\u00edmenes de lesa humanidad en los que se hubieran cometido ejecuciones ilegales.<\/p>\n<p>&nbsp;<\/p>\n<figure id=\"attachment_97327\" aria-describedby=\"caption-attachment-97327\" style=\"width: 580px\" class=\"wp-caption alignnone\"><img data-recalc-dims=\"1\" loading=\"lazy\" decoding=\"async\" class=\"size-full wp-image-97327\" src=\"https:\/\/i0.wp.com\/www.eltrabajo.cl\/portal\/wp-content\/uploads\/2020\/03\/Familiares-danilo-cardenas1.jpg?resize=580%2C359\" alt=\"Familiares del occiso Danilo C\u00e1rdenas Gonz\u00e1lez, esperaban ayer al mediod\u00eda, a la salida del Servicio M\u00e9dico Legal, la entrega del cuerpo para los ritos funerarios.\" width=\"580\" height=\"359\" srcset=\"https:\/\/i0.wp.com\/eltrabajo.cl\/portal\/wp-content\/uploads\/2020\/03\/Familiares-danilo-cardenas1.jpg?w=580&amp;ssl=1 580w, https:\/\/i0.wp.com\/eltrabajo.cl\/portal\/wp-content\/uploads\/2020\/03\/Familiares-danilo-cardenas1.jpg?resize=300%2C186&amp;ssl=1 300w, https:\/\/i0.wp.com\/eltrabajo.cl\/portal\/wp-content\/uploads\/2020\/03\/Familiares-danilo-cardenas1.jpg?resize=200%2C124&amp;ssl=1 200w, https:\/\/i0.wp.com\/eltrabajo.cl\/portal\/wp-content\/uploads\/2020\/03\/Familiares-danilo-cardenas1.jpg?resize=242%2C150&amp;ssl=1 242w, https:\/\/i0.wp.com\/eltrabajo.cl\/portal\/wp-content\/uploads\/2020\/03\/Familiares-danilo-cardenas1.jpg?resize=400%2C248&amp;ssl=1 400w\" sizes=\"auto, (max-width: 580px) 100vw, 580px\" \/><figcaption id=\"caption-attachment-97327\" class=\"wp-caption-text\">Familiares del occiso Danilo C\u00e1rdenas Gonz\u00e1lez, esperaban ayer al mediod\u00eda, a la salida del Servicio M\u00e9dico Legal, la entrega del cuerpo para los ritos funerarios.<\/figcaption><\/figure>\n","protected":false},"excerpt":{"rendered":"<p>Muerte en el Peaje Las Vegas: Muy frustrada, desilusionada, molesta, enojada y con muchas dudas sobre la muerte de Danilo C\u00e1rdenas Gonz\u00e1lez, se encontraba su familia ayer al momento de retirar su&#8230;<\/p>\n","protected":false},"author":482,"featured_media":97327,"comment_status":"open","ping_status":"open","sticky":false,"template":"","format":"standard","meta":{"advanced_seo_description":"","jetpack_seo_html_title":"","jetpack_seo_noindex":false,"_jetpack_memberships_contains_paid_content":false,"footnotes":""},"categories":[15],"tags":[],"class_list":["post-97326","post","type-post","status-publish","format-standard","has-post-thumbnail","hentry","category-comunidad"],"jetpack_featured_media_url":"https:\/\/i0.wp.com\/eltrabajo.cl\/portal\/wp-content\/uploads\/2020\/03\/Familiares-danilo-cardenas1.jpg?fit=580%2C359&ssl=1","jetpack_sharing_enabled":true,"jetpack_likes_enabled":true,"jetpack-related-posts":[],"_links":{"self":[{"href":"https:\/\/eltrabajo.cl\/portal\/wp-json\/wp\/v2\/posts\/97326","targetHints":{"allow":["GET"]}}],"collection":[{"href":"https:\/\/eltrabajo.cl\/portal\/wp-json\/wp\/v2\/posts"}],"about":[{"href":"https:\/\/eltrabajo.cl\/portal\/wp-json\/wp\/v2\/types\/post"}],"author":[{"embeddable":true,"href":"https:\/\/eltrabajo.cl\/portal\/wp-json\/wp\/v2\/users\/482"}],"replies":[{"embeddable":true,"href":"https:\/\/eltrabajo.cl\/portal\/wp-json\/wp\/v2\/comments?post=97326"}],"version-history":[{"count":0,"href":"https:\/\/eltrabajo.cl\/portal\/wp-json\/wp\/v2\/posts\/97326\/revisions"}],"wp:featuredmedia":[{"embeddable":true,"href":"https:\/\/eltrabajo.cl\/portal\/wp-json\/wp\/v2\/media\/97327"}],"wp:attachment":[{"href":"https:\/\/eltrabajo.cl\/portal\/wp-json\/wp\/v2\/media?parent=97326"}],"wp:term":[{"taxonomy":"category","embeddable":true,"href":"https:\/\/eltrabajo.cl\/portal\/wp-json\/wp\/v2\/categories?post=97326"},{"taxonomy":"post_tag","embeddable":true,"href":"https:\/\/eltrabajo.cl\/portal\/wp-json\/wp\/v2\/tags?post=97326"}],"curies":[{"name":"wp","href":"https:\/\/api.w.org\/{rel}","templated":true}]}}