{"id":97339,"date":"2020-03-09T05:04:34","date_gmt":"2020-03-09T08:04:34","guid":{"rendered":"http:\/\/www.eltrabajo.cl\/portal\/?p=97339"},"modified":"2020-03-08T21:05:43","modified_gmt":"2020-03-09T00:05:43","slug":"corte-de-apelaciones-libero-a-imputado-por-homicidio-de-martin-benitez","status":"publish","type":"post","link":"https:\/\/eltrabajo.cl\/portal\/corte-de-apelaciones-libero-a-imputado-por-homicidio-de-martin-benitez\/","title":{"rendered":"Corte de Apelaciones liber\u00f3 a imputado por homicidio de Mart\u00edn Ben\u00edtez"},"content":{"rendered":"<p><span style=\"color: #ff0000;\"><strong>Qued\u00f3 con Arraigo Nacional, entre otras medidas:<\/strong><\/span><\/p>\n<p>La Corte de Apelaciones de Valpara\u00edso revoc\u00f3 la medida de Internaci\u00f3n Provisoria que hab\u00eda contra el menor de <strong>J.I.C. P.<\/strong>, dej\u00e1ndolo con medidas cautelares entre ellas Arraigo Nacional. El menor se encuentra acusado de ser el presunto responsable de la muerte de <strong><em>Mart\u00edn Ben\u00edtez Montano<\/em><\/strong>, ocurrido a comienzos de diciembre del a\u00f1o pasado en una fiesta en el sector de Punta El Olivo comuna de San Felipe.<\/p>\n<p>La informaci\u00f3n fue entregada por la fiscal a cargo de la revisi\u00f3n de la medida, <strong><em>Paula Hott<\/em><\/strong>, quien en conversaci\u00f3n con nuestro medio indic\u00f3 que \u00ab<em>s\u00ed, efectivamente en principio cuando este chico pas\u00f3 a control de detenci\u00f3n y fue formalizado por el delito de Homicidio, la fiscal\u00eda solicit\u00f3 la Internaci\u00f3n Provisoria de \u00e9l y en esa oportunidad el Juez de Garant\u00eda no la concedi\u00f3, y la fiscal\u00eda apel\u00f3 de esta resoluci\u00f3n y la Corte de Apelaciones la revoc\u00f3, y finalmente decidi\u00f3 que el joven deb\u00eda ir a Internaci\u00f3n Provisoria, estuvo durante unos meses ah\u00ed, el defensor de \u00e9l solicit\u00f3 nuevamente la revisi\u00f3n de esta medida cautelar y el Juzgado de Garant\u00eda finalmente la revoca lo dej\u00f3 con cautelares simples entre ellas con Arraigo Nacional, en este caso como fiscal apel\u00e9 de esta resoluci\u00f3n para que la Corte nuevamente decrete la Internaci\u00f3n Provisoria, sin embargo la Corte de Apelaciones confirm\u00f3 la resoluci\u00f3n del Juez de Garant\u00eda de San Felipe y actualmente el menor se encuentra con cautelares simples y ya no est\u00e1 en Internaci\u00f3n Provisoria<\/em>\u00bb, dijo Hott.<\/p>\n<p>&#8211; <strong>\u00bfCu\u00e1les son los argumentos que se tomaron en cuenta para adoptar esta resoluci\u00f3n?<\/strong><\/p>\n<p>&#8211; El defensor lo que aport\u00f3 fueron antecedentes, m\u00e1s que nada informes sociales del menor en donde se indica que actualmente no representa un peligro para la sociedad, con esos antecedentes se solicit\u00f3 la revocaci\u00f3n de la medida cautelar y fue lo que la corte confirm\u00f3.<\/p>\n<p>&#8211; <strong>\u00bfEn qu\u00e9 va la investigaci\u00f3n?<\/strong><\/p>\n<p>&#8211; La investigaci\u00f3n se encuentra vigente, el fiscal titular tiene algunas diligencias pendientes y terminadas esas, ya deber\u00eda procederse a la acusaci\u00f3n.<\/p>\n<p>&nbsp;<\/p>\n<p><span style=\"color: #ff0000;\"><strong>AS\u00cd FALLECI\u00d3<\/strong><\/span><\/p>\n<p>Se\u00f1alar que los hechos se habr\u00edan producido en medio de una fiesta donde ambos adolescentes se encontraban compartiendo en Calle Vieja s\/n del sector Punta El Olivo de San Felipe. Seg\u00fan inform\u00f3 Carabineros, los menores de edad habr\u00edan sostenido una discusi\u00f3n por motivos que se desconocen, desencadenando que el adolescente de 14 a\u00f1os extrajera de sus vestimentas un cuchillo, agrediendo a Mart\u00edn Ben\u00edtez Montano.<\/p>\n<p>Acto seguido la v\u00edctima de 15 a\u00f1os de edad fue derivado hasta el Servicio de Urgencias del Hospital San Camilo a eso de las 01:30 horas de ese domingo, siendo atendido por el m\u00e9dico de turno para lograr estabilizar las lesiones sufridas. Sin embargo, habr\u00eda trascurrido 15 minutos cuando el personal m\u00e9dico de dicho hospital anunci\u00f3 el lamentable fallecimiento del adolescente producto de las graves lesiones sufridas con el arma blanca.<\/p>\n<p>Cabe recordar que tiempo atr\u00e1s la familia del joven fallecido interpuso una querella por este caso.<\/p>\n<p>&nbsp;<\/p>\n<figure id=\"attachment_97340\" aria-describedby=\"caption-attachment-97340\" style=\"width: 580px\" class=\"wp-caption alignnone\"><img data-recalc-dims=\"1\" loading=\"lazy\" decoding=\"async\" class=\"size-full wp-image-97340\" src=\"https:\/\/i0.wp.com\/www.eltrabajo.cl\/portal\/wp-content\/uploads\/2020\/03\/Fiscal-Paula-Hutt-L%C3%B3pez..jpg?resize=580%2C358\" alt=\"Paula Hott, fiscal a cargo de la audiencia de revisi\u00f3n de medida cautelar.\" width=\"580\" height=\"358\" srcset=\"https:\/\/i0.wp.com\/eltrabajo.cl\/portal\/wp-content\/uploads\/2020\/03\/Fiscal-Paula-Hutt-L%C3%B3pez..jpg?w=580&amp;ssl=1 580w, https:\/\/i0.wp.com\/eltrabajo.cl\/portal\/wp-content\/uploads\/2020\/03\/Fiscal-Paula-Hutt-L%C3%B3pez..jpg?resize=300%2C185&amp;ssl=1 300w, https:\/\/i0.wp.com\/eltrabajo.cl\/portal\/wp-content\/uploads\/2020\/03\/Fiscal-Paula-Hutt-L%C3%B3pez..jpg?resize=200%2C123&amp;ssl=1 200w, https:\/\/i0.wp.com\/eltrabajo.cl\/portal\/wp-content\/uploads\/2020\/03\/Fiscal-Paula-Hutt-L%C3%B3pez..jpg?resize=243%2C150&amp;ssl=1 243w, https:\/\/i0.wp.com\/eltrabajo.cl\/portal\/wp-content\/uploads\/2020\/03\/Fiscal-Paula-Hutt-L%C3%B3pez..jpg?resize=400%2C247&amp;ssl=1 400w\" sizes=\"auto, (max-width: 580px) 100vw, 580px\" \/><figcaption id=\"caption-attachment-97340\" class=\"wp-caption-text\">Paula Hott, fiscal a cargo de la audiencia de revisi\u00f3n de medida cautelar.<\/figcaption><\/figure>\n","protected":false},"excerpt":{"rendered":"<p>Qued\u00f3 con Arraigo Nacional, entre otras medidas: La Corte de Apelaciones de Valpara\u00edso revoc\u00f3 la medida de Internaci\u00f3n Provisoria que hab\u00eda contra el menor de J.I.C. P., dej\u00e1ndolo con medidas cautelares entre&#8230;<\/p>\n","protected":false},"author":482,"featured_media":97340,"comment_status":"open","ping_status":"open","sticky":false,"template":"","format":"standard","meta":{"advanced_seo_description":"","jetpack_seo_html_title":"","jetpack_seo_noindex":false,"_jetpack_memberships_contains_paid_content":false,"footnotes":""},"categories":[97],"tags":[],"class_list":["post-97339","post","type-post","status-publish","format-standard","has-post-thumbnail","hentry","category-tribunales"],"jetpack_featured_media_url":"https:\/\/i0.wp.com\/eltrabajo.cl\/portal\/wp-content\/uploads\/2020\/03\/Fiscal-Paula-Hutt-L%C3%B3pez..jpg?fit=580%2C358&ssl=1","jetpack_sharing_enabled":true,"jetpack_likes_enabled":true,"jetpack-related-posts":[],"_links":{"self":[{"href":"https:\/\/eltrabajo.cl\/portal\/wp-json\/wp\/v2\/posts\/97339","targetHints":{"allow":["GET"]}}],"collection":[{"href":"https:\/\/eltrabajo.cl\/portal\/wp-json\/wp\/v2\/posts"}],"about":[{"href":"https:\/\/eltrabajo.cl\/portal\/wp-json\/wp\/v2\/types\/post"}],"author":[{"embeddable":true,"href":"https:\/\/eltrabajo.cl\/portal\/wp-json\/wp\/v2\/users\/482"}],"replies":[{"embeddable":true,"href":"https:\/\/eltrabajo.cl\/portal\/wp-json\/wp\/v2\/comments?post=97339"}],"version-history":[{"count":0,"href":"https:\/\/eltrabajo.cl\/portal\/wp-json\/wp\/v2\/posts\/97339\/revisions"}],"wp:featuredmedia":[{"embeddable":true,"href":"https:\/\/eltrabajo.cl\/portal\/wp-json\/wp\/v2\/media\/97340"}],"wp:attachment":[{"href":"https:\/\/eltrabajo.cl\/portal\/wp-json\/wp\/v2\/media?parent=97339"}],"wp:term":[{"taxonomy":"category","embeddable":true,"href":"https:\/\/eltrabajo.cl\/portal\/wp-json\/wp\/v2\/categories?post=97339"},{"taxonomy":"post_tag","embeddable":true,"href":"https:\/\/eltrabajo.cl\/portal\/wp-json\/wp\/v2\/tags?post=97339"}],"curies":[{"name":"wp","href":"https:\/\/api.w.org\/{rel}","templated":true}]}}